{"id":14033,"date":"2023-07-03T14:57:10","date_gmt":"2023-07-03T17:57:10","guid":{"rendered":"https:\/\/imais.online\/portal\/?p=14033"},"modified":"2023-07-03T14:57:13","modified_gmt":"2023-07-03T17:57:13","slug":"escaldante-mais-de-100-pessoas-morrem-no-mexico-com-temperaturas-que-chegam-a-quase-50c","status":"publish","type":"post","link":"https:\/\/imais.online\/portal\/escaldante-mais-de-100-pessoas-morrem-no-mexico-com-temperaturas-que-chegam-a-quase-50c\/","title":{"rendered":"\u2018Escaldante\u2019: mais de 100 pessoas morrem no M\u00e9xico com temperaturas que chegam a quase 50\u00b0C"},"content":{"rendered":"<div class=\"imais-before-content-placement\" id=\"imais-2833534468\"><script async src=\"\/\/pagead2.googlesyndication.com\/pagead\/js\/adsbygoogle.js?client=ca-pub-8787528412751566\" crossorigin=\"anonymous\"><\/script><ins class=\"adsbygoogle\" style=\"display:block;\" data-ad-client=\"ca-pub-8787528412751566\" \ndata-ad-slot=\"\" \ndata-ad-format=\"auto\"><\/ins>\n<script> \n(adsbygoogle = window.adsbygoogle || []).push({}); \n<\/script>\n<\/div>\n<h2 class=\"wp-block-heading\">M\u00e9xico registrou 104 mortes no m\u00eas de junho, todas relacionadas \u00e0 onda de calor, segundo relat\u00f3rio que o Minist\u00e9rio da Sa\u00fade do pa\u00eds<\/h2>\n\n\n\n<p>Os\u00a0fen\u00f4menos clim\u00e1ticos n\u00e3o param de acumular\u00a0v\u00edtimas ao redor do mundo. Na \u00faltima semana o\u00a0Minist\u00e9rio da Sa\u00fade do\u00a0M\u00e9xico divulgou que 104 pessoas morreram devido \u00e0 onda de calor que chegou a 49\u00b0C no pa\u00eds.<\/p>\n\n\n\n<p>A pasta j\u00e1 havia reportado outras oito mortes de 14 de abril a 31 de maio, somando 112 v\u00edtimas, entre 1.559 casos de mal s\u00fabito registrados desde o in\u00edcio da temporada quente em 19 de mar\u00e7o.<\/p>\n\n\n\n<p>O Minist\u00e9rio explicou que o maior n\u00famero de mortes est\u00e1 em Nuevo Le\u00f3n, com 64 mortes, seguido pela vizinha Tamaulipas, com 19, Veracruz, com 15, Tabasco, com cinco, Oaxaca, com quatro, Quintana Roo, com dois, Sonora, tamb\u00e9m com dois e Campeche, com uma morte.<\/p>\n\n\n\n<p>\u201cA temperatura m\u00e1xima foi registrada em Aconchi, Sonora, com 49\u00baC, indicou o Minist\u00e9rio da Sa\u00fade. As temperaturas m\u00e1ximas no M\u00e9xico durante o ver\u00e3o flutuam entre 30\u00baC e 45\u00baC\u201d, descreve o relat\u00f3rio.<\/p>\n\n\n\n<p>Na grande maioria das vezes, as mortes s\u00e3o causadas por insola\u00e7\u00e3o. A segunda causa mais recorrente \u00e9 a desidrata\u00e7\u00e3o, destaca o balan\u00e7o.<\/p>\n\n\n\n<p>Cientistas e pesquisadores da Universidade Nacional Aut\u00f4noma do M\u00e9xico divulgaram no in\u00edcio de junho que uma quarta onda de calor poderia atingir o pa\u00eds j\u00e1 em julho.<\/p>\n\n\n\n<h2 class=\"wp-block-heading\">Super El Ni\u00f1o<\/h2>\n\n\n\n<p>O calor extremo, de acordo com as autoridades, \u00e9 causado pelo El Ni\u00f1o. Intitulado at\u00e9 como \u201cSuper El Ni\u00f1o\u201d pelo\u00a0\u00a0Bureau de Meteorologia da Austr\u00e1lia, o fen\u00f4meno j\u00e1 causou estragos na costa do Pac\u00edfico mexicano com a morte de centenas de aves por falta de alimento.<\/p>\n\n\n\n<p>O pa\u00eds destaca que a superf\u00edcie do oceano Pac\u00edfico equatorial est\u00e1 mais quente o que faz com que os peixes estejam em maior profundidade e que as aves n\u00e3o possam ca\u00e7\u00e1-los, causando a morte dos animais.<\/p>\n\n\n\n<p>Fonte ND+<\/p>\n","protected":false},"excerpt":{"rendered":"<p>M\u00e9xico registrou 104 mortes no m\u00eas de junho, todas relacionadas \u00e0 onda de calor, segundo relat\u00f3rio que o Minist\u00e9rio da Sa\u00fade do pa\u00eds Os\u00a0fen\u00f4menos clim\u00e1ticos n\u00e3o param de acumular\u00a0v\u00edtimas ao redor do mundo. Na \u00faltima semana o\u00a0Minist\u00e9rio da Sa\u00fade do\u00a0M\u00e9xico divulgou que 104 pessoas morreram devido \u00e0 onda de calor que chegou a 49\u00b0C no [&hellip;]<\/p>\n","protected":false},"author":8,"featured_media":14034,"comment_status":"closed","ping_status":"open","sticky":false,"template":"","format":"standard","meta":{"rop_custom_images_group":[],"rop_custom_messages_group":[],"rop_publish_now":"initial","rop_publish_now_accounts":[],"rop_publish_now_history":[],"rop_publish_now_status":"pending","footnotes":""},"categories":[212],"tags":[73],"class_list":["post-14033","post","type-post","status-publish","format-standard","has-post-thumbnail","hentry","category-internacional","tag-featured"],"amp_enabled":true,"_links":{"self":[{"href":"https:\/\/imais.online\/portal\/wp-json\/wp\/v2\/posts\/14033","targetHints":{"allow":["GET"]}}],"collection":[{"href":"https:\/\/imais.online\/portal\/wp-json\/wp\/v2\/posts"}],"about":[{"href":"https:\/\/imais.online\/portal\/wp-json\/wp\/v2\/types\/post"}],"author":[{"embeddable":true,"href":"https:\/\/imais.online\/portal\/wp-json\/wp\/v2\/users\/8"}],"replies":[{"embeddable":true,"href":"https:\/\/imais.online\/portal\/wp-json\/wp\/v2\/comments?post=14033"}],"version-history":[{"count":1,"href":"https:\/\/imais.online\/portal\/wp-json\/wp\/v2\/posts\/14033\/revisions"}],"predecessor-version":[{"id":14035,"href":"https:\/\/imais.online\/portal\/wp-json\/wp\/v2\/posts\/14033\/revisions\/14035"}],"wp:featuredmedia":[{"embeddable":true,"href":"https:\/\/imais.online\/portal\/wp-json\/wp\/v2\/media\/14034"}],"wp:attachment":[{"href":"https:\/\/imais.online\/portal\/wp-json\/wp\/v2\/media?parent=14033"}],"wp:term":[{"taxonomy":"category","embeddable":true,"href":"https:\/\/imais.online\/portal\/wp-json\/wp\/v2\/categories?post=14033"},{"taxonomy":"post_tag","embeddable":true,"href":"https:\/\/imais.online\/portal\/wp-json\/wp\/v2\/tags?post=14033"}],"curies":[{"name":"wp","href":"https:\/\/api.w.org\/{rel}","templated":true}]}}