{"id":14090,"date":"2023-07-06T14:43:45","date_gmt":"2023-07-06T17:43:45","guid":{"rendered":"https:\/\/imais.online\/portal\/?p=14090"},"modified":"2023-07-06T14:43:47","modified_gmt":"2023-07-06T17:43:47","slug":"madonna-foi-encontrada-desacordada-e-precisou-ser-reanimada-com-injecao-diz-site","status":"publish","type":"post","link":"https:\/\/imais.online\/portal\/madonna-foi-encontrada-desacordada-e-precisou-ser-reanimada-com-injecao-diz-site\/","title":{"rendered":"Madonna foi encontrada desacordada e precisou ser reanimada com inje\u00e7\u00e3o, diz site"},"content":{"rendered":"<div class=\"imais-before-content-placement\" id=\"imais-3689728106\"><script async src=\"\/\/pagead2.googlesyndication.com\/pagead\/js\/adsbygoogle.js?client=ca-pub-8787528412751566\" crossorigin=\"anonymous\"><\/script><ins class=\"adsbygoogle\" style=\"display:block;\" data-ad-client=\"ca-pub-8787528412751566\" \ndata-ad-slot=\"\" \ndata-ad-format=\"auto\"><\/ins>\n<script> \n(adsbygoogle = window.adsbygoogle || []).push({}); \n<\/script>\n<\/div>\n<h2 class=\"wp-block-heading\">A cantora sofreu uma grave infec\u00e7\u00e3o bacteriana e chegou a ficar internada em UTI e ser entubada<\/h2>\n\n\n\n<p>Madonna continua se recuperando em casa de uma grave infec\u00e7\u00e3o bacteriana, mas h\u00e1 ind\u00edcios de que a cantora tenha sofrido risco de morte.\u00a0A artista deu entrada no hospital no dia 24, quando teria sido encontrada desacordada no apartamento onde mora, em Nova York, nos Estados Unidos. Ela n\u00e3o teria respondido e, para reanim\u00e1-la, foi preciso utilizar um rem\u00e9dio para emerg\u00eancias.<\/p>\n\n\n\n<p>Segundo o site Radar Online, quem encontrou Madonna teve que aplicar uma inje\u00e7\u00e3o de\u00a0naloxona na rainha do pop. Trata-se de um medicamento muito usado para reanimar pacientes com suspeita de overdose e tamb\u00e9m em casos de choque s\u00e9ptico, o que, acredita-se, tenha sido o que ocorreu com a artista.<\/p>\n\n\n\n<p>At\u00e9 o momento, n\u00e3o h\u00e1 nenhum ind\u00edcio de que a diva pop tenha abusado de subst\u00e2ncias. Segundo a m\u00eddia internacional, ela lida com uma infec\u00e7\u00e3o bacteriana, que apareceu h\u00e1 alguns meses, mas n\u00e3o recebeu os cuidados necess\u00e1rios, pois a cantora estaria completamente focada na nova turn\u00ea.<\/p>\n\n\n\n<p>Madonna estrearia\u00a0<em>The Celebration Tour<\/em>\u00a0no pr\u00f3ximo dia 15, mas a turn\u00ea internacional precisou ser adiada devido aos problemas de sa\u00fade da artista. Preocupada em se preparar para os palcos, a voz de\u00a0<em>Vogue\u00a0<\/em>teria se submetido a uma rotina intensa e desgastante de ensaios e exerc\u00edcios, o que a teria deixado debilitada.<\/p>\n\n\n\n<p>Ap\u00f3s ser internada, Madonna chegou a ser entubada e passou alguns dias em uma UTI (Unidade de Tratamento Intensivo). Depois da alta hospitalar, ela se recupera em casa, acompanhada dos filhos. Ainda n\u00e3o h\u00e1 informa\u00e7\u00f5es oficiais sobre as novas datas da turn\u00ea at\u00e9 o momento.<\/p>\n\n\n\n<p>Fonte R7<\/p>\n","protected":false},"excerpt":{"rendered":"<p>A cantora sofreu uma grave infec\u00e7\u00e3o bacteriana e chegou a ficar internada em UTI e ser entubada Madonna continua se recuperando em casa de uma grave infec\u00e7\u00e3o bacteriana, mas h\u00e1 ind\u00edcios de que a cantora tenha sofrido risco de morte.\u00a0A artista deu entrada no hospital no dia 24, quando teria sido encontrada desacordada no apartamento [&hellip;]<\/p>\n","protected":false},"author":8,"featured_media":14091,"comment_status":"closed","ping_status":"open","sticky":false,"template":"","format":"standard","meta":{"rop_custom_images_group":[],"rop_custom_messages_group":[],"rop_publish_now":"initial","rop_publish_now_accounts":[],"rop_publish_now_history":[],"rop_publish_now_status":"pending","footnotes":""},"categories":[212],"tags":[],"class_list":["post-14090","post","type-post","status-publish","format-standard","has-post-thumbnail","hentry","category-internacional"],"amp_enabled":true,"_links":{"self":[{"href":"https:\/\/imais.online\/portal\/wp-json\/wp\/v2\/posts\/14090","targetHints":{"allow":["GET"]}}],"collection":[{"href":"https:\/\/imais.online\/portal\/wp-json\/wp\/v2\/posts"}],"about":[{"href":"https:\/\/imais.online\/portal\/wp-json\/wp\/v2\/types\/post"}],"author":[{"embeddable":true,"href":"https:\/\/imais.online\/portal\/wp-json\/wp\/v2\/users\/8"}],"replies":[{"embeddable":true,"href":"https:\/\/imais.online\/portal\/wp-json\/wp\/v2\/comments?post=14090"}],"version-history":[{"count":1,"href":"https:\/\/imais.online\/portal\/wp-json\/wp\/v2\/posts\/14090\/revisions"}],"predecessor-version":[{"id":14092,"href":"https:\/\/imais.online\/portal\/wp-json\/wp\/v2\/posts\/14090\/revisions\/14092"}],"wp:featuredmedia":[{"embeddable":true,"href":"https:\/\/imais.online\/portal\/wp-json\/wp\/v2\/media\/14091"}],"wp:attachment":[{"href":"https:\/\/imais.online\/portal\/wp-json\/wp\/v2\/media?parent=14090"}],"wp:term":[{"taxonomy":"category","embeddable":true,"href":"https:\/\/imais.online\/portal\/wp-json\/wp\/v2\/categories?post=14090"},{"taxonomy":"post_tag","embeddable":true,"href":"https:\/\/imais.online\/portal\/wp-json\/wp\/v2\/tags?post=14090"}],"curies":[{"name":"wp","href":"https:\/\/api.w.org\/{rel}","templated":true}]}}