{"id":14131,"date":"2023-07-07T10:25:06","date_gmt":"2023-07-07T13:25:06","guid":{"rendered":"https:\/\/imais.online\/portal\/poluicao-faz-rio-tiete-formar-espuma-em-cidades-do-interior\/"},"modified":"2023-07-07T11:17:04","modified_gmt":"2023-07-07T14:17:04","slug":"poluicao-faz-rio-tiete-formar-espuma-em-cidades-do-interior","status":"publish","type":"post","link":"https:\/\/imais.online\/portal\/poluicao-faz-rio-tiete-formar-espuma-em-cidades-do-interior\/","title":{"rendered":"Polui\u00e7\u00e3o faz Rio Tiet\u00ea formar espuma em cidades do interior"},"content":{"rendered":"<div class=\"imais-before-content-placement\" id=\"imais-3384955543\"><script async src=\"\/\/pagead2.googlesyndication.com\/pagead\/js\/adsbygoogle.js?client=ca-pub-8787528412751566\" crossorigin=\"anonymous\"><\/script><ins class=\"adsbygoogle\" style=\"display:block;\" data-ad-client=\"ca-pub-8787528412751566\" \ndata-ad-slot=\"\" \ndata-ad-format=\"auto\"><\/ins>\n<script> \n(adsbygoogle = window.adsbygoogle || []).push({}); \n<\/script>\n<\/div>\n<p>Cidades do interior do estado de S\u00e3o Paulo cortadas pelo Rio Tiet\u00ea voltaram a registrar nesta semana a forma\u00e7\u00e3o de uma espessa espuma branca sobre as \u00e1guas do rio. Uma das cidades mais atingidas \u00e9 Salto, onde a espuma chegou a tomar quase que a totalidade do curso d\u2019\u00e1gua nas proximidades da cachoeira que d\u00e1 nome \u00e0 cidade.<\/p>\n<p>De acordo com a diretora de Pol\u00edticas P\u00fablicas do Instituto SOS Mata Atl\u00e2ntica, Malu Ribeiro, a espuma \u00e9 causada pelos fosfatos e f\u00f3sforo presentes em produtos biodegrad\u00e1veis dom\u00e9sticos como o sab\u00e3o, detergente, sapon\u00e1cio, pasta de dente e shampoo, despejados em grande quantidade no esgoto da regi\u00e3o metropolitana da cidade de S\u00e3o Paulo.<\/p>\n<p>O Rio Tiet\u00ea, que corre no sentido do interior, carrega esses produtos em sua \u00e1gua. Nas cidades com corredeiras ou cachoeiras ocorre a forma\u00e7\u00e3o de espuma espessa em raz\u00e3o da agita\u00e7\u00e3o e consequente oxigena\u00e7\u00e3o da \u00e1gua. A concentra\u00e7\u00e3o dos produtos \u00e9 maior na atual \u00e9poca do ano, quando o rio est\u00e1 com menor volume de \u00e1gua, devido a pouca quantidade de chuvas.<\/p>\n<p>\u201cVoc\u00ea imagina 22 milh\u00f5es de pessoas da regi\u00e3o metropolitana de S\u00e3o Paulo usando esses produtos. O sistema de tratamento de esgoto n\u00e3o trata isso. Trata mat\u00e9ria org\u00e2nica, fezes e urina. Ent\u00e3o esses componentes biodegrad\u00e1veis, que s\u00e3o ricos em fosfato, eles se concentram na \u00e1gua\u201d, destaca.<\/p>\n<p>Segundo Ribeiro, a espuma que sai da \u00e1gua carrega com ela demais poluentes do rio e pode ser perigosa para os moradores das suas proximidades. \u201cAs pessoas podem respirar os poluentes na forma de espuma e ent\u00e3o se contaminar com bact\u00e9rias e outros poluentes que est\u00e3o na \u00e1gua e que vem com essas espumas. Por isso que se fala j\u00e1 h\u00e1 algum tempo que essas espumas s\u00e3o t\u00f3xicas\u201d.<\/p>\n<p>A diretora do SOS Mata Atl\u00e2ntica ressalta que a situa\u00e7\u00e3o deve ser combatida na origem, ou seja, no controle da quantidade de f\u00f3sforo e fosfatos permitidos nos produtos. \u201cO que outros pa\u00edses fizeram que a gente n\u00e3o faz? Combater o problema na origem, diminuindo, com normas e resolu\u00e7\u00f5es, a concentra\u00e7\u00e3o de f\u00f3sforo e fosfato dos produtos biodegrad\u00e1veis\u201d. \u201cNossa legisla\u00e7\u00e3o j\u00e1 fez essa redu\u00e7\u00e3o de algumas d\u00e9cadas para c\u00e1, por\u00e9m, com as mudan\u00e7as clim\u00e1ticas, a gente precisa rever essa resolu\u00e7\u00e3o de novo\u201d, acrescenta.<\/p>\n<p>A Secretaria de Meio Ambiente, Infraestrutura e Log\u00edstica do Estado de S\u00e3o Paulo disse em nota que trabalha em conjunto com os munic\u00edpios paulistas para melhorar a condi\u00e7\u00e3o do rio. \u201cA previs\u00e3o \u00e9 que, at\u00e9 2026, sejam investidos R$ 5,6 bilh\u00f5es na amplia\u00e7\u00e3o da rede de saneamento b\u00e1sico, desassoreamento, gest\u00e3o de p\u00f4lderes [muros de conten\u00e7\u00e3o, diques], melhorias no monitoramento da qualidade da \u00e1gua, entre outras medidas que ir\u00e3o ampliar a qualidade do rio na regi\u00e3o de Salto e ao longo de toda a sua extens\u00e3o\u201d.<\/p>\n<p>A pasta disse ainda que os epis\u00f3dios de forma\u00e7\u00e3o de espuma ocorrem por conta de parcelas de esgotos urbanos ainda n\u00e3o adequadamente tratados, oriundos de munic\u00edpios localizados antes da cidade de Salto, na bacia do Alto Tiet\u00ea.<\/p>\n<p>A prefeitura de Salto informou que monitora a situa\u00e7\u00e3o do rio e orienta a popula\u00e7\u00e3o a evitar se aproximar do rio, principalmente quando estiver com espuma. \u201cA polui\u00e7\u00e3o afeta, al\u00e9m do meio ambiente, notadamente a fauna silvestre que depende do rio, o turismo e a economia da cidade. Ressalte-se ainda, que essa \u00e9 uma polui\u00e7\u00e3o para a qual Salto n\u00e3o d\u00e1 causa, uma vez que Salto trata quase 100% do esgoto, mas, assim como todas as cidades do M\u00e9dio Tiet\u00ea, recebe o rio em p\u00e9ssimas condi\u00e7\u00f5es\u201d.<\/p>\n","protected":false},"excerpt":{"rendered":"<p>Cidades do interior do estado de S\u00e3o Paulo cortadas pelo Rio Tiet\u00ea voltaram a registrar nesta semana a forma\u00e7\u00e3o de uma espessa espuma branca sobre as \u00e1guas do rio. Uma das cidades mais atingidas \u00e9 Salto, onde a espuma chegou a tomar quase que a totalidade do curso d\u2019\u00e1gua nas proximidades da cachoeira que d\u00e1 [&hellip;]<\/p>\n","protected":false},"author":7,"featured_media":14139,"comment_status":"closed","ping_status":"open","sticky":false,"template":"","format":"standard","meta":{"rop_custom_images_group":[],"rop_custom_messages_group":[],"rop_publish_now":"initial","rop_publish_now_accounts":[],"rop_publish_now_history":[],"rop_publish_now_status":"pending","footnotes":""},"categories":[230],"tags":[73],"class_list":["post-14131","post","type-post","status-publish","format-standard","has-post-thumbnail","hentry","category-interior","tag-featured"],"amp_enabled":true,"_links":{"self":[{"href":"https:\/\/imais.online\/portal\/wp-json\/wp\/v2\/posts\/14131","targetHints":{"allow":["GET"]}}],"collection":[{"href":"https:\/\/imais.online\/portal\/wp-json\/wp\/v2\/posts"}],"about":[{"href":"https:\/\/imais.online\/portal\/wp-json\/wp\/v2\/types\/post"}],"author":[{"embeddable":true,"href":"https:\/\/imais.online\/portal\/wp-json\/wp\/v2\/users\/7"}],"replies":[{"embeddable":true,"href":"https:\/\/imais.online\/portal\/wp-json\/wp\/v2\/comments?post=14131"}],"version-history":[{"count":1,"href":"https:\/\/imais.online\/portal\/wp-json\/wp\/v2\/posts\/14131\/revisions"}],"predecessor-version":[{"id":14140,"href":"https:\/\/imais.online\/portal\/wp-json\/wp\/v2\/posts\/14131\/revisions\/14140"}],"wp:featuredmedia":[{"embeddable":true,"href":"https:\/\/imais.online\/portal\/wp-json\/wp\/v2\/media\/14139"}],"wp:attachment":[{"href":"https:\/\/imais.online\/portal\/wp-json\/wp\/v2\/media?parent=14131"}],"wp:term":[{"taxonomy":"category","embeddable":true,"href":"https:\/\/imais.online\/portal\/wp-json\/wp\/v2\/categories?post=14131"},{"taxonomy":"post_tag","embeddable":true,"href":"https:\/\/imais.online\/portal\/wp-json\/wp\/v2\/tags?post=14131"}],"curies":[{"name":"wp","href":"https:\/\/api.w.org\/{rel}","templated":true}]}}