{"id":1463,"date":"2021-09-14T15:58:02","date_gmt":"2021-09-14T18:58:02","guid":{"rendered":"https:\/\/imais.online\/portal\/?p=1463"},"modified":"2021-09-14T15:58:04","modified_gmt":"2021-09-14T18:58:04","slug":"a-fazenda-13-estreia-hoje-prometendo-muito-barulho","status":"publish","type":"post","link":"https:\/\/imais.online\/portal\/a-fazenda-13-estreia-hoje-prometendo-muito-barulho\/","title":{"rendered":"A Fazenda 13 estreia hoje prometendo muito barulho"},"content":{"rendered":"<div class=\"imais-before-content-placement\" id=\"imais-858518494\"><script async src=\"\/\/pagead2.googlesyndication.com\/pagead\/js\/adsbygoogle.js?client=ca-pub-8787528412751566\" crossorigin=\"anonymous\"><\/script><ins class=\"adsbygoogle\" style=\"display:block;\" data-ad-client=\"ca-pub-8787528412751566\" \ndata-ad-slot=\"\" \ndata-ad-format=\"auto\"><\/ins>\n<script> \n(adsbygoogle = window.adsbygoogle || []).push({}); \n<\/script>\n<\/div>\n<p>A Record promove nesta ter\u00e7a-feira, \u00e0s 22h45, a estreia de \u201cA Fazenda 13\u201d, a primeira sob o comando de Adriane Galisteu.<\/p>\n\n\n\n<p>J\u00e1 est\u00e3o confirmados no elenco, nomes como Victor Pecoraro, Mussunzinho, Liziane Gutierrez, Nego do Borel, Tati Quebra Barraco, Arcrebiano, Mileide Mihaile, Dayane Mello, Valentina Francavilla, Fernanda Medrado, Gui Ara\u00fajo, Marina Ferrari, MC Gui e Tiago Piquilo.<\/p>\n\n\n\n<p>O programa vai reunir 21 participantes, ter\u00e1 um total de 94 epis\u00f3dios e ficar\u00e1 no ar at\u00e9 dezembro.<\/p>\n\n\n\n<p>Pr\u00eamio principal de R$ 1,5 milh\u00e3o para o grande vencedor e mais R$ 500 mil em pr\u00eamios extras ao longo da temporada.<\/p>\n\n\n\n<p>De segunda a s\u00e1bado, entrar\u00e1 no ar depois do cap\u00edtulo de \u201cQuando Chama o Cora\u00e7\u00e3o\u201d, e no domingo, \u00e0s 23h15.<\/p>\n\n\n\n<p>A edi\u00e7\u00e3o anterior, vencida por Jojo Todynho, atingiu um grande sucesso de audi\u00eancia e esta nova tem o objetivo de superar os resultados. N\u00e3o \u00e0 toa, a Record garante que a temporada que come\u00e7a hoje \u201cvai ser ainda melhor\u201d.<\/p>\n\n\n\n<p>Dessa lista de participantes, o cantor Nego do Borel \u00e9 sem d\u00favida o nome mais pol\u00eamico, por causa dos problemas envolvendo sua ex-namorada Duda Reis, que o acusa de t\u00ea-la agredido. Borel nega.<\/p>\n\n\n\n<p>Em recente coletiva, o artista disse que os fatos divulgados n\u00e3o ir\u00e3o abal\u00e1-lo no jogo. Ressaltou ainda que o reality d\u00e1 oportunidade para o Pa\u00eds conhecer a pessoa.<\/p>\n\n\n\n<p>\u201cA Fazenda13\u201d j\u00e1 vinha causando muito antes da estreia. Agora, ent\u00e3o, o barulho promete ser maior ainda, nas redes sociais e fora delas.<\/p>\n\n\n\n<p>Fonte R7 &#8211; Fl\u00e1vio Ricco <\/p>\n","protected":false},"excerpt":{"rendered":"<p>A Record promove nesta ter\u00e7a-feira, \u00e0s 22h45, a estreia de \u201cA Fazenda 13\u201d, a primeira sob o comando de Adriane Galisteu. J\u00e1 est\u00e3o confirmados no elenco, nomes como Victor Pecoraro, Mussunzinho, Liziane Gutierrez, Nego do Borel, Tati Quebra Barraco, Arcrebiano, Mileide Mihaile, Dayane Mello, Valentina Francavilla, Fernanda Medrado, Gui Ara\u00fajo, Marina Ferrari, MC Gui e [&hellip;]<\/p>\n","protected":false},"author":8,"featured_media":1464,"comment_status":"closed","ping_status":"open","sticky":false,"template":"","format":"standard","meta":{"rop_custom_images_group":[],"rop_custom_messages_group":[],"rop_publish_now":"initial","rop_publish_now_accounts":[],"rop_publish_now_history":[],"rop_publish_now_status":"pending","footnotes":""},"categories":[16],"tags":[],"class_list":["post-1463","post","type-post","status-publish","format-standard","has-post-thumbnail","hentry","category-entertainment"],"amp_enabled":true,"_links":{"self":[{"href":"https:\/\/imais.online\/portal\/wp-json\/wp\/v2\/posts\/1463","targetHints":{"allow":["GET"]}}],"collection":[{"href":"https:\/\/imais.online\/portal\/wp-json\/wp\/v2\/posts"}],"about":[{"href":"https:\/\/imais.online\/portal\/wp-json\/wp\/v2\/types\/post"}],"author":[{"embeddable":true,"href":"https:\/\/imais.online\/portal\/wp-json\/wp\/v2\/users\/8"}],"replies":[{"embeddable":true,"href":"https:\/\/imais.online\/portal\/wp-json\/wp\/v2\/comments?post=1463"}],"version-history":[{"count":1,"href":"https:\/\/imais.online\/portal\/wp-json\/wp\/v2\/posts\/1463\/revisions"}],"predecessor-version":[{"id":1465,"href":"https:\/\/imais.online\/portal\/wp-json\/wp\/v2\/posts\/1463\/revisions\/1465"}],"wp:featuredmedia":[{"embeddable":true,"href":"https:\/\/imais.online\/portal\/wp-json\/wp\/v2\/media\/1464"}],"wp:attachment":[{"href":"https:\/\/imais.online\/portal\/wp-json\/wp\/v2\/media?parent=1463"}],"wp:term":[{"taxonomy":"category","embeddable":true,"href":"https:\/\/imais.online\/portal\/wp-json\/wp\/v2\/categories?post=1463"},{"taxonomy":"post_tag","embeddable":true,"href":"https:\/\/imais.online\/portal\/wp-json\/wp\/v2\/tags?post=1463"}],"curies":[{"name":"wp","href":"https:\/\/api.w.org\/{rel}","templated":true}]}}