{"id":1499,"date":"2021-09-15T12:08:02","date_gmt":"2021-09-15T15:08:02","guid":{"rendered":"https:\/\/imais.online\/portal\/?p=1499"},"modified":"2021-09-15T12:08:04","modified_gmt":"2021-09-15T15:08:04","slug":"3a-dose-acima-de-70-comeca-a-valer-nesta-quarta-15","status":"publish","type":"post","link":"https:\/\/imais.online\/portal\/3a-dose-acima-de-70-comeca-a-valer-nesta-quarta-15\/","title":{"rendered":"3\u00aa dose acima de 70 come\u00e7a a valer nesta quarta (15)"},"content":{"rendered":"<div class=\"imais-before-content-placement\" id=\"imais-1171655432\"><script async src=\"\/\/pagead2.googlesyndication.com\/pagead\/js\/adsbygoogle.js?client=ca-pub-8787528412751566\" crossorigin=\"anonymous\"><\/script><ins class=\"adsbygoogle\" style=\"display:block;\" data-ad-client=\"ca-pub-8787528412751566\" \ndata-ad-slot=\"\" \ndata-ad-format=\"auto\"><\/ins>\n<script> \n(adsbygoogle = window.adsbygoogle || []).push({}); \n<\/script>\n<\/div>\n<h2 class=\"has-text-align-center wp-block-heading\">Previs\u00e3o \u00e9 que Queiroga acompanhe, nesta quarta, envio de lotes para completar a vacina\u00e7\u00e3o de adultos acima de 18 anos no pa\u00eds<\/h2>\n\n\n\n<p>A aplica\u00e7\u00e3o da terceira dose de vacina contra a covid em idosos acima de 70 anos come\u00e7a a valer a partir desta quarta-feira (15), segundo o Minist\u00e9rio da Sa\u00fade.&nbsp;<\/p>\n\n\n\n<p>Algumas capitais j\u00e1 anteciparam essa aplica\u00e7\u00e3o, como S\u00e3o Paulo, Rio de Janeiro, Belo Horizonte, Porto Alegre, Curitiba,\u00a0Florian\u00f3polis, Fortaleza, Recife, Salvador, Aracaju, S\u00e3o Lu\u00eds, Goi\u00e2nia, Vit\u00f3ria, Campo Grande, Rio Branco, Boa Vista e Palmas.\u00a0<\/p>\n\n\n\n<p>O ministro da Sa\u00fade, Marcelo Queiroga, havia anunciado no dia 24 de agosto que essa dose de refor\u00e7o seria destinada, inicialmente, a idosos acima de 80 anos e imunosuprimidos. Mas em um boletim divulgado na segunda-feira (13), o minist\u00e9rio anunciou que a aplica\u00e7\u00e3o j\u00e1 est\u00e1 autorizada para pessoas acima de 70 anos.<\/p>\n\n\n\n<p>&#8220;Ap\u00f3s ampla discuss\u00e3o na C\u00e2mara T\u00e9cnica em Imuniza\u00e7\u00e3o da Covid-19, optou por adotar a administra\u00e7\u00e3o, a partir do 15 de setembro de 2021, de dose de refor\u00e7o da vacina para todos os\u00a0 idosos acima de 70 anos&#8221;.<\/p>\n\n\n\n<p>A aplica\u00e7\u00e3o deve contemplar idosos a partir de 70 anos, que completaram o esquema vacinal h\u00e1 mais de 6 meses, e imunosuprimidos que tenham sido imunizados h\u00e1 pelo menos 21 dias, segundo a pasta.<\/p>\n\n\n\n<p>Para esta dose adicional, Queiroga recomendou a vacina da Pfizer e, caso n\u00e3o esteja dispon\u00edvel, a da AstraZeneca ou Janssen como segundas op\u00e7\u00f5es, n\u00e3o mencionando a CoronaVac, segundo imunizante contra a covid mais aplicado no Brasil.&nbsp;<\/p>\n\n\n\n<p>A data foi escolhida a partir da expectativa de que todos os adultos com mais de 18 anos teriam recebido ao menos uma dose de um imunizante contra a doen\u00e7a. No entanto, na ter\u00e7a-feira (14), ainda faltavam 19,4 milh\u00f5es de pessoas vacinadas para concluir essa meta, segundo dados do LocalizaSUS, plataforma do Minist\u00e9rio da Sa\u00fade.&nbsp;<\/p>\n\n\n\n<p>Nesta quarta-feira (15), \u00e0s 9h, est\u00e1 previsto o envio dos lotes que completam 100% das primeiras doses da vacina covid-19 para a popula\u00e7\u00e3o adulta acima de 18 anos, com a presen\u00e7a de Queiroga, em Guarulhos (SP).&nbsp;<\/p>\n\n\n\n<p>Nesta semana em que o minist\u00e9rio da Sa\u00fade inicia a campanha de refor\u00e7o da vacina contra covid-19 em idosos, o pa\u00eds tamb\u00e9m chega ao patamar de\u00a093% deste grupo (27,7 milh\u00f5es de indiv\u00edduos) com a imuniza\u00e7\u00e3o completa\u00a0(duas doses ou dose \u00fanica).<\/p>\n\n\n\n<p>Segundo dados do LocalizaSUS, de segunda-feira (13), 95,3% (29,8 milh\u00f5es) dos brasileiros acima de 60 anos tomaram ao menos uma dose ou a dose \u00fanica.<\/p>\n\n\n\n<p>Desde o in\u00edcio da campanha, em 17 de janeiro, 259,4 milh\u00f5es de doses de vacinas contra a covid foram distribu\u00eddas aos estados. Cerca de 87% dos adultos acima de 18 anos j\u00e1 receberam a primeira dose, o que corresponde a 138,6 milh\u00f5es de pessoas, e 46% est\u00e3o com o esquema vacinal completo, o que equivale a 74,1 milh\u00f5es de brasileiros, conforme dados do minist\u00e9rio.\u00a0<\/p>\n\n\n\n<p>Fonte: Ag\u00eancia Brasil <\/p>\n\n\n\n<p>Foto Divulga\u00e7\u00e3o <\/p>\n","protected":false},"excerpt":{"rendered":"<p>Previs\u00e3o \u00e9 que Queiroga acompanhe, nesta quarta, envio de lotes para completar a vacina\u00e7\u00e3o de adultos acima de 18 anos no pa\u00eds A aplica\u00e7\u00e3o da terceira dose de vacina contra a covid em idosos acima de 70 anos come\u00e7a a valer a partir desta quarta-feira (15), segundo o Minist\u00e9rio da Sa\u00fade.&nbsp; Algumas capitais j\u00e1 anteciparam [&hellip;]<\/p>\n","protected":false},"author":8,"featured_media":1500,"comment_status":"closed","ping_status":"open","sticky":false,"template":"","format":"standard","meta":{"rop_custom_images_group":[],"rop_custom_messages_group":[],"rop_publish_now":"initial","rop_publish_now_accounts":[],"rop_publish_now_history":[],"rop_publish_now_status":"pending","footnotes":""},"categories":[190],"tags":[],"class_list":["post-1499","post","type-post","status-publish","format-standard","has-post-thumbnail","hentry","category-covid"],"amp_enabled":true,"_links":{"self":[{"href":"https:\/\/imais.online\/portal\/wp-json\/wp\/v2\/posts\/1499","targetHints":{"allow":["GET"]}}],"collection":[{"href":"https:\/\/imais.online\/portal\/wp-json\/wp\/v2\/posts"}],"about":[{"href":"https:\/\/imais.online\/portal\/wp-json\/wp\/v2\/types\/post"}],"author":[{"embeddable":true,"href":"https:\/\/imais.online\/portal\/wp-json\/wp\/v2\/users\/8"}],"replies":[{"embeddable":true,"href":"https:\/\/imais.online\/portal\/wp-json\/wp\/v2\/comments?post=1499"}],"version-history":[{"count":1,"href":"https:\/\/imais.online\/portal\/wp-json\/wp\/v2\/posts\/1499\/revisions"}],"predecessor-version":[{"id":1501,"href":"https:\/\/imais.online\/portal\/wp-json\/wp\/v2\/posts\/1499\/revisions\/1501"}],"wp:featuredmedia":[{"embeddable":true,"href":"https:\/\/imais.online\/portal\/wp-json\/wp\/v2\/media\/1500"}],"wp:attachment":[{"href":"https:\/\/imais.online\/portal\/wp-json\/wp\/v2\/media?parent=1499"}],"wp:term":[{"taxonomy":"category","embeddable":true,"href":"https:\/\/imais.online\/portal\/wp-json\/wp\/v2\/categories?post=1499"},{"taxonomy":"post_tag","embeddable":true,"href":"https:\/\/imais.online\/portal\/wp-json\/wp\/v2\/tags?post=1499"}],"curies":[{"name":"wp","href":"https:\/\/api.w.org\/{rel}","templated":true}]}}