{"id":1549,"date":"2021-09-17T09:02:13","date_gmt":"2021-09-17T12:02:13","guid":{"rendered":"https:\/\/imais.online\/portal\/?p=1549"},"modified":"2021-09-17T09:02:15","modified_gmt":"2021-09-17T12:02:15","slug":"brasil-recebe-mais-dois-lotes-de-vacinas-da-pfizer","status":"publish","type":"post","link":"https:\/\/imais.online\/portal\/brasil-recebe-mais-dois-lotes-de-vacinas-da-pfizer\/","title":{"rendered":"Brasil recebe mais dois lotes de vacinas da Pfizer"},"content":{"rendered":"<div class=\"imais-before-content-placement\" id=\"imais-412035656\"><script async src=\"\/\/pagead2.googlesyndication.com\/pagead\/js\/adsbygoogle.js?client=ca-pub-8787528412751566\" crossorigin=\"anonymous\"><\/script><ins class=\"adsbygoogle\" style=\"display:block;\" data-ad-client=\"ca-pub-8787528412751566\" \ndata-ad-slot=\"\" \ndata-ad-format=\"auto\"><\/ins>\n<script> \n(adsbygoogle = window.adsbygoogle || []).push({}); \n<\/script>\n<\/div>\n<p class=\"has-text-align-center\">Vacinas seguem para o dep\u00f3sito do Minist\u00e9rio da Sa\u00fade<\/p>\n\n\n\n<p>O Brasil recebeu hoje (16) mais dois lotes de vacinas contra covid-19 da Pfizer. Os imunizantes foram trazidos em dois voos que chegaram no Aeroporto Internacional de Viracopos, em Campinas (SP), \u00e0s 20h15 e \u00e0s 21h40. No total, foram entregues ao Minist\u00e9rio da Sa\u00fade, 2.070.900 doses.<img decoding=\"async\" src=\"https:\/\/agenciabrasil.ebc.com.br\/ebc.png?id=1421925&amp;o=node\"><img decoding=\"async\" src=\"https:\/\/agenciabrasil.ebc.com.br\/ebc.gif?id=1421925&amp;o=node\"><\/p>\n\n\n\n<p>Ap\u00f3s o desembarque no aeroporto, as vacinas seguem para o dep\u00f3sito do minist\u00e9rio, em Guarulhos (SP) e, em seguida, s\u00e3o enviadas aos mais de 38 mil postos de vacina\u00e7\u00e3o espalhados pelo pa\u00eds.<\/p>\n\n\n\n<p>At\u00e9 o final de 2021, segundo a empresa Pfizer, ser\u00e3o entregues 200 milh\u00f5es de doses do imunizante, por meio de dois contratos de fornecimento da vacina. O primeiro, fechado com o Minist\u00e9rio da Sa\u00fade, em 19 de mar\u00e7o, prev\u00ea a entrega de 100 milh\u00f5es at\u00e9 o final de setembro. J\u00e1 o segundo, assinado em 14 de maio, prev\u00ea mais 100 milh\u00f5es de doses entre outubro e dezembro.<\/p>\n","protected":false},"excerpt":{"rendered":"<p>Vacinas seguem para o dep\u00f3sito do Minist\u00e9rio da Sa\u00fade O Brasil recebeu hoje (16) mais dois lotes de vacinas contra covid-19 da Pfizer. Os imunizantes foram trazidos em dois voos que chegaram no Aeroporto Internacional de Viracopos, em Campinas (SP), \u00e0s 20h15 e \u00e0s 21h40. No total, foram entregues ao Minist\u00e9rio da Sa\u00fade, 2.070.900 doses. [&hellip;]<\/p>\n","protected":false},"author":7,"featured_media":1550,"comment_status":"closed","ping_status":"open","sticky":false,"template":"","format":"standard","meta":{"rop_custom_images_group":[],"rop_custom_messages_group":[],"rop_publish_now":"initial","rop_publish_now_accounts":[],"rop_publish_now_history":[],"rop_publish_now_status":"pending","footnotes":""},"categories":[190],"tags":[73],"class_list":["post-1549","post","type-post","status-publish","format-standard","has-post-thumbnail","hentry","category-covid","tag-featured"],"amp_enabled":true,"_links":{"self":[{"href":"https:\/\/imais.online\/portal\/wp-json\/wp\/v2\/posts\/1549","targetHints":{"allow":["GET"]}}],"collection":[{"href":"https:\/\/imais.online\/portal\/wp-json\/wp\/v2\/posts"}],"about":[{"href":"https:\/\/imais.online\/portal\/wp-json\/wp\/v2\/types\/post"}],"author":[{"embeddable":true,"href":"https:\/\/imais.online\/portal\/wp-json\/wp\/v2\/users\/7"}],"replies":[{"embeddable":true,"href":"https:\/\/imais.online\/portal\/wp-json\/wp\/v2\/comments?post=1549"}],"version-history":[{"count":1,"href":"https:\/\/imais.online\/portal\/wp-json\/wp\/v2\/posts\/1549\/revisions"}],"predecessor-version":[{"id":1551,"href":"https:\/\/imais.online\/portal\/wp-json\/wp\/v2\/posts\/1549\/revisions\/1551"}],"wp:featuredmedia":[{"embeddable":true,"href":"https:\/\/imais.online\/portal\/wp-json\/wp\/v2\/media\/1550"}],"wp:attachment":[{"href":"https:\/\/imais.online\/portal\/wp-json\/wp\/v2\/media?parent=1549"}],"wp:term":[{"taxonomy":"category","embeddable":true,"href":"https:\/\/imais.online\/portal\/wp-json\/wp\/v2\/categories?post=1549"},{"taxonomy":"post_tag","embeddable":true,"href":"https:\/\/imais.online\/portal\/wp-json\/wp\/v2\/tags?post=1549"}],"curies":[{"name":"wp","href":"https:\/\/api.w.org\/{rel}","templated":true}]}}