{"id":15559,"date":"2023-07-16T19:29:34","date_gmt":"2023-07-16T22:29:34","guid":{"rendered":"https:\/\/imais.online\/portal\/?p=15559"},"modified":"2023-07-16T19:29:36","modified_gmt":"2023-07-16T22:29:36","slug":"em-meio-a-onda-de-calor-hemisferio-norte-tem-alertas-de-autoridades-e-risco-de-novos-recordes-de-temperatura","status":"publish","type":"post","link":"https:\/\/imais.online\/portal\/em-meio-a-onda-de-calor-hemisferio-norte-tem-alertas-de-autoridades-e-risco-de-novos-recordes-de-temperatura\/","title":{"rendered":"Em meio a onda de calor, Hemisf\u00e9rio Norte tem alertas de autoridades e risco de novos recordes de temperatura"},"content":{"rendered":"<div class=\"imais-before-content-placement\" id=\"imais-660513690\"><script async src=\"\/\/pagead2.googlesyndication.com\/pagead\/js\/adsbygoogle.js?client=ca-pub-8787528412751566\" crossorigin=\"anonymous\"><\/script><ins class=\"adsbygoogle\" style=\"display:block;\" data-ad-client=\"ca-pub-8787528412751566\" \ndata-ad-slot=\"\" \ndata-ad-format=\"auto\"><\/ins>\n<script> \n(adsbygoogle = window.adsbygoogle || []).push({}); \n<\/script>\n<\/div>\n<h2 class=\"wp-block-heading\">Quase um quarto da popula\u00e7\u00e3o dos Estados Unidos est\u00e1 sob alerta de calor extremo. Na Europa, v\u00e1rios pa\u00edses est\u00e3o em alerta neste domingo (16)<\/h2>\n\n\n\n<p>Dezenas de milh\u00f5es de pessoas enfrentavam neste domingo (16) uma onda de calor extremo em v\u00e1rios pa\u00edses do Hemisf\u00e9rio Norte. A&nbsp;previs\u00e3o \u00e9 de temperaturas recordes na Am\u00e9rica do Norte, Europa e na \u00c1sia, em mais uma demonstra\u00e7\u00e3o das consequ\u00eancias da mudan\u00e7a clim\u00e1tica.<\/p>\n\n\n\n<p>Quase um quarto da popula\u00e7\u00e3o dos Estados Unidos est\u00e1 sob alerta de calor extremo. O Servi\u00e7o Nacional de Meteorologia dos EUA (NWS) pediu \u00e0 popula\u00e7\u00e3o que&nbsp;n\u00e3o subestime o risco de vida provocado pelo calor.<\/p>\n\n\n\n<p>Na Europa, onde o aquecimento avan\u00e7a duas vezes mais r\u00e1pido que a m\u00e9dia mundial, segundo os cientistas,\u00a0v\u00e1rios pa\u00edses enfrentam temperaturas extremas.<\/p>\n\n\n\n<p>Na It\u00e1lia,&nbsp;16 cidades est\u00e3o em alerta vermelho, com m\u00e1ximas de 36\u00b0C e 37\u00b0C. Apesar do calor, quase 15 mil peregrinos e turistas, segundo o&nbsp;<a class=\"\" href=\"https:\/\/g1.globo.com\/tudo-sobre\/vaticano\/\">Vaticano<\/a>, compareceram \u00e0 Pra\u00e7a de S\u00e3o Pedro para ouvir o papa Francisco recitar a b\u00ean\u00e7\u00e3o do Angelus.<\/p>\n\n\n\n<p>Entre os visitantes estava Fran\u00e7ois Mbemba, um padre congol\u00eas de 29 anos. Ele disse que em Roma &#8220;faz mais calor que na \u00c1frica&#8221;.<\/p>\n\n\n\n<h2 class=\"wp-block-heading\">Onda de calor na Espanha<\/h2>\n\n\n\n<p>A Espanha estava \u00e0 beira de iniciar uma&nbsp;<a class=\"\" href=\"https:\/\/g1.globo.com\/mundo\/noticia\/2023\/07\/15\/incendios-florestais-atingem-espanha-em-meio-a-onda-de-calor-na-europa.ghtml\">nova onda de calor<\/a>&nbsp;neste domingo, depois de superar uma semana de temperaturas elevadas, com graves consequ\u00eancia na ilha de La Palma (Can\u00e1rias), onde um&nbsp;inc\u00eandio queimou 5 mil hectares no fim de semana e obrigou 4 mil moradores a deixar a regi\u00e3o.<\/p>\n\n\n\n<p>A ag\u00eancia meteorol\u00f3gica espanhola (Aemet) emitiu alertas laranja neste domingo para temperaturas elevadas (38\u00b0C a 42\u00baC) em v\u00e1rios pontos da Pen\u00ednsula Ib\u00e9rica e nas ilhas Baleares na segunda-feira (17), al\u00e9m de um alerta vermelho (perigo extremo) tamb\u00e9m na segunda-feira para \u00e1reas da Andaluzia e na ter\u00e7a-feira (18) em Arag\u00f3n, Catalunha e Mallorca (42\u00b0C a 44\u00baC).<\/p>\n\n\n\n<p>Na Gr\u00e9cia, onde a previs\u00e3o indica uma leve queda na temperatura, as autoridades decidiram que a Acr\u00f3pole de Atenas permanecer\u00e1 fechada das 13h \u00e0s 17h, e n\u00e3o das 11h30 \u00e0s 17h30, como havia sido anunciado no s\u00e1bado (15).<\/p>\n\n\n\n<h2 class=\"wp-block-heading\">Estados Unidos e Canad\u00e1<\/h2>\n\n\n\n<p>Nos Estados Unidos, o Servi\u00e7o Meteorol\u00f3gico Nacional (NWS) prev\u00ea uma onda de calor &#8220;extremamente perigosa&#8221; da Calif\u00f3rnia ao Texas.<\/p>\n\n\n\n<p>&#8220;Quando bebo apenas \u00e1gua, eu fico tonto, quero vomitar por causa do calor, preciso de outra coisa, uma Coca-Cola, um Gatorade, e gelado, para conseguir ficar bem&#8221;, declarou \u00e0 AFP um mexicano de 28 anos, que se identificou apenas como Juan, que trabalha no setor da constru\u00e7\u00e3o em Houston, Texas.<\/p>\n\n\n\n<p>Na regi\u00e3o do Vale da Morte, na Calif\u00f3rnia, a temperatura atingiu 51\u00b0C no s\u00e1bado. A previs\u00e3o para domingo \u00e9 de 54\u00b0C.<\/p>\n\n\n\n<p>Al\u00e9m das temperaturas elevadas, o sul da Calif\u00f3rnia \u00e9 cen\u00e1rio de inc\u00eandios que j\u00e1 destru\u00edram mais de 1.200 hectares.<\/p>\n\n\n\n<p>No Canad\u00e1, mais de 10 milh\u00f5es de hectares foram destru\u00eddos por inc\u00eandios desde o in\u00edcio do ano, um balan\u00e7o muito superior ao registrado pelo pa\u00eds em 2022.<\/p>\n\n\n\n<p>Os dados, considerados provis\u00f3rios, registravam mais de 900 focos ativos no s\u00e1bado em todo o pa\u00eds, incluindo 570 fora de controle, de acordo com o Centro Interag\u00eancias Canadense de Inc\u00eandios Florestais (CIFFC, na sigla em ingl\u00eas).<\/p>\n\n\n\n<h2 class=\"wp-block-heading\">Chuvas na \u00c1sia<\/h2>\n\n\n\n<p>Na \u00c1sia, as tempestades se unem ao calor extremo.<\/p>\n\n\n\n<p>Na Coreia do Sul, as equipes de emerg\u00eancia tentavam alcan\u00e7ar as pessoas bloqueadas em um t\u00fanel inundado.\u00a0As fortes chuvas nos \u00faltimos dias\u00a0deixaram pelo menos 37 mortos\u00a0e 9 desaparecidos\u00a0no pa\u00eds.<\/p>\n\n\n\n<p>O pa\u00eds enfrenta o pior momento da temporada de mon\u00e7\u00f5es de ver\u00e3o, com mais chuvas previstas at\u00e9 quarta-feira.<\/p>\n\n\n\n<p>No Jap\u00e3o, as autoridades emitiram um alerta para o risco de insola\u00e7\u00e3o em 20 dos 47 munic\u00edpios do pa\u00eds devido a temperaturas pr\u00f3ximas de 40\u00b0C em muitas cidades.<\/p>\n\n\n\n<p>Em T\u00f3quio, onde a temperatura chegou a 36\u00baC, &#8220;o simples fato de passear cansa&#8221;, comentou Coline Grison, uma turista francesa de 24 anos.<\/p>\n\n\n\n<p>Ao mesmo tempo que o calor extremo afeta o leste e sudoeste do arquip\u00e9lago, outras \u00e1reas do pa\u00eds enfrentam chuvas torrenciais, que provocaram pelo menos oito mortes nos \u00faltimos dias.<\/p>\n\n\n\n<p>A China emitiu v\u00e1rios alertas para temperaturas elevadas e informou que os term\u00f4metros podem atingir 45\u00b0C na regi\u00e3o Xinjiang, parcialmente des\u00e9rtica, e 39\u00baC na regi\u00e3o de Guangxi (Sul).<\/p>\n\n\n\n<p>Fonte G1<\/p>\n","protected":false},"excerpt":{"rendered":"<p>Quase um quarto da popula\u00e7\u00e3o dos Estados Unidos est\u00e1 sob alerta de calor extremo. Na Europa, v\u00e1rios pa\u00edses est\u00e3o em alerta neste domingo (16) Dezenas de milh\u00f5es de pessoas enfrentavam neste domingo (16) uma onda de calor extremo em v\u00e1rios pa\u00edses do Hemisf\u00e9rio Norte. A&nbsp;previs\u00e3o \u00e9 de temperaturas recordes na Am\u00e9rica do Norte, Europa e [&hellip;]<\/p>\n","protected":false},"author":8,"featured_media":15567,"comment_status":"closed","ping_status":"open","sticky":false,"template":"","format":"standard","meta":{"rop_custom_images_group":[],"rop_custom_messages_group":[],"rop_publish_now":"initial","rop_publish_now_accounts":[],"rop_publish_now_history":[],"rop_publish_now_status":"pending","footnotes":""},"categories":[212],"tags":[],"class_list":["post-15559","post","type-post","status-publish","format-standard","has-post-thumbnail","hentry","category-internacional"],"amp_enabled":true,"_links":{"self":[{"href":"https:\/\/imais.online\/portal\/wp-json\/wp\/v2\/posts\/15559","targetHints":{"allow":["GET"]}}],"collection":[{"href":"https:\/\/imais.online\/portal\/wp-json\/wp\/v2\/posts"}],"about":[{"href":"https:\/\/imais.online\/portal\/wp-json\/wp\/v2\/types\/post"}],"author":[{"embeddable":true,"href":"https:\/\/imais.online\/portal\/wp-json\/wp\/v2\/users\/8"}],"replies":[{"embeddable":true,"href":"https:\/\/imais.online\/portal\/wp-json\/wp\/v2\/comments?post=15559"}],"version-history":[{"count":1,"href":"https:\/\/imais.online\/portal\/wp-json\/wp\/v2\/posts\/15559\/revisions"}],"predecessor-version":[{"id":15569,"href":"https:\/\/imais.online\/portal\/wp-json\/wp\/v2\/posts\/15559\/revisions\/15569"}],"wp:featuredmedia":[{"embeddable":true,"href":"https:\/\/imais.online\/portal\/wp-json\/wp\/v2\/media\/15567"}],"wp:attachment":[{"href":"https:\/\/imais.online\/portal\/wp-json\/wp\/v2\/media?parent=15559"}],"wp:term":[{"taxonomy":"category","embeddable":true,"href":"https:\/\/imais.online\/portal\/wp-json\/wp\/v2\/categories?post=15559"},{"taxonomy":"post_tag","embeddable":true,"href":"https:\/\/imais.online\/portal\/wp-json\/wp\/v2\/tags?post=15559"}],"curies":[{"name":"wp","href":"https:\/\/api.w.org\/{rel}","templated":true}]}}