{"id":1597,"date":"2021-09-18T08:35:28","date_gmt":"2021-09-18T11:35:28","guid":{"rendered":"https:\/\/imais.online\/portal\/?p=1597"},"modified":"2021-09-18T08:35:30","modified_gmt":"2021-09-18T11:35:30","slug":"covid-19-mortes-caem-27-e-casos-25-em-uma-semana","status":"publish","type":"post","link":"https:\/\/imais.online\/portal\/covid-19-mortes-caem-27-e-casos-25-em-uma-semana\/","title":{"rendered":"Covid-19: mortes caem 27% e casos, 25%, em uma semana"},"content":{"rendered":"<div class=\"imais-before-content-placement\" id=\"imais-820336113\"><script async src=\"\/\/pagead2.googlesyndication.com\/pagead\/js\/adsbygoogle.js?client=ca-pub-8787528412751566\" crossorigin=\"anonymous\"><\/script><ins class=\"adsbygoogle\" style=\"display:block;\" data-ad-client=\"ca-pub-8787528412751566\" \ndata-ad-slot=\"\" \ndata-ad-format=\"auto\"><\/ins>\n<script> \n(adsbygoogle = window.adsbygoogle || []).push({}); \n<\/script>\n<\/div>\n<p class=\"has-text-align-center\">Informa\u00e7\u00f5es est\u00e3o no Boletim Epidemiol\u00f3gico do Minist\u00e9rio da Sa\u00fade<\/p>\n\n\n\n<p>As vidas perdidas para a covid-19 ca\u00edram 27% na Semana Epidemiol\u00f3gica (SE) 36, de 5 a&nbsp;11 de setembro, em compara\u00e7\u00e3o com a semana anterior. As informa\u00e7\u00f5es est\u00e3o no mais recente Boletim Epidemiol\u00f3gico do Minist\u00e9rio da Sa\u00fade sobre a covid-19.<img decoding=\"async\" src=\"https:\/\/agenciabrasil.ebc.com.br\/ebc.png?id=1422010&amp;o=node\"><img decoding=\"async\" src=\"https:\/\/agenciabrasil.ebc.com.br\/ebc.gif?id=1422010&amp;o=node\"><\/p>\n\n\n\n<p>Na SE 36, autoridades de sa\u00fade registraram 3.196 pessoas que n\u00e3o resistiram \u00e0 covid-19, enquanto o levantamento do Minist\u00e9rio da Sa\u00fade na semana anterior marcou 4.352 \u00f3bitos.<\/p>\n\n\n\n<p>O resultado representa uma continuidade da queda da curva de mortes. A m\u00e9dia m\u00f3vel de mortes na SE 35 ficou em 622.\u00a0\u00a0<\/p>\n\n\n\n<figure class=\"wp-block-image size-full\"><img loading=\"lazy\" decoding=\"async\" width=\"754\" height=\"504\" src=\"https:\/\/imais.online\/portal\/wp-content\/uploads\/2021\/09\/grafico2pagina9.jpg\" alt=\"\" class=\"wp-image-1598\" srcset=\"https:\/\/imais.online\/portal\/wp-content\/uploads\/2021\/09\/grafico2pagina9.jpg 754w, https:\/\/imais.online\/portal\/wp-content\/uploads\/2021\/09\/grafico2pagina9-300x201.jpg 300w\" sizes=\"auto, (max-width: 754px) 100vw, 754px\" \/><\/figure>\n\n\n\n<p>Os novos casos de covid-19 confirmados por autoridades de sa\u00fade tiveram queda de 25% na semana do levantamento. Nesse per\u00edodo, foram registrados 111,3 mil&nbsp;novos diagn\u00f3sticos confirmados, contra 149.259 na semana anterior. A m\u00e9dia m\u00f3vel de casos (total no per\u00edodo divido por sete dias) ficou em 15,9 mil.<\/p>\n\n\n\n<p>O resultado da SE 36 marca a continuidade da trajet\u00f3ria de redu\u00e7\u00e3o da curva de casos. O n\u00edvel dessa semana foi menor do que o menor ap\u00f3s a primeira\u00a0onda, no \u00faltimo trimestre do ano passado. A diminui\u00e7\u00e3o dos novos diagn\u00f3sticos positivos de covid-19 foi iniciada em mar\u00e7o, com um rev\u00e9s na SE 13.\u00a0\u00a0<\/p>\n\n\n\n<figure class=\"wp-block-image size-full\"><img loading=\"lazy\" decoding=\"async\" width=\"754\" height=\"487\" src=\"https:\/\/imais.online\/portal\/wp-content\/uploads\/2021\/09\/grafico2pagina8.jpg\" alt=\"\" class=\"wp-image-1599\" srcset=\"https:\/\/imais.online\/portal\/wp-content\/uploads\/2021\/09\/grafico2pagina8.jpg 754w, https:\/\/imais.online\/portal\/wp-content\/uploads\/2021\/09\/grafico2pagina8-300x194.jpg 300w\" sizes=\"auto, (max-width: 754px) 100vw, 754px\" \/><\/figure>\n\n\n\n<h2 class=\"wp-block-heading\">Estados<\/h2>\n\n\n\n<p>Na semana de 5 a&nbsp;11 de setembro, cinco estados experimentaram incremento de casos, um ficou est\u00e1vel e 20 mais o DF tiveram queda. Os crescimentos mais fortes ocorreram no Rio Grande do Sul (47%) e Rio Grande do Norte (37%). As redu\u00e7\u00f5es mais efetivas se deram em Roraima (-70%) e Mato Grosso do Sul (-59%).<\/p>\n\n\n\n<p>No caso dos novos \u00f3bitos, quatro estados registraram acr\u00e9scimo de vidas perdidas, enquanto um ficou est\u00e1vel e 21 mais o DF tiveram menos mortes novas em rela\u00e7\u00e3o ao balan\u00e7o da semana anterior. Os maiores incrementos aconteceram no Acre (100%) e Rond\u00f4nia (90%). As redu\u00e7\u00f5es mais efetivas foram registradas no Amap\u00e1 e Sergipe (-88%).<\/p>\n\n\n\n<h2 class=\"wp-block-heading\">Mundo<\/h2>\n\n\n\n<p>O Brasil foi a quinta\u00a0na\u00e7\u00e3o com mais novos \u00f3bitos na semana, atr\u00e1s dos Estados Unidos (11.384), R\u00fassia (5.429), M\u00e9xico (4.656) e Ir\u00e3 (3.760). Quando considerados n\u00fameros absolutos, o Brasil segue na segunda\u00a0posi\u00e7\u00e3o, atr\u00e1s dos Estados Unidos (659.691). Quando consideradas as mortes por 1 milh\u00e3o de habitantes, o Brasil fica na s\u00e9tima\u00a0coloca\u00e7\u00e3o.<\/p>\n\n\n\n<figure class=\"wp-block-image size-full\"><img loading=\"lazy\" decoding=\"async\" width=\"754\" height=\"508\" src=\"https:\/\/imais.online\/portal\/wp-content\/uploads\/2021\/09\/grafico2pagina6.jpg\" alt=\"\" class=\"wp-image-1600\" srcset=\"https:\/\/imais.online\/portal\/wp-content\/uploads\/2021\/09\/grafico2pagina6.jpg 754w, https:\/\/imais.online\/portal\/wp-content\/uploads\/2021\/09\/grafico2pagina6-300x202.jpg 300w\" sizes=\"auto, (max-width: 754px) 100vw, 754px\" \/><\/figure>\n\n\n\n<p>O Brasil foi o sexto pa\u00eds com mais novos casos nesta semana. Acima est\u00e3o Estados Unidos (1.014.963), Reino Unido (257.116), \u00cdndia (248.248), Ir\u00e3 (172.030) e Turquia (158.236). Considerando os casos acumulados, o Brasil fica na terceira\u00a0posi\u00e7\u00e3o, atr\u00e1s dos EUA (40,9 milh\u00f5es) e \u00cdndia (33,2 milh\u00f5es). Na compara\u00e7\u00e3o proporcional, por 1 milh\u00e3o de habitantes, o Brasil ocupa a 18\u00aa posi\u00e7\u00e3o.<\/p>\n\n\n\n<figure class=\"wp-block-image size-full\"><img loading=\"lazy\" decoding=\"async\" width=\"754\" height=\"488\" src=\"https:\/\/imais.online\/portal\/wp-content\/uploads\/2021\/09\/grafico1pagina6.jpg\" alt=\"\" class=\"wp-image-1601\" srcset=\"https:\/\/imais.online\/portal\/wp-content\/uploads\/2021\/09\/grafico1pagina6.jpg 754w, https:\/\/imais.online\/portal\/wp-content\/uploads\/2021\/09\/grafico1pagina6-300x194.jpg 300w\" sizes=\"auto, (max-width: 754px) 100vw, 754px\" \/><\/figure>\n","protected":false},"excerpt":{"rendered":"<p>Informa\u00e7\u00f5es est\u00e3o no Boletim Epidemiol\u00f3gico do Minist\u00e9rio da Sa\u00fade As vidas perdidas para a covid-19 ca\u00edram 27% na Semana Epidemiol\u00f3gica (SE) 36, de 5 a&nbsp;11 de setembro, em compara\u00e7\u00e3o com a semana anterior. As informa\u00e7\u00f5es est\u00e3o no mais recente Boletim Epidemiol\u00f3gico do Minist\u00e9rio da Sa\u00fade sobre a covid-19. Na SE 36, autoridades de sa\u00fade registraram [&hellip;]<\/p>\n","protected":false},"author":7,"featured_media":1602,"comment_status":"closed","ping_status":"open","sticky":false,"template":"","format":"standard","meta":{"rop_custom_images_group":[],"rop_custom_messages_group":[],"rop_publish_now":"initial","rop_publish_now_accounts":[],"rop_publish_now_history":[],"rop_publish_now_status":"pending","footnotes":""},"categories":[190],"tags":[73],"class_list":["post-1597","post","type-post","status-publish","format-standard","has-post-thumbnail","hentry","category-covid","tag-featured"],"amp_enabled":true,"_links":{"self":[{"href":"https:\/\/imais.online\/portal\/wp-json\/wp\/v2\/posts\/1597","targetHints":{"allow":["GET"]}}],"collection":[{"href":"https:\/\/imais.online\/portal\/wp-json\/wp\/v2\/posts"}],"about":[{"href":"https:\/\/imais.online\/portal\/wp-json\/wp\/v2\/types\/post"}],"author":[{"embeddable":true,"href":"https:\/\/imais.online\/portal\/wp-json\/wp\/v2\/users\/7"}],"replies":[{"embeddable":true,"href":"https:\/\/imais.online\/portal\/wp-json\/wp\/v2\/comments?post=1597"}],"version-history":[{"count":1,"href":"https:\/\/imais.online\/portal\/wp-json\/wp\/v2\/posts\/1597\/revisions"}],"predecessor-version":[{"id":1603,"href":"https:\/\/imais.online\/portal\/wp-json\/wp\/v2\/posts\/1597\/revisions\/1603"}],"wp:featuredmedia":[{"embeddable":true,"href":"https:\/\/imais.online\/portal\/wp-json\/wp\/v2\/media\/1602"}],"wp:attachment":[{"href":"https:\/\/imais.online\/portal\/wp-json\/wp\/v2\/media?parent=1597"}],"wp:term":[{"taxonomy":"category","embeddable":true,"href":"https:\/\/imais.online\/portal\/wp-json\/wp\/v2\/categories?post=1597"},{"taxonomy":"post_tag","embeddable":true,"href":"https:\/\/imais.online\/portal\/wp-json\/wp\/v2\/tags?post=1597"}],"curies":[{"name":"wp","href":"https:\/\/api.w.org\/{rel}","templated":true}]}}