{"id":1605,"date":"2021-09-18T10:03:21","date_gmt":"2021-09-18T13:03:21","guid":{"rendered":"https:\/\/imais.online\/portal\/?p=1605"},"modified":"2021-09-18T10:03:29","modified_gmt":"2021-09-18T13:03:29","slug":"indaiatuba-tem-17-252-adolescentes-entre-12-e-17-anos-vacinados-contra-covid-19","status":"publish","type":"post","link":"https:\/\/imais.online\/portal\/indaiatuba-tem-17-252-adolescentes-entre-12-e-17-anos-vacinados-contra-covid-19\/","title":{"rendered":"Indaiatuba tem 17.252 adolescentes entre 12 e 17 anos vacinados contra Covid-19"},"content":{"rendered":"<div class=\"imais-before-content-placement\" id=\"imais-93471368\"><script async src=\"\/\/pagead2.googlesyndication.com\/pagead\/js\/adsbygoogle.js?client=ca-pub-8787528412751566\" crossorigin=\"anonymous\"><\/script><ins class=\"adsbygoogle\" style=\"display:block;\" data-ad-client=\"ca-pub-8787528412751566\" \ndata-ad-slot=\"\" \ndata-ad-format=\"auto\"><\/ins>\n<script> \n(adsbygoogle = window.adsbygoogle || []).push({}); \n<\/script>\n<\/div>\n<p>A Secretaria Municipal de Sa\u00fade informa que Indaiatuba segue as orienta\u00e7\u00f5es do Governo do Estado e manter\u00e1 a vacina\u00e7\u00e3o contra Covid-19 para adolescentes entre 12 e 17 anos. O munic\u00edpio j\u00e1 vacinou 17.252 adolescentes de um total de 19.006 inscritos na plataforma Minha Vacina. A Prefeitura aguarda a libera\u00e7\u00e3o do Estado de novas doses de vacina para dar continuidade \u00e0 imuniza\u00e7\u00e3o do grupo dessa faixa et\u00e1ria.<\/p>\n\n\n\n<p>Entre os indaiatubanos vacinados est\u00e3o 2.589 adolescentes de 12 anos; 2.513 de 13 anos; 2.919 de 14 anos; 3.028 com 15 anos; 3.070 de 16 anos e 3.133 de 17 anos. Desses, 563 adolescentes est\u00e3o cadastrados com comorbidades.<\/p>\n\n\n\n<p>A secret\u00e1ria da pasta, Graziela Garcia, orienta as fam\u00edlias dos adolescentes que ainda n\u00e3o receberam a primeira dose do imunizante contra Covid-19 a aguardarem uma nova convoca\u00e7\u00e3o. \u201cAinda temos um grupo de 1.754 adolescentes cadastrados e que n\u00e3o compareceram nas datas de convoca\u00e7\u00e3o para receber a vacina ou que se cadastraram ap\u00f3s o per\u00edodo de convoca\u00e7\u00e3o. Orientamos que essas fam\u00edlias acompanhem o e-mail cadastrado na Minha Vacina e aguardem uma nova chamada\u201d, avisa.<\/p>\n\n\n\n<p>O cadastro na plataforma Minha Vacina para adolescentes foi aberto no dia 17 de agosto e a vacina\u00e7\u00e3o do grupo em Indaiatuba foi iniciada no dia 28 de agosto. Desde ent\u00e3o a campanha prosseguiu normalmente at\u00e9 a convoca\u00e7\u00e3o do \u00faltimo grupo de 12 anos, que aconteceu na segunda-feira (13). A Secretaria de Sa\u00fade ainda realizou uma repescagem de adolescentes entre 14 e 17 anos na ter\u00e7a-feira (14), e agora aguarda a libera\u00e7\u00e3o de novas doses da Pfizer para fazer uma outra repescagem, incluindo 12 e 13 anos.<\/p>\n\n\n\n<p>Na quarta-feira (16), o Governo Federal emitiu uma nota informativa suspendendo a vacina\u00e7\u00e3o de adolescentes entre 12 e 17 anos. Em resposta ao an\u00fancio, o Governo do Estado tamb\u00e9m emitiu uma nota informando que S\u00e3o Paulo continuar\u00e1 vacinando os adolescentes, sob o argumento de que a decis\u00e3o do Minist\u00e9rio da Sa\u00fade vai na contram\u00e3o de autoridades sanit\u00e1rias de outros pa\u00edses como os Estados Unidos, Chile, Canad\u00e1, Israel, Fran\u00e7a e It\u00e1lia, que j\u00e1 vacinam esse grupo.<\/p>\n\n\n\n<p>Em nota o Estado ainda ressaltou que as diretrizes do Governo Federal criam inseguran\u00e7a e em milh\u00f5es de adolescentes e fam\u00edlias que esperam ver os filhos imunizados, al\u00e9m de professores que convivem com eles diariamente.<\/p>\n\n\n\n<p>At\u00e9 a quarta-feira o Plano Estadual de Imuniza\u00e7\u00e3o j\u00e1 havia vacinado 2,4 milh\u00f5es de jovens de 12 a 17 anos, o que representa 72% do p\u00fablico desta faixa et\u00e1ria.<\/p>\n\n\n\n<p>Foto: Eliando Figueira RIC\/PMI<\/p>\n","protected":false},"excerpt":{"rendered":"<p>A Secretaria Municipal de Sa\u00fade informa que Indaiatuba segue as orienta\u00e7\u00f5es do Governo do Estado e manter\u00e1 a vacina\u00e7\u00e3o contra Covid-19 para adolescentes entre 12 e 17 anos. O munic\u00edpio j\u00e1 vacinou 17.252 adolescentes de um total de 19.006 inscritos na plataforma Minha Vacina. A Prefeitura aguarda a libera\u00e7\u00e3o do Estado de novas doses de [&hellip;]<\/p>\n","protected":false},"author":8,"featured_media":1606,"comment_status":"closed","ping_status":"open","sticky":false,"template":"","format":"standard","meta":{"rop_custom_images_group":[],"rop_custom_messages_group":[],"rop_publish_now":"initial","rop_publish_now_accounts":[],"rop_publish_now_history":[],"rop_publish_now_status":"pending","footnotes":""},"categories":[190],"tags":[],"class_list":["post-1605","post","type-post","status-publish","format-standard","has-post-thumbnail","hentry","category-covid"],"amp_enabled":true,"_links":{"self":[{"href":"https:\/\/imais.online\/portal\/wp-json\/wp\/v2\/posts\/1605","targetHints":{"allow":["GET"]}}],"collection":[{"href":"https:\/\/imais.online\/portal\/wp-json\/wp\/v2\/posts"}],"about":[{"href":"https:\/\/imais.online\/portal\/wp-json\/wp\/v2\/types\/post"}],"author":[{"embeddable":true,"href":"https:\/\/imais.online\/portal\/wp-json\/wp\/v2\/users\/8"}],"replies":[{"embeddable":true,"href":"https:\/\/imais.online\/portal\/wp-json\/wp\/v2\/comments?post=1605"}],"version-history":[{"count":1,"href":"https:\/\/imais.online\/portal\/wp-json\/wp\/v2\/posts\/1605\/revisions"}],"predecessor-version":[{"id":1607,"href":"https:\/\/imais.online\/portal\/wp-json\/wp\/v2\/posts\/1605\/revisions\/1607"}],"wp:featuredmedia":[{"embeddable":true,"href":"https:\/\/imais.online\/portal\/wp-json\/wp\/v2\/media\/1606"}],"wp:attachment":[{"href":"https:\/\/imais.online\/portal\/wp-json\/wp\/v2\/media?parent=1605"}],"wp:term":[{"taxonomy":"category","embeddable":true,"href":"https:\/\/imais.online\/portal\/wp-json\/wp\/v2\/categories?post=1605"},{"taxonomy":"post_tag","embeddable":true,"href":"https:\/\/imais.online\/portal\/wp-json\/wp\/v2\/tags?post=1605"}],"curies":[{"name":"wp","href":"https:\/\/api.w.org\/{rel}","templated":true}]}}