{"id":1640,"date":"2021-09-20T11:18:58","date_gmt":"2021-09-20T14:18:58","guid":{"rendered":"https:\/\/imais.online\/portal\/?p=1640"},"modified":"2021-09-20T11:19:00","modified_gmt":"2021-09-20T14:19:00","slug":"caixa-encerra-calendario-de-saque-da-5a-parcela-do-auxilio","status":"publish","type":"post","link":"https:\/\/imais.online\/portal\/caixa-encerra-calendario-de-saque-da-5a-parcela-do-auxilio\/","title":{"rendered":"Caixa encerra calend\u00e1rio de saque da 5\u00aa parcela do aux\u00edlio"},"content":{"rendered":"<div class=\"imais-before-content-placement\" id=\"imais-138172974\"><script async src=\"\/\/pagead2.googlesyndication.com\/pagead\/js\/adsbygoogle.js?client=ca-pub-8787528412751566\" crossorigin=\"anonymous\"><\/script><ins class=\"adsbygoogle\" style=\"display:block;\" data-ad-client=\"ca-pub-8787528412751566\" \ndata-ad-slot=\"\" \ndata-ad-format=\"auto\"><\/ins>\n<script> \n(adsbygoogle = window.adsbygoogle || []).push({}); \n<\/script>\n<\/div>\n<h2 class=\"wp-block-heading\">Nascidos em dezembro podem resgatar o valor em dinheiro ou fazer transfer\u00eancia banc\u00e1ria a partir desta segunda-feira<\/h2>\n\n\n\n<p>A Caixa encerra nesta segunda-feira (20) o calend\u00e1rio de saque da\u00a0quinta parcela do aux\u00edlio emergencial, com a libera\u00e7\u00e3o para os nascidos em dezembro. Os recursos para esse grupo foram disponibilizados pela Caixa para o grupo no \u00faltimo dia 31 de agosto.<\/p>\n\n\n\n<p>A partir desta ter\u00e7a-feira (21), come\u00e7a o dep\u00f3sito da sexta e pen\u00faltima parcela para o grupo de trabalhadores informais inscritos pelo Cad\u00danico ou aplicativo da Caixa.&nbsp;<\/p>\n\n\n\n<p>O dinheiro primeiro \u00e9 depositado na conta poupan\u00e7a digital, que pode ser movimentada por meio do aplicativo Caixa Tem, permitindo o pagamento de contas essenciais, boletos e realiza\u00e7\u00e3o de compras. Al\u00e9m disso, os benefici\u00e1rios tamb\u00e9m podem fazer transfer\u00eancias instant\u00e2neas entre bancos via PIX (exceto para contas de mesma titularidade). Depois come\u00e7a o calend\u00e1rio de saques e transfer\u00eancias banc\u00e1rias.<\/p>\n\n\n\n<p>J\u00e1 os\u00a0benefici\u00e1rios do Bolsa Fam\u00edlia\u00a0j\u00e1 come\u00e7aram a receber a 6\u00aa parcela do aux\u00edlio na \u00faltima sexta-feira (17). Esse grupo segue as datas normais de pagamento do programa, que s\u00e3o sempre nos \u00faltimos dez dias \u00fateis do m\u00eas. Nesta segunda, recebem os que t\u00eam o n\u00famero final 2 do NIS (N\u00famero de Identifica\u00e7\u00e3o Social).<\/p>\n\n\n\n<p>O aux\u00edlio emergencial foi criado em abril do ano passado pelo governo federal para atender a popula\u00e7\u00e3o de baixa renda afetada pela pandemia. O benef\u00edcio foi pago em cinco parcelas de R$ 600 ou R$ 1.200 para m\u00e3es chefes de fam\u00edlia e, depois, estendido at\u00e9 31 de dezembro de 2020 em at\u00e9 quatro parcelas de R$ 300 ou R$ 600 cada.<\/p>\n\n\n\n<p>Neste ano, a nova rodada de pagamentos, durante sete meses, prev\u00ea parcelas de R$ 150 a R$ 375, dependendo do perfil: as fam\u00edlias, em geral, recebem R$ 250; mulheres chefes de fam\u00edlia t\u00eam direito a R$ 375; e pessoas que moram sozinhas, R$ 150.<\/p>\n\n\n\n<p>O programa se encerraria com a quarta parcela, depositada em julho e sacada em agosto, mas foi prorrogado at\u00e9 outubro, com os mesmos valores para o benef\u00edcio. Em novembro, os benefici\u00e1rios mais vulner\u00e1veis devem come\u00e7ar a receber o Aux\u00edlio Brasil, programa idealizado pelo governo Bolsonaro para substituir o Bolsa Fam\u00edlia.<\/p>\n\n\n\n<h3 class=\"wp-block-heading\">Confira o calend\u00e1rio de saque da 5\u00aa parcela do aux\u00edlio<\/h3>\n\n\n\n<p>Nascidos em janeiro: 1\u00ba de setembro<br>Nascidos em fevereiro: 2 de setembro<br>Nascidos em mar\u00e7o: 3 de setembro<br>Nascidos em abril: 6 de setembro<br>Nascidos em maio: 9 de setembro<br>Nascidos em junho: 10 de setembro<br>Nascidos em julho: 13 de setembro<br>Nascidos em agosto: 14 de setembro<br>Nascidos em setembro: 15 de setembro<br>Nascidos em outubro: 16 de setembro<br>Nascidos em novembro: 17 de setembro<br><strong>Nascidos em dezembro: 20 de setembro<\/strong><\/p>\n\n\n\n<h3 class=\"wp-block-heading\">Confira o calend\u00e1rio da 6\u00aa parcela do aux\u00edlio para o Bolsa Fam\u00edlia<\/h3>\n\n\n\n<h3 class=\"wp-block-heading\"><br>Final do NIS 1: 17\/9<br><strong>Final do NIS 2: 20\/9<\/strong><br>Final do NIS 3: 21\/9<br>Final do NIS 4: 22\/9<br>Final do NIS 5: 23\/9<br>Final do NIS 6: 24\/9<br>Final do NIS 7: 27\/9<br>Final do NIS 8: 28\/9<br>Final do NIS 9: 39\/9<br>Final do NIS 0: 30\/9<\/h3>\n\n\n\n<p>FOTO: ARENA<\/p>\n","protected":false},"excerpt":{"rendered":"<p>Nascidos em dezembro podem resgatar o valor em dinheiro ou fazer transfer\u00eancia banc\u00e1ria a partir desta segunda-feira A Caixa encerra nesta segunda-feira (20) o calend\u00e1rio de saque da\u00a0quinta parcela do aux\u00edlio emergencial, com a libera\u00e7\u00e3o para os nascidos em dezembro. Os recursos para esse grupo foram disponibilizados pela Caixa para o grupo no \u00faltimo dia [&hellip;]<\/p>\n","protected":false},"author":8,"featured_media":1641,"comment_status":"closed","ping_status":"open","sticky":false,"template":"","format":"standard","meta":{"rop_custom_images_group":[],"rop_custom_messages_group":[],"rop_publish_now":"initial","rop_publish_now_accounts":[],"rop_publish_now_history":[],"rop_publish_now_status":"pending","footnotes":""},"categories":[192],"tags":[],"class_list":["post-1640","post","type-post","status-publish","format-standard","has-post-thumbnail","hentry","category-economia"],"amp_enabled":true,"_links":{"self":[{"href":"https:\/\/imais.online\/portal\/wp-json\/wp\/v2\/posts\/1640","targetHints":{"allow":["GET"]}}],"collection":[{"href":"https:\/\/imais.online\/portal\/wp-json\/wp\/v2\/posts"}],"about":[{"href":"https:\/\/imais.online\/portal\/wp-json\/wp\/v2\/types\/post"}],"author":[{"embeddable":true,"href":"https:\/\/imais.online\/portal\/wp-json\/wp\/v2\/users\/8"}],"replies":[{"embeddable":true,"href":"https:\/\/imais.online\/portal\/wp-json\/wp\/v2\/comments?post=1640"}],"version-history":[{"count":1,"href":"https:\/\/imais.online\/portal\/wp-json\/wp\/v2\/posts\/1640\/revisions"}],"predecessor-version":[{"id":1642,"href":"https:\/\/imais.online\/portal\/wp-json\/wp\/v2\/posts\/1640\/revisions\/1642"}],"wp:featuredmedia":[{"embeddable":true,"href":"https:\/\/imais.online\/portal\/wp-json\/wp\/v2\/media\/1641"}],"wp:attachment":[{"href":"https:\/\/imais.online\/portal\/wp-json\/wp\/v2\/media?parent=1640"}],"wp:term":[{"taxonomy":"category","embeddable":true,"href":"https:\/\/imais.online\/portal\/wp-json\/wp\/v2\/categories?post=1640"},{"taxonomy":"post_tag","embeddable":true,"href":"https:\/\/imais.online\/portal\/wp-json\/wp\/v2\/tags?post=1640"}],"curies":[{"name":"wp","href":"https:\/\/api.w.org\/{rel}","templated":true}]}}