{"id":1643,"date":"2021-09-20T16:10:39","date_gmt":"2021-09-20T19:10:39","guid":{"rendered":"https:\/\/imais.online\/portal\/?p=1643"},"modified":"2021-09-20T16:10:41","modified_gmt":"2021-09-20T19:10:41","slug":"vendas-no-comercio-paulistano-crescem-146-na-1a-quinzena-de-setembro","status":"publish","type":"post","link":"https:\/\/imais.online\/portal\/vendas-no-comercio-paulistano-crescem-146-na-1a-quinzena-de-setembro\/","title":{"rendered":"Vendas no com\u00e9rcio paulistano crescem 14,6% na 1\u00aa quinzena de setembro"},"content":{"rendered":"<div class=\"imais-before-content-placement\" id=\"imais-4166181591\"><script async src=\"\/\/pagead2.googlesyndication.com\/pagead\/js\/adsbygoogle.js?client=ca-pub-8787528412751566\" crossorigin=\"anonymous\"><\/script><ins class=\"adsbygoogle\" style=\"display:block;\" data-ad-client=\"ca-pub-8787528412751566\" \ndata-ad-slot=\"\" \ndata-ad-format=\"auto\"><\/ins>\n<script> \n(adsbygoogle = window.adsbygoogle || []).push({}); \n<\/script>\n<\/div>\n<h3 class=\"has-text-align-center wp-block-heading\">Em compara\u00e7\u00e3o com 2020, o crescimento foi 24,4%<\/h3>\n\n\n\n<p>As vendas no com\u00e9rcio da cidade de S\u00e3o Paulo cresceram 14,6% nos primeiros 15 dias deste m\u00eas de setembro, revelou a Associa\u00e7\u00e3o Comercial de S\u00e3o Paulo (ACSP). A compara\u00e7\u00e3o \u00e9 com o mesmo per\u00edodo do m\u00eas de agosto.<img decoding=\"async\" src=\"https:\/\/agenciabrasil.ebc.com.br\/ebc.png?id=1422116&amp;o=node\"><img decoding=\"async\" src=\"https:\/\/agenciabrasil.ebc.com.br\/ebc.gif?id=1422116&amp;o=node\"><\/p>\n\n\n\n<p>Quando comparado \u00e0s duas primeiras semanas do m\u00eas de setembro de 2020, quando havia mais restri\u00e7\u00f5es relacionadas \u00e0 pandemia da covid-19, o crescimento foi de 24,4%.<\/p>\n\n\n\n<p>Segundo a associa\u00e7\u00e3o, a recupera\u00e7\u00e3o no com\u00e9rcio paulistano vem ocorrendo desde maio, impulsionado pelo Dia das M\u00e3es, por uma maior flexibiliza\u00e7\u00e3o no funcionamento dos estabelecimentos e pelo aumento da vacina\u00e7\u00e3o. Para a ACSP, o setor deve voltar a crescer no pr\u00f3ximo ano.<\/p>\n\n\n\n<p>\u201cHoje, ainda estamos recuperando o que foi perdido a partir do distanciamento social que come\u00e7ou no in\u00edcio de 2020\u201d, disse Marcel Solimeo, economista-chefe da ACSP. \u201cS\u00f3 podemos considerar crescimento depois que atingirmos e superarmos os n\u00fameros de antes da pandemia\u201d, explicou.<\/p>\n\n\n\n<p>Fonte: Ag\u00eancia Brasil<\/p>\n","protected":false},"excerpt":{"rendered":"<p>Em compara\u00e7\u00e3o com 2020, o crescimento foi 24,4% As vendas no com\u00e9rcio da cidade de S\u00e3o Paulo cresceram 14,6% nos primeiros 15 dias deste m\u00eas de setembro, revelou a Associa\u00e7\u00e3o Comercial de S\u00e3o Paulo (ACSP). A compara\u00e7\u00e3o \u00e9 com o mesmo per\u00edodo do m\u00eas de agosto. Quando comparado \u00e0s duas primeiras semanas do m\u00eas de [&hellip;]<\/p>\n","protected":false},"author":8,"featured_media":1644,"comment_status":"closed","ping_status":"open","sticky":false,"template":"","format":"standard","meta":{"rop_custom_images_group":[],"rop_custom_messages_group":[],"rop_publish_now":"initial","rop_publish_now_accounts":[],"rop_publish_now_history":[],"rop_publish_now_status":"pending","footnotes":""},"categories":[192],"tags":[],"class_list":["post-1643","post","type-post","status-publish","format-standard","has-post-thumbnail","hentry","category-economia"],"amp_enabled":true,"_links":{"self":[{"href":"https:\/\/imais.online\/portal\/wp-json\/wp\/v2\/posts\/1643","targetHints":{"allow":["GET"]}}],"collection":[{"href":"https:\/\/imais.online\/portal\/wp-json\/wp\/v2\/posts"}],"about":[{"href":"https:\/\/imais.online\/portal\/wp-json\/wp\/v2\/types\/post"}],"author":[{"embeddable":true,"href":"https:\/\/imais.online\/portal\/wp-json\/wp\/v2\/users\/8"}],"replies":[{"embeddable":true,"href":"https:\/\/imais.online\/portal\/wp-json\/wp\/v2\/comments?post=1643"}],"version-history":[{"count":1,"href":"https:\/\/imais.online\/portal\/wp-json\/wp\/v2\/posts\/1643\/revisions"}],"predecessor-version":[{"id":1645,"href":"https:\/\/imais.online\/portal\/wp-json\/wp\/v2\/posts\/1643\/revisions\/1645"}],"wp:featuredmedia":[{"embeddable":true,"href":"https:\/\/imais.online\/portal\/wp-json\/wp\/v2\/media\/1644"}],"wp:attachment":[{"href":"https:\/\/imais.online\/portal\/wp-json\/wp\/v2\/media?parent=1643"}],"wp:term":[{"taxonomy":"category","embeddable":true,"href":"https:\/\/imais.online\/portal\/wp-json\/wp\/v2\/categories?post=1643"},{"taxonomy":"post_tag","embeddable":true,"href":"https:\/\/imais.online\/portal\/wp-json\/wp\/v2\/tags?post=1643"}],"curies":[{"name":"wp","href":"https:\/\/api.w.org\/{rel}","templated":true}]}}