{"id":1669,"date":"2021-09-21T10:26:32","date_gmt":"2021-09-21T13:26:32","guid":{"rendered":"https:\/\/imais.online\/portal\/?p=1669"},"modified":"2021-09-21T10:26:33","modified_gmt":"2021-09-21T13:26:33","slug":"deposito-da-6a-e-penultima-parcela-do-auxilio-comeca-nesta-terca","status":"publish","type":"post","link":"https:\/\/imais.online\/portal\/deposito-da-6a-e-penultima-parcela-do-auxilio-comeca-nesta-terca\/","title":{"rendered":"Dep\u00f3sito da 6\u00aa e pen\u00faltima parcela do aux\u00edlio come\u00e7a nesta ter\u00e7a"},"content":{"rendered":"<div class=\"imais-before-content-placement\" id=\"imais-3863424946\"><script async src=\"\/\/pagead2.googlesyndication.com\/pagead\/js\/adsbygoogle.js?client=ca-pub-8787528412751566\" crossorigin=\"anonymous\"><\/script><ins class=\"adsbygoogle\" style=\"display:block;\" data-ad-client=\"ca-pub-8787528412751566\" \ndata-ad-slot=\"\" \ndata-ad-format=\"auto\"><\/ins>\n<script> \n(adsbygoogle = window.adsbygoogle || []).push({}); \n<\/script>\n<\/div>\n<h2 class=\"has-text-align-center wp-block-heading\">Ser\u00e3o beneficiados hoje os nascidos em janeiro, que receber\u00e3o o valor em conta digital; veja o calend\u00e1rio de pagamento<\/h2>\n\n\n\n<p>O pagamento da\u00a06\u00aa e pen\u00faltima parcela do aux\u00edlio emergencial\u00a0come\u00e7a nesta ter\u00e7a-feira (21). Ser\u00e3o beneficiados trabalhadores informais cadastrados pelo Cad\u00danico ou pelo site e app da Caixa nascidos em janeiro, que receber\u00e3o primeiro o valor na conta digital e, depois, ter\u00e3o o saque liberado somente em 4 de outubro.<\/p>\n\n\n\n<p>O calend\u00e1rio de dep\u00f3sito da sexta parcela vai at\u00e9 o dia 3 de outubro, para os nascidos em dezembro. Depois come\u00e7am as datas para a libera\u00e7\u00e3o dos saques. Mas o valor depositado por ser movimentado pelo aplicativo Caixa Tem, para pagamento de boletos e compras.<\/p>\n\n\n\n<p>O grupo do Bolsa Fam\u00edlia j\u00e1 come\u00e7ou a receber a pen\u00faltima parcela do aux\u00edlio na sexta-feira (17). Nesta ter\u00e7a, ser\u00e3o beneficiados os integrantes do programa com final 3 do NIS (N\u00famero de Identifica\u00e7\u00e3o Social).<\/p>\n\n\n\n<p>O benef\u00edcio ser\u00e1 pago at\u00e9 outubro, com a 7\u00aa e \u00faltima parcela. A inten\u00e7\u00e3o do governo federal \u00e9, a partir de novembro, come\u00e7ar o pagamento do programa Aux\u00edlio Brasil, que substituir\u00e1 o Bolsa Fam\u00edlia, com valor maior e com mais beneficiados.<\/p>\n\n\n\n<p>Para isso, aumentou a al\u00edquota do IOF (Imposto de Opera\u00e7\u00f5es Financeiras) at\u00e9 dezembro, para poder bancar com os custos do novo programa. No pr\u00f3ximo ano, a ideia \u00e9 que o Aux\u00edlio Brasil seja financiado com a arrecada\u00e7\u00e3o da tributa\u00e7\u00e3o de lucros e dividendos prevista no projeto do Imposto de Renda com al\u00edquota de 15%.&nbsp;<\/p>\n\n\n\n<p>Neste ano, a rodada de pagamentos, durante sete meses, teve parcelas de R$ 150 a R$ 375, dependendo do perfil: as fam\u00edlias, em geral, recebem R$ 250; mulheres chefes de fam\u00edlia t\u00eam direito a R$ 375; e pessoas que moram sozinhas, R$ 150.<\/p>\n\n\n\n<p>O programa se encerraria com a quarta parcela, depositada em julho e sacada em agosto, mas foi prorrogado at\u00e9 outubro.\u00a0O\u00a0gasto do governo federal\u00a0com o pagamento das cinco primeiras parcelas j\u00e1 superou R$ 40 bilh\u00f5es.\u00a0Nesta etapa, foram beneficiadas 35,4 milh\u00f5es de pessoas, sendo 26,1 milh\u00f5es inscritas pelo Cad\u00danico e aplicativo da Caixa, e 9,3 milh\u00f5es do Bolsa Fam\u00edlia.<\/p>\n\n\n\n<p>Foto: Divulga\u00e7\u00e3o <\/p>\n","protected":false},"excerpt":{"rendered":"<p>Ser\u00e3o beneficiados hoje os nascidos em janeiro, que receber\u00e3o o valor em conta digital; veja o calend\u00e1rio de pagamento O pagamento da\u00a06\u00aa e pen\u00faltima parcela do aux\u00edlio emergencial\u00a0come\u00e7a nesta ter\u00e7a-feira (21). Ser\u00e3o beneficiados trabalhadores informais cadastrados pelo Cad\u00danico ou pelo site e app da Caixa nascidos em janeiro, que receber\u00e3o primeiro o valor na conta [&hellip;]<\/p>\n","protected":false},"author":8,"featured_media":1670,"comment_status":"closed","ping_status":"open","sticky":false,"template":"","format":"standard","meta":{"rop_custom_images_group":[],"rop_custom_messages_group":[],"rop_publish_now":"initial","rop_publish_now_accounts":[],"rop_publish_now_history":[],"rop_publish_now_status":"pending","footnotes":""},"categories":[192],"tags":[],"class_list":["post-1669","post","type-post","status-publish","format-standard","has-post-thumbnail","hentry","category-economia"],"amp_enabled":true,"_links":{"self":[{"href":"https:\/\/imais.online\/portal\/wp-json\/wp\/v2\/posts\/1669","targetHints":{"allow":["GET"]}}],"collection":[{"href":"https:\/\/imais.online\/portal\/wp-json\/wp\/v2\/posts"}],"about":[{"href":"https:\/\/imais.online\/portal\/wp-json\/wp\/v2\/types\/post"}],"author":[{"embeddable":true,"href":"https:\/\/imais.online\/portal\/wp-json\/wp\/v2\/users\/8"}],"replies":[{"embeddable":true,"href":"https:\/\/imais.online\/portal\/wp-json\/wp\/v2\/comments?post=1669"}],"version-history":[{"count":1,"href":"https:\/\/imais.online\/portal\/wp-json\/wp\/v2\/posts\/1669\/revisions"}],"predecessor-version":[{"id":1671,"href":"https:\/\/imais.online\/portal\/wp-json\/wp\/v2\/posts\/1669\/revisions\/1671"}],"wp:featuredmedia":[{"embeddable":true,"href":"https:\/\/imais.online\/portal\/wp-json\/wp\/v2\/media\/1670"}],"wp:attachment":[{"href":"https:\/\/imais.online\/portal\/wp-json\/wp\/v2\/media?parent=1669"}],"wp:term":[{"taxonomy":"category","embeddable":true,"href":"https:\/\/imais.online\/portal\/wp-json\/wp\/v2\/categories?post=1669"},{"taxonomy":"post_tag","embeddable":true,"href":"https:\/\/imais.online\/portal\/wp-json\/wp\/v2\/tags?post=1669"}],"curies":[{"name":"wp","href":"https:\/\/api.w.org\/{rel}","templated":true}]}}