{"id":1672,"date":"2021-09-21T10:32:35","date_gmt":"2021-09-21T13:32:35","guid":{"rendered":"https:\/\/imais.online\/portal\/?p=1672"},"modified":"2021-09-21T10:32:36","modified_gmt":"2021-09-21T13:32:36","slug":"orquestras-didaticas-da-camerata-filarmonica-apresentam-o-concerto-latinidades","status":"publish","type":"post","link":"https:\/\/imais.online\/portal\/orquestras-didaticas-da-camerata-filarmonica-apresentam-o-concerto-latinidades\/","title":{"rendered":"Orquestras did\u00e1ticas da Camerata Filarm\u00f4nica apresentam o concerto Latinidades"},"content":{"rendered":"<div class=\"imais-before-content-placement\" id=\"imais-1000878585\"><script async src=\"\/\/pagead2.googlesyndication.com\/pagead\/js\/adsbygoogle.js?client=ca-pub-8787528412751566\" crossorigin=\"anonymous\"><\/script><ins class=\"adsbygoogle\" style=\"display:block;\" data-ad-client=\"ca-pub-8787528412751566\" \ndata-ad-slot=\"\" \ndata-ad-format=\"auto\"><\/ins>\n<script> \n(adsbygoogle = window.adsbygoogle || []).push({}); \n<\/script>\n<\/div>\n<p>Latinidades \u00e9 o t\u00edtulo do primeiro concerto presencial com as orquestras did\u00e1ticas mantidas pela Associa\u00e7\u00e3o Camerata Filarm\u00f4nica de Indaiatuba (Acafi) na temporada 2021, que acontece no pr\u00f3ximo s\u00e1bado (25), a partir das 20 horas, no Centro Cultural Hermenegildo Pinto (Piano). As orquestras Jovem e Aprendiz trar\u00e3o como repert\u00f3rio obras brasileiras e da Am\u00e9rica Latina, de compositores como C\u00e9sar Guerra-Peixe, Clarice Assad, Sivuca, Carlos Cruz, Carlos Gardel e Astor Piazzolla. Os ingressos s\u00e3o limitados e devem ser trocados por um quilo de alimento n\u00e3o perec\u00edvel no Centro de Conven\u00e7\u00f5es Aydil Pinesi Bonachela, das 8h \u00e0s 17h.<\/p>\n\n\n\n<p>A Camerata Filarm\u00f4nica Aprendiz ser\u00e1 regida pelo maestro Alexandre Cruz e ter\u00e1 como solista o aluno de flauta Marcos Maldonado em uma das obras do repert\u00f3rio. Este projeto busca incentivar e valorizar a atua\u00e7\u00e3o dos alunos, criando a oportunidade para que possam atuar tamb\u00e9m como solista nos concertos.<\/p>\n\n\n\n<p>A Camerata Filarm\u00f4nica Jovem, sob reg\u00eancia da maestrina e diretora art\u00edstica do projeto, Nat\u00e1lia Laranjeira, traz ao programa, al\u00e9m das m\u00fasicas brasileiras, um repert\u00f3rio em homenagem aos 100 anos do compositor argentino Astor Piazzolla. Al\u00e9m das orquestras, dois grupos de c\u00e2mara formados por alunos dos projetos far\u00e3o participa\u00e7\u00f5es especiais: o Trio de Flautas e o Quarteto Ambiel. A coordena\u00e7\u00e3o pedag\u00f3gica \u00e9 de Sabrina Passarelli.<\/p>\n\n\n\n<p>Estreia<\/p>\n\n\n\n<p>O concerto ter\u00e1 como destaque a primeira execu\u00e7\u00e3o, ao vivo, de Tr\u00eas Pequenas Varia\u00e7\u00f5es no Estado de S\u00e3o Paulo. Criada em 2020, a m\u00fasica tem autoria de Clarice Assad, compositora indicada ao Grammy com mais de 70 obras e que teve suas cria\u00e7\u00f5es interpretadas por grandes orquestras do mundo, como a Orquestra Sinf\u00f4nica de S\u00e3o Paulo, Boston Youth Orchestra, Orquestra da Filad\u00e9lfia, Tokyo Symphony, Queensland Symphony, entre outras.<\/p>\n\n\n\n<p>Como solistas de suas obras, destacam-se a percussionista Evelyn Glennie, o violoncelista Yo-Yo Ma, a violinista Nadja Salerno-Sonnenberg e o obo\u00edsta Liang Wang. Como int\u00e9rprete, Clarice dividiu o palco com artistas como Bobby McFerrin, Anat Cohen, Nadia Sirota, Paquito D&#8217;Rivera, Tom Harrell, Marilyn Mazur e Mike Marshall, entre outros<\/p>\n\n\n\n<p>Educadora apaixonada, em 2015 fundou o VOXploration, um programa pioneiro e premiado que apresenta uma abordagem criativa, divertida e acess\u00edvel \u00e0 educa\u00e7\u00e3o musical por meio de experi\u00eancias interativas significativas.<\/p>\n\n\n\n<p>Clarice Assad \u00e9 bacharel em m\u00fasica pela Roosevelt University em Chicago, Illinois, e mestre em m\u00fasica pela University of Michigan School of Music, onde estudou com Michael Daugherty, Susan Botti e Evan Chambers.<\/p>\n\n\n\n<p>Para as temporadas de 2022 e 2023 j\u00e1 possui encomendas de novas obras pela Camerata Pacifica, Music Accord, League of American Orchestras, Oregon Symphony, Saint Paul Chamber Orchestra, LA Phil, Chamber Music America, Fry Street Quartet, San Jose Chamber Orchestra e Philadelphia Orquestra.<\/p>\n\n\n\n<p>Vale destacar que s\u00e3o obrigat\u00f3rios o uso de m\u00e1scara e o respeito ao distanciamento durante toda a atra\u00e7\u00e3o. O Centro Cultural Hermenegildo Pinto ter\u00e1 sua capacidade reduzida para 110 lugares. O concerto tem apoio da Prefeitura de Indaiatuba, por meio da Secretaria Municipal de Cultura, patroc\u00ednio da Mann+Hummel e Tuberfil, e realiza\u00e7\u00e3o da Secretaria Especial da Cultura, do Minist\u00e9rio do Turismo do Governo Federal.<\/p>\n\n\n\n<p>&#8230;servi\u00e7o&#8230;<\/p>\n\n\n\n<p>Concerto Latinidades<\/p>\n\n\n\n<p>Com: Camerata Filarm\u00f4nica Jovem e Camerata Filarm\u00f4nica Aprendiz de Indaiatuba<\/p>\n\n\n\n<p>Data: 25 de setembro<\/p>\n\n\n\n<p>Hor\u00e1rio: 20 horas<\/p>\n\n\n\n<p>Local: Centro Cultural Hermenegildo Pinto (Piano)<\/p>\n\n\n\n<p>Endere\u00e7o: Av. Eng. F\u00e1bio Roberto Barnab\u00e9, 5.924<\/p>\n\n\n\n<p>Entrada: um quilo de alimento n\u00e3o perec\u00edvel<\/p>\n\n\n\n<p>Onde trocar: Centro de Conven\u00e7\u00f5es Aydil Pinesi Bonachela (Rua das Primaveras, 210), das 8h \u00e0s 17h (ingressos limitados)<\/p>\n\n\n\n<p>Foto: Lillian Larangeira<\/p>\n","protected":false},"excerpt":{"rendered":"<p>Latinidades \u00e9 o t\u00edtulo do primeiro concerto presencial com as orquestras did\u00e1ticas mantidas pela Associa\u00e7\u00e3o Camerata Filarm\u00f4nica de Indaiatuba (Acafi) na temporada 2021, que acontece no pr\u00f3ximo s\u00e1bado (25), a partir das 20 horas, no Centro Cultural Hermenegildo Pinto (Piano). As orquestras Jovem e Aprendiz trar\u00e3o como repert\u00f3rio obras brasileiras e da Am\u00e9rica Latina, de [&hellip;]<\/p>\n","protected":false},"author":8,"featured_media":1673,"comment_status":"closed","ping_status":"open","sticky":false,"template":"","format":"standard","meta":{"rop_custom_images_group":[],"rop_custom_messages_group":[],"rop_publish_now":"initial","rop_publish_now_accounts":[],"rop_publish_now_history":[],"rop_publish_now_status":"pending","footnotes":""},"categories":[188],"tags":[],"class_list":["post-1672","post","type-post","status-publish","format-standard","has-post-thumbnail","hentry","category-indaiatuba"],"amp_enabled":true,"_links":{"self":[{"href":"https:\/\/imais.online\/portal\/wp-json\/wp\/v2\/posts\/1672","targetHints":{"allow":["GET"]}}],"collection":[{"href":"https:\/\/imais.online\/portal\/wp-json\/wp\/v2\/posts"}],"about":[{"href":"https:\/\/imais.online\/portal\/wp-json\/wp\/v2\/types\/post"}],"author":[{"embeddable":true,"href":"https:\/\/imais.online\/portal\/wp-json\/wp\/v2\/users\/8"}],"replies":[{"embeddable":true,"href":"https:\/\/imais.online\/portal\/wp-json\/wp\/v2\/comments?post=1672"}],"version-history":[{"count":1,"href":"https:\/\/imais.online\/portal\/wp-json\/wp\/v2\/posts\/1672\/revisions"}],"predecessor-version":[{"id":1674,"href":"https:\/\/imais.online\/portal\/wp-json\/wp\/v2\/posts\/1672\/revisions\/1674"}],"wp:featuredmedia":[{"embeddable":true,"href":"https:\/\/imais.online\/portal\/wp-json\/wp\/v2\/media\/1673"}],"wp:attachment":[{"href":"https:\/\/imais.online\/portal\/wp-json\/wp\/v2\/media?parent=1672"}],"wp:term":[{"taxonomy":"category","embeddable":true,"href":"https:\/\/imais.online\/portal\/wp-json\/wp\/v2\/categories?post=1672"},{"taxonomy":"post_tag","embeddable":true,"href":"https:\/\/imais.online\/portal\/wp-json\/wp\/v2\/tags?post=1672"}],"curies":[{"name":"wp","href":"https:\/\/api.w.org\/{rel}","templated":true}]}}