{"id":1675,"date":"2021-09-21T14:14:22","date_gmt":"2021-09-21T17:14:22","guid":{"rendered":"https:\/\/imais.online\/portal\/?p=1675"},"modified":"2021-09-21T14:15:28","modified_gmt":"2021-09-21T17:15:28","slug":"estimativa-de-inadimplencia-do-varejo-em-setembro-fica-em-406","status":"publish","type":"post","link":"https:\/\/imais.online\/portal\/estimativa-de-inadimplencia-do-varejo-em-setembro-fica-em-406\/","title":{"rendered":"Estimativa de inadimpl\u00eancia do varejo em setembro fica em 4,06%"},"content":{"rendered":"<div class=\"imais-before-content-placement\" id=\"imais-505367068\"><script async src=\"\/\/pagead2.googlesyndication.com\/pagead\/js\/adsbygoogle.js?client=ca-pub-8787528412751566\" crossorigin=\"anonymous\"><\/script><ins class=\"adsbygoogle\" style=\"display:block;\" data-ad-client=\"ca-pub-8787528412751566\" \ndata-ad-slot=\"\" \ndata-ad-format=\"auto\"><\/ins>\n<script> \n(adsbygoogle = window.adsbygoogle || []).push({}); \n<\/script>\n<\/div>\n<h3 class=\"has-text-align-center wp-block-heading\">Segundo o Ibevar, resultado \u00e9 0,04 ponto percentual menor que julho<\/h3>\n\n\n\n<p>A estimativa de inadimpl\u00eancia do setor de varejo para setembro ficou em 4,06%. O resultado \u00e9 0,04 ponto percentual menor do que o \u00edndice efetivamente registrado em julho (4,1%). A previs\u00e3o para setembro \u00e9 uma m\u00e9dia entre os \u00edndices m\u00ednimos e m\u00e1ximos estimados para os atrasos de pagamento de cr\u00e9dito com recursos livres, que ficaram entre 3,79% e 4,32%. Os dados s\u00e3o&nbsp;do Instituto Brasileiro de Executivos de Varejo e Mercado de Consumo (Ibevar).<img decoding=\"async\" src=\"https:\/\/agenciabrasil.ebc.com.br\/ebc.png?id=1422209&amp;o=node\"><img decoding=\"async\" src=\"https:\/\/agenciabrasil.ebc.com.br\/ebc.gif?id=1422209&amp;o=node\"><\/p>\n\n\n\n<p>A inadimpl\u00eancia para pessoas f\u00edsicas com recursos livres mede todas as opera\u00e7\u00f5es com parcelas com mais de 90 dias de atraso, com exce\u00e7\u00e3o das vinculadas a recursos do Banco Nacional de Desenvolvimento Econ\u00f4mico e Social (BNDES) ou outras fontes de dinheiro p\u00fablico.<\/p>\n\n\n\n<p>Para o presidente do Ibevar, Claudio Felisoni de Angelo, a redu\u00e7\u00e3o do \u00edndice reflete o cen\u00e1rio econ\u00f4mico com alta da infla\u00e7\u00e3o e do desemprego, com os consumidores cortando gastos. Por conta da crise pol\u00edtica, econ\u00f4mica e sanit\u00e1ria no Brasil, em conjunto com a desvaloriza\u00e7\u00e3o do real e aumento da infla\u00e7\u00e3o, os pre\u00e7os dos produtos e mercadorias acabaram subindo bastante nos \u00faltimos tempos e, por isso, muitas pessoas tiveram que cortar gastos ou poupar o dinheiro para pagar suas contas\u201d, ressaltou.<\/p>\n\n\n\n<p>Angelo acredita que nos pr\u00f3ximos meses alguns segmentos do varejo devam sofrer com a retra\u00e7\u00e3o econ\u00f4mica. \u201cAlgumas categorias do varejo devem apresentar queda acentuada em sua comercializa\u00e7\u00e3o, como de materiais de constru\u00e7\u00e3o, m\u00f3veis e eletrodom\u00e9sticos, livros, jornais e revistas e entre outros\u201d, acrescentou.<\/p>\n\n\n\n<p>\u00a0Por Daniel Mello<\/p>\n","protected":false},"excerpt":{"rendered":"<p>Segundo o Ibevar, resultado \u00e9 0,04 ponto percentual menor que julho A estimativa de inadimpl\u00eancia do setor de varejo para setembro ficou em 4,06%. O resultado \u00e9 0,04 ponto percentual menor do que o \u00edndice efetivamente registrado em julho (4,1%). A previs\u00e3o para setembro \u00e9 uma m\u00e9dia entre os \u00edndices m\u00ednimos e m\u00e1ximos estimados para [&hellip;]<\/p>\n","protected":false},"author":8,"featured_media":1676,"comment_status":"closed","ping_status":"open","sticky":false,"template":"","format":"standard","meta":{"rop_custom_images_group":[],"rop_custom_messages_group":[],"rop_publish_now":"initial","rop_publish_now_accounts":[],"rop_publish_now_history":[],"rop_publish_now_status":"pending","footnotes":""},"categories":[192],"tags":[],"class_list":["post-1675","post","type-post","status-publish","format-standard","has-post-thumbnail","hentry","category-economia"],"amp_enabled":true,"_links":{"self":[{"href":"https:\/\/imais.online\/portal\/wp-json\/wp\/v2\/posts\/1675","targetHints":{"allow":["GET"]}}],"collection":[{"href":"https:\/\/imais.online\/portal\/wp-json\/wp\/v2\/posts"}],"about":[{"href":"https:\/\/imais.online\/portal\/wp-json\/wp\/v2\/types\/post"}],"author":[{"embeddable":true,"href":"https:\/\/imais.online\/portal\/wp-json\/wp\/v2\/users\/8"}],"replies":[{"embeddable":true,"href":"https:\/\/imais.online\/portal\/wp-json\/wp\/v2\/comments?post=1675"}],"version-history":[{"count":1,"href":"https:\/\/imais.online\/portal\/wp-json\/wp\/v2\/posts\/1675\/revisions"}],"predecessor-version":[{"id":1677,"href":"https:\/\/imais.online\/portal\/wp-json\/wp\/v2\/posts\/1675\/revisions\/1677"}],"wp:featuredmedia":[{"embeddable":true,"href":"https:\/\/imais.online\/portal\/wp-json\/wp\/v2\/media\/1676"}],"wp:attachment":[{"href":"https:\/\/imais.online\/portal\/wp-json\/wp\/v2\/media?parent=1675"}],"wp:term":[{"taxonomy":"category","embeddable":true,"href":"https:\/\/imais.online\/portal\/wp-json\/wp\/v2\/categories?post=1675"},{"taxonomy":"post_tag","embeddable":true,"href":"https:\/\/imais.online\/portal\/wp-json\/wp\/v2\/tags?post=1675"}],"curies":[{"name":"wp","href":"https:\/\/api.w.org\/{rel}","templated":true}]}}