{"id":16842,"date":"2023-07-25T14:08:36","date_gmt":"2023-07-25T17:08:36","guid":{"rendered":"https:\/\/imais.online\/portal\/?p=16842"},"modified":"2023-07-25T14:08:46","modified_gmt":"2023-07-25T17:08:46","slug":"fetiche-models-promove-o-26o-garota-e-garoto-sao-paulo-estudantil-versao-2023","status":"publish","type":"post","link":"https:\/\/imais.online\/portal\/fetiche-models-promove-o-26o-garota-e-garoto-sao-paulo-estudantil-versao-2023\/","title":{"rendered":"Fetiche Models promove o 26\u00ba Garota e Garoto S\u00e3o Paulo Estudantil &#8211; Vers\u00e3o 2023"},"content":{"rendered":"<div class=\"imais-before-content-placement\" id=\"imais-2027440369\"><script async src=\"\/\/pagead2.googlesyndication.com\/pagead\/js\/adsbygoogle.js?client=ca-pub-8787528412751566\" crossorigin=\"anonymous\"><\/script><ins class=\"adsbygoogle\" style=\"display:block;\" data-ad-client=\"ca-pub-8787528412751566\" \ndata-ad-slot=\"\" \ndata-ad-format=\"auto\"><\/ins>\n<script> \n(adsbygoogle = window.adsbygoogle || []).push({}); \n<\/script>\n<\/div>\n<p>A cidade de Salto se transformar\u00e1 num templo de beleza para receber os candidatos e candidatas finalistas do tradicional concurso de modelos \u201cGarota e Garoto S\u00e3o Paulo Estudantil \u2013 vers\u00e3o 2023\u201d.<\/p>\n\n\n\n<p>O concurso que realiza neste ano sua 26\u00aa edi\u00e7\u00e3o \u00e9 promovido pela conceituada ag\u00eancia Fetiche Models e dirigida pelo manager Sandro Bergamo. Os desfiles acontecer\u00e3o na Sala Giuseppe Verdi, em Salto, nas seguintes datas:<\/p>\n\n\n\n<ul class=\"wp-block-list\"><li>Dia <strong>28\/07<\/strong> \u2013 20h \u2013 <strong>Etapa TOP 10<\/strong> \u2013 Categoria Infantil Masculino<\/li><li>Dia <strong>29\/07<\/strong> \u2013 20h \u2013 <strong>Etapa TOP 10<\/strong> \u2013 Categoria Infantil Feminino 1<\/li><li>Dia <strong>30\/07<\/strong> \u2013 19h \u2013 <strong>Etapa TOP 10<\/strong> \u2013 Categoria Infantil Feminino 2<\/li><li>Dia <strong>05\/08<\/strong> \u2013 20h \u2013 <strong>Etapa Final<\/strong> \u2013 Categoria Adulto<\/li><li>Dia <strong>06\/08<\/strong> \u2013 19h \u2013 <strong>Etapa Final<\/strong> \u2013 Categoria Infantil<\/li><\/ul>\n\n\n\n<p>Neste ano, mais de 800 pessoas se inscreveram no concurso, sendo que foram classificados 25 candidatos (infantil masculino), 15 candidatos (adulto masculino), 23 candidatas (adulto feminino) e 60 (infantil feminino).<\/p>\n\n\n\n<figure class=\"wp-block-image size-full\"><img loading=\"lazy\" decoding=\"async\" width=\"940\" height=\"788\" src=\"https:\/\/imais.online\/portal\/wp-content\/uploads\/2023\/07\/2.png\" alt=\"\" class=\"wp-image-16846\" srcset=\"https:\/\/imais.online\/portal\/wp-content\/uploads\/2023\/07\/2.png 940w, https:\/\/imais.online\/portal\/wp-content\/uploads\/2023\/07\/2-300x251.png 300w, https:\/\/imais.online\/portal\/wp-content\/uploads\/2023\/07\/2-768x644.png 768w\" sizes=\"auto, (max-width: 940px) 100vw, 940px\" \/><\/figure>\n\n\n\n<p>Os candidatos j\u00e1 passaram por avalia\u00e7\u00f5es de fotogenia, passarela, comunica\u00e7\u00e3o e personalidade para o mercado da moda. Agora enfrentar\u00e3o a banca julgadora convidada.&nbsp;<\/p>\n\n\n\n<p>As noites prometem muita emo\u00e7\u00e3o, estilo e beleza, marcas registradas da Fetiche Models.<\/p>\n\n\n\n<p><strong><em><u>Servi\u00e7o<\/u><\/em><\/strong><strong><em>:<\/em><\/strong><\/p>\n\n\n\n<p><em>Concurso Garota e Garoto S\u00e3o Paulo Estudantil 2023<\/em><\/p>\n\n\n\n<p><em>Local: Sala Giuseppe Verdi (Rua Jos\u00e9 Galv\u00e3o, 104, Salto-SP)<\/em><\/p>\n\n\n\n<p><em>Ingressos: Est\u00e3o \u00e0 venda atrav\u00e9s do site www.ingressodigital.com<\/em><\/p>\n","protected":false},"excerpt":{"rendered":"<p>A cidade de Salto se transformar\u00e1 num templo de beleza para receber os candidatos e candidatas finalistas do tradicional concurso de modelos \u201cGarota e Garoto S\u00e3o Paulo Estudantil \u2013 vers\u00e3o 2023\u201d. O concurso que realiza neste ano sua 26\u00aa edi\u00e7\u00e3o \u00e9 promovido pela conceituada ag\u00eancia Fetiche Models e dirigida pelo manager Sandro Bergamo. Os desfiles [&hellip;]<\/p>\n","protected":false},"author":7,"featured_media":16845,"comment_status":"closed","ping_status":"open","sticky":false,"template":"","format":"standard","meta":{"rop_custom_images_group":[],"rop_custom_messages_group":[],"rop_publish_now":"initial","rop_publish_now_accounts":[],"rop_publish_now_history":[],"rop_publish_now_status":"pending","footnotes":""},"categories":[194],"tags":[],"class_list":["post-16842","post","type-post","status-publish","format-standard","has-post-thumbnail","hentry","category-regia"],"amp_enabled":true,"_links":{"self":[{"href":"https:\/\/imais.online\/portal\/wp-json\/wp\/v2\/posts\/16842","targetHints":{"allow":["GET"]}}],"collection":[{"href":"https:\/\/imais.online\/portal\/wp-json\/wp\/v2\/posts"}],"about":[{"href":"https:\/\/imais.online\/portal\/wp-json\/wp\/v2\/types\/post"}],"author":[{"embeddable":true,"href":"https:\/\/imais.online\/portal\/wp-json\/wp\/v2\/users\/7"}],"replies":[{"embeddable":true,"href":"https:\/\/imais.online\/portal\/wp-json\/wp\/v2\/comments?post=16842"}],"version-history":[{"count":1,"href":"https:\/\/imais.online\/portal\/wp-json\/wp\/v2\/posts\/16842\/revisions"}],"predecessor-version":[{"id":16847,"href":"https:\/\/imais.online\/portal\/wp-json\/wp\/v2\/posts\/16842\/revisions\/16847"}],"wp:featuredmedia":[{"embeddable":true,"href":"https:\/\/imais.online\/portal\/wp-json\/wp\/v2\/media\/16845"}],"wp:attachment":[{"href":"https:\/\/imais.online\/portal\/wp-json\/wp\/v2\/media?parent=16842"}],"wp:term":[{"taxonomy":"category","embeddable":true,"href":"https:\/\/imais.online\/portal\/wp-json\/wp\/v2\/categories?post=16842"},{"taxonomy":"post_tag","embeddable":true,"href":"https:\/\/imais.online\/portal\/wp-json\/wp\/v2\/tags?post=16842"}],"curies":[{"name":"wp","href":"https:\/\/api.w.org\/{rel}","templated":true}]}}