{"id":16912,"date":"2023-07-26T20:29:16","date_gmt":"2023-07-26T23:29:16","guid":{"rendered":"https:\/\/imais.online\/portal\/?p=16912"},"modified":"2023-07-26T20:29:18","modified_gmt":"2023-07-26T23:29:18","slug":"governador-de-sp-recebe-presidente-eleito-do-paraguai-para-debater-investimentos","status":"publish","type":"post","link":"https:\/\/imais.online\/portal\/governador-de-sp-recebe-presidente-eleito-do-paraguai-para-debater-investimentos\/","title":{"rendered":"Governador de SP recebe presidente eleito do Paraguai para debater investimentos"},"content":{"rendered":"<div class=\"imais-before-content-placement\" id=\"imais-4001616271\"><script async src=\"\/\/pagead2.googlesyndication.com\/pagead\/js\/adsbygoogle.js?client=ca-pub-8787528412751566\" crossorigin=\"anonymous\"><\/script><ins class=\"adsbygoogle\" style=\"display:block;\" data-ad-client=\"ca-pub-8787528412751566\" \ndata-ad-slot=\"\" \ndata-ad-format=\"auto\"><\/ins>\n<script> \n(adsbygoogle = window.adsbygoogle || []).push({}); \n<\/script>\n<\/div>\n<p class=\"has-text-align-center\">Santiago Pe\u00f1a tamb\u00e9m recebeu a medalha Ordem do Ipiranga, a mais alta honraria concedida pelo Estado de S\u00e3o Paulo<\/p>\n\n\n\n<p>O governador Tarc\u00edsio de Freitas recebeu o presidente eleito do Paraguai, Santiago Pe\u00f1a, nesta quarta-feira (26), no Pal\u00e1cio dos Bandeirantes, para um encontro focado no debate sobre oportunidades de coopera\u00e7\u00e3o e identifica\u00e7\u00e3o de pol\u00edticas p\u00fablicas que possam promover o interc\u00e2mbio comercial e os investimentos nas duas regi\u00f5es.<\/p>\n\n\n\n<p>\u201cDesde que assumimos estamos fazendo um esfor\u00e7o muito grande para promover o investimento e criar um ecossistema favor\u00e1vel para a realiza\u00e7\u00e3o de investimentos no nosso territ\u00f3rio\u201d, afirmou Tarc\u00edsio de Freitas, que ressaltou ainda a disponibilidade do governo paulista em cooperar com o Paraguai. \u201cVamos trabalhar juntos para que este mandato seja extremamente bem-sucedido. Contem com todo o nosso empenho e parceria. \u00c9 a primeira reuni\u00e3o de aproxima\u00e7\u00e3o, constru\u00e7\u00e3o de la\u00e7os que ser\u00e3o cada vez mais fortes\u201d, completou o governador.<\/p>\n\n\n\n<p>As possibilidades para coopera\u00e7\u00e3o entre o Paraguai e o Estado de S\u00e3o Paulo em diversas \u00e1reas, como agricultura e sustentabilidade nos setores agr\u00edcola, aliment\u00edcio e tecnol\u00f3gico, tamb\u00e9m estiveram na pauta do encontro. \u201cQuero unir for\u00e7as. Nesta primeira reuni\u00e3o \u00e9 muito importante olharmos para o futuro da mesma forma\u201d, ressaltou Santiago Pe\u00f1a.<\/p>\n\n\n\n<p>O governador de S\u00e3o Paulo estava acompanhado dos secret\u00e1rios Lucas Ferraz, de Neg\u00f3cios Internacionais, Natalia Resende, de Meio Ambiente, Infraestrutura e Log\u00edstica, Samuel Kinoshita, da Fazenda e Planejamento, e Arthur Lima, secret\u00e1rio-chefe da Casa Civil.<\/p>\n\n\n\n<p>Outro ponto de destaque durante o encontro foi o desenvolvimento do Porto de Santos, que \u00e9 fundamental para o estado. Tarc\u00edsio de Freitas ressaltou a import\u00e2ncia de promover o avan\u00e7o de projetos que possam oferecer melhorias, como \u00e9 o caso da liga\u00e7\u00e3o seca entre Santos e Guaruj\u00e1.<\/p>\n\n\n\n<p>As a\u00e7\u00f5es do governo paulista para desburocratiza\u00e7\u00e3o e facilita\u00e7\u00e3o do com\u00e9rcio tamb\u00e9m foram apresentadas. \u201cEstamos trazendo iniciativas pioneiras para a \u00e1rea internacional do estado. Queremos que os processos sejam cada vez mais \u00e1geis, para alavancar os neg\u00f3cios em S\u00e3o Paulo. Tamb\u00e9m trabalhamos em parceria com a Secretaria de Fazenda para agregar benef\u00edcios ao Programa OEA \u2013 Operador Econ\u00f4mico Autorizado, em n\u00edvel estadual\u201d, destacou o secret\u00e1rio de Neg\u00f3cios Internacionais, Lucas Ferraz.<\/p>\n\n\n\n<p>Durante o encontro, Santiago Pe\u00f1a recebeu do governador Tarc\u00edsio de Freitas a medalha Ordem do Ipiranga, a mais alta honraria concedida pelo Estado de S\u00e3o Paulo.<\/p>\n\n\n\n<p>A comitiva do Paraguai tamb\u00e9m contou com a participa\u00e7\u00e3o do embaixador Rub\u00e9n Ram\u00edrez Lezcano, futuro Ministro das Rela\u00e7\u00f5es Exteriores, do embaixador em Bras\u00edlia, Juan Angel Delgadillo, do embaixador Lu\u00eds Fernando \u00c1valos, C\u00f4nsul-Geral em S\u00e3o Paulo, de Javier Gim\u00e9nez, futuro Ministro das Ind\u00fastrias e Com\u00e9rcio, e de Carlos Fern\u00e1ndez Valdovinos, futuro Ministro da Fazenda. O secret\u00e1rio de Promo\u00e7\u00e3o Comercial, Ci\u00eancia, Tecnologia e Inova\u00e7\u00e3o e Cultura do Minist\u00e9rio das Rela\u00e7\u00f5es Exteriores, Laudemar Neto, tamb\u00e9m participou do encontro.<\/p>\n","protected":false},"excerpt":{"rendered":"<p>Santiago Pe\u00f1a tamb\u00e9m recebeu a medalha Ordem do Ipiranga, a mais alta honraria concedida pelo Estado de S\u00e3o Paulo O governador Tarc\u00edsio de Freitas recebeu o presidente eleito do Paraguai, Santiago Pe\u00f1a, nesta quarta-feira (26), no Pal\u00e1cio dos Bandeirantes, para um encontro focado no debate sobre oportunidades de coopera\u00e7\u00e3o e identifica\u00e7\u00e3o de pol\u00edticas p\u00fablicas que [&hellip;]<\/p>\n","protected":false},"author":7,"featured_media":16913,"comment_status":"closed","ping_status":"open","sticky":false,"template":"","format":"standard","meta":{"rop_custom_images_group":[],"rop_custom_messages_group":[],"rop_publish_now":"initial","rop_publish_now_accounts":[],"rop_publish_now_history":[],"rop_publish_now_status":"pending","footnotes":""},"categories":[195],"tags":[73],"class_list":["post-16912","post","type-post","status-publish","format-standard","has-post-thumbnail","hentry","category-sao-paulo","tag-featured"],"amp_enabled":true,"_links":{"self":[{"href":"https:\/\/imais.online\/portal\/wp-json\/wp\/v2\/posts\/16912","targetHints":{"allow":["GET"]}}],"collection":[{"href":"https:\/\/imais.online\/portal\/wp-json\/wp\/v2\/posts"}],"about":[{"href":"https:\/\/imais.online\/portal\/wp-json\/wp\/v2\/types\/post"}],"author":[{"embeddable":true,"href":"https:\/\/imais.online\/portal\/wp-json\/wp\/v2\/users\/7"}],"replies":[{"embeddable":true,"href":"https:\/\/imais.online\/portal\/wp-json\/wp\/v2\/comments?post=16912"}],"version-history":[{"count":1,"href":"https:\/\/imais.online\/portal\/wp-json\/wp\/v2\/posts\/16912\/revisions"}],"predecessor-version":[{"id":16914,"href":"https:\/\/imais.online\/portal\/wp-json\/wp\/v2\/posts\/16912\/revisions\/16914"}],"wp:featuredmedia":[{"embeddable":true,"href":"https:\/\/imais.online\/portal\/wp-json\/wp\/v2\/media\/16913"}],"wp:attachment":[{"href":"https:\/\/imais.online\/portal\/wp-json\/wp\/v2\/media?parent=16912"}],"wp:term":[{"taxonomy":"category","embeddable":true,"href":"https:\/\/imais.online\/portal\/wp-json\/wp\/v2\/categories?post=16912"},{"taxonomy":"post_tag","embeddable":true,"href":"https:\/\/imais.online\/portal\/wp-json\/wp\/v2\/tags?post=16912"}],"curies":[{"name":"wp","href":"https:\/\/api.w.org\/{rel}","templated":true}]}}