{"id":1694,"date":"2021-09-21T17:54:41","date_gmt":"2021-09-21T20:54:41","guid":{"rendered":"https:\/\/imais.online\/portal\/?p=1694"},"modified":"2021-09-22T08:43:47","modified_gmt":"2021-09-22T11:43:47","slug":"a-magia-do-bruxo-chega-ao-laroc-club-boris-brejcha-apresenta-dois-shows-ineditos-na-reabertura-do-club","status":"publish","type":"post","link":"https:\/\/imais.online\/portal\/a-magia-do-bruxo-chega-ao-laroc-club-boris-brejcha-apresenta-dois-shows-ineditos-na-reabertura-do-club\/","title":{"rendered":"A magia do bruxo chega ao Laroc Club: Boris Brejcha apresenta dois shows in\u00e9ditos na reabertura do club"},"content":{"rendered":"<div class=\"imais-before-content-placement\" id=\"imais-37880524\"><script async src=\"\/\/pagead2.googlesyndication.com\/pagead\/js\/adsbygoogle.js?client=ca-pub-8787528412751566\" crossorigin=\"anonymous\"><\/script><ins class=\"adsbygoogle\" style=\"display:block;\" data-ad-client=\"ca-pub-8787528412751566\" \ndata-ad-slot=\"\" \ndata-ad-format=\"auto\"><\/ins>\n<script> \n(adsbygoogle = window.adsbygoogle || []).push({}); \n<\/script>\n<\/div>\n<p>Ap\u00f3s in\u00fameros pedidos, eventos \u201cfakes\u201d criados no Facebook e altas mensagens nas redes sociais, o <strong>Laroc Club<\/strong> tem orgulho de anunciar um headliner in\u00e9dito em seu retorno \u00e0s festas: <strong>Boris Brejcha<\/strong>!<br><br>O alem\u00e3o ser\u00e1 a estrela das duas aberturas da casa localizada no km 118 da Rodovia Dom Pedro, em Valinhos, nos dias <strong>19 e 20 de novembro<\/strong>, marcando a primeira celebra\u00e7\u00e3o ap\u00f3s os 16 meses em que o club esteve fechado.<br><br>Apelidado como \u201cBruxo\u201d, Brejcha \u00e9 um velho conhecido dos amantes da m\u00fasica eletr\u00f4nica no Brasil. Ali\u00e1s, para quem n\u00e3o sabe, a primeira apresenta\u00e7\u00e3o dele como DJ foi aqui em terras tupiniquins. Com seu talento ineg\u00e1vel, ele carrega multid\u00f5es em suas apresenta\u00e7\u00f5es pelos festivais no pa\u00eds, toca vestindo a camisa verde e amarela, \u00e9 um dos gringos mais queridos pelos brasileiros e vai estrear sua magia nas duas aberturas do club, que ocorrer\u00e3o das 22h \u00e0s 8h no primeiro dia, e das 16h \u00e0s 3h no segundo dia.<\/p>\n\n\n\n<figure class=\"wp-block-image size-large\"><img loading=\"lazy\" decoding=\"async\" width=\"1024\" height=\"682\" src=\"https:\/\/imais.online\/portal\/wp-content\/uploads\/2021\/09\/2-2-1024x682.jpg\" alt=\"\" class=\"wp-image-1696\" srcset=\"https:\/\/imais.online\/portal\/wp-content\/uploads\/2021\/09\/2-2-1024x682.jpg 1024w, https:\/\/imais.online\/portal\/wp-content\/uploads\/2021\/09\/2-2-300x200.jpg 300w, https:\/\/imais.online\/portal\/wp-content\/uploads\/2021\/09\/2-2-768x512.jpg 768w, https:\/\/imais.online\/portal\/wp-content\/uploads\/2021\/09\/2-2.jpg 1280w\" sizes=\"auto, (max-width: 1024px) 100vw, 1024px\" \/><figcaption>Foto: divulga\u00e7\u00e3o<\/figcaption><\/figure>\n\n\n\n<p>Com sua m\u00e1scara de Joker marcante, Boris Brejcha \u00e9 um fen\u00f4meno mundial da cena eletr\u00f4nica direcionado a experimenta\u00e7\u00f5es musicais novas e detentor do seu pr\u00f3prio g\u00eanero musical, o \u201cHigh-Tech Minimal\u201d. Al\u00e9m disso, \u00e9 o fundador da gravadora \u201cFckng Serious\u201d e j\u00e1 se apresentou em festivais como Tomorrowland e Time Warp. Em breve, o mesmo lan\u00e7ar\u00e1 um document\u00e1rio sobre sua vida.<br><br>Uma experi\u00eancia especial e \u00fanica promete invadir o Laroc Club. A m\u00fasica do bruxo, efeitos visuais sincronizados, sistema de som robusto e centenas de pessoas conectadas pelas batidas minimalistas formar\u00e3o um show completo de reestreia da casa, eleita recentemente o 12\u00ba melhor club do mundo, de acordo com a revista brit\u00e2nica DJ Mag.<br><br>A <a href=\"https:\/\/www.ingresse.com\/borisnalaroc\" target=\"_blank\" rel=\"noreferrer noopener\">venda de ingressos<\/a> come\u00e7a nesta ter\u00e7a-feira, 21 de setembro, \u00e0s 17h00, pelo site da <a href=\"https:\/\/www.ingresse.com\/borisnalaroc\" target=\"_blank\" rel=\"noreferrer noopener\">Ingresse<\/a>. Fique ligado no <a href=\"https:\/\/www.instagram.com\/larocclub\/\" target=\"_blank\" rel=\"noreferrer noopener\">Instagram do Laroc Club<\/a>&nbsp;para acompanhar todas as informa\u00e7\u00f5es.<\/p>\n","protected":false},"excerpt":{"rendered":"<p>Ap\u00f3s in\u00fameros pedidos, eventos \u201cfakes\u201d criados no Facebook e altas mensagens nas redes sociais, o Laroc Club tem orgulho de anunciar um headliner in\u00e9dito em seu retorno \u00e0s festas: Boris Brejcha! O alem\u00e3o ser\u00e1 a estrela das duas aberturas da casa localizada no km 118 da Rodovia Dom Pedro, em Valinhos, nos dias 19 e [&hellip;]<\/p>\n","protected":false},"author":6,"featured_media":1695,"comment_status":"closed","ping_status":"open","sticky":false,"template":"","format":"standard","meta":{"rop_custom_images_group":[],"rop_custom_messages_group":[],"rop_publish_now":"initial","rop_publish_now_accounts":[],"rop_publish_now_history":[],"rop_publish_now_status":"pending","footnotes":""},"categories":[209],"tags":[],"class_list":["post-1694","post","type-post","status-publish","format-standard","has-post-thumbnail","hentry","category-estilo"],"amp_enabled":true,"_links":{"self":[{"href":"https:\/\/imais.online\/portal\/wp-json\/wp\/v2\/posts\/1694","targetHints":{"allow":["GET"]}}],"collection":[{"href":"https:\/\/imais.online\/portal\/wp-json\/wp\/v2\/posts"}],"about":[{"href":"https:\/\/imais.online\/portal\/wp-json\/wp\/v2\/types\/post"}],"author":[{"embeddable":true,"href":"https:\/\/imais.online\/portal\/wp-json\/wp\/v2\/users\/6"}],"replies":[{"embeddable":true,"href":"https:\/\/imais.online\/portal\/wp-json\/wp\/v2\/comments?post=1694"}],"version-history":[{"count":1,"href":"https:\/\/imais.online\/portal\/wp-json\/wp\/v2\/posts\/1694\/revisions"}],"predecessor-version":[{"id":1697,"href":"https:\/\/imais.online\/portal\/wp-json\/wp\/v2\/posts\/1694\/revisions\/1697"}],"wp:featuredmedia":[{"embeddable":true,"href":"https:\/\/imais.online\/portal\/wp-json\/wp\/v2\/media\/1695"}],"wp:attachment":[{"href":"https:\/\/imais.online\/portal\/wp-json\/wp\/v2\/media?parent=1694"}],"wp:term":[{"taxonomy":"category","embeddable":true,"href":"https:\/\/imais.online\/portal\/wp-json\/wp\/v2\/categories?post=1694"},{"taxonomy":"post_tag","embeddable":true,"href":"https:\/\/imais.online\/portal\/wp-json\/wp\/v2\/tags?post=1694"}],"curies":[{"name":"wp","href":"https:\/\/api.w.org\/{rel}","templated":true}]}}