{"id":16956,"date":"2023-07-28T06:53:31","date_gmt":"2023-07-28T09:53:31","guid":{"rendered":"https:\/\/imais.online\/portal\/?p=16956"},"modified":"2023-07-28T06:53:33","modified_gmt":"2023-07-28T09:53:33","slug":"estado-de-sao-paulo-define-reformulacao-do-ensino-medio-para-2024","status":"publish","type":"post","link":"https:\/\/imais.online\/portal\/estado-de-sao-paulo-define-reformulacao-do-ensino-medio-para-2024\/","title":{"rendered":"Estado de S\u00e3o Paulo define reformula\u00e7\u00e3o do Ensino M\u00e9dio para 2024"},"content":{"rendered":"<div class=\"imais-before-content-placement\" id=\"imais-2399391235\"><script async src=\"\/\/pagead2.googlesyndication.com\/pagead\/js\/adsbygoogle.js?client=ca-pub-8787528412751566\" crossorigin=\"anonymous\"><\/script><ins class=\"adsbygoogle\" style=\"display:block;\" data-ad-client=\"ca-pub-8787528412751566\" \ndata-ad-slot=\"\" \ndata-ad-format=\"auto\"><\/ins>\n<script> \n(adsbygoogle = window.adsbygoogle || []).push({}); \n<\/script>\n<\/div>\n<p class=\"has-text-align-center\">Estudantes retornaram \u00e0s aulas nesta ter\u00e7a-feira e devem fazer a escolha entre agosto e setembro<\/p>\n\n\n\n<p>O Governo do Estado de S\u00e3o Paulo, por meio da&nbsp;<a href=\"https:\/\/www.educacao.sp.gov.br\/\" target=\"_blank\" rel=\"noreferrer noopener\">Secretaria da Educa\u00e7\u00e3o<\/a>, definiu a reestrutura\u00e7\u00e3o do Ensino M\u00e9dio para o ano letivo de 2024.<\/p>\n\n\n\n<p>A atual grade, que possui 12 itiner\u00e1rios formativos, ser\u00e1 simplificada e passar\u00e1 a contar com 3 op\u00e7\u00f5es de aprofundamento: Ci\u00eancias da Natureza e suas Tecnologias + Matem\u00e1tica; Linguagens e suas Tecnologias + Ci\u00eancias Humanas e Sociais Aplicadas; e Ensino Profissionalizante.<\/p>\n\n\n\n<p>O aprofundamento \u00e9 escolhido pelo estudante na 1\u00aa s\u00e9rie e cursado durante as 2\u00aa e 3\u00aa s\u00e9ries.<\/p>\n\n\n\n<p>Tamb\u00e9m h\u00e1 inser\u00e7\u00e3o de disciplinas comuns que s\u00e3o cursadas por todos os alunos a partir da 1\u00aa s\u00e9rie: Educa\u00e7\u00e3o Financeira, Projeto de Vida, Reda\u00e7\u00e3o e Leitura e Acelera\u00e7\u00e3o para Vestibular.<\/p>\n\n\n\n<p>A Forma\u00e7\u00e3o Geral B\u00e1sica, que engloba disciplinas tradicionais como matem\u00e1tica e l\u00edngua portuguesa, permanecer\u00e1 em todas as s\u00e9ries.<\/p>\n","protected":false},"excerpt":{"rendered":"<p>Estudantes retornaram \u00e0s aulas nesta ter\u00e7a-feira e devem fazer a escolha entre agosto e setembro O Governo do Estado de S\u00e3o Paulo, por meio da&nbsp;Secretaria da Educa\u00e7\u00e3o, definiu a reestrutura\u00e7\u00e3o do Ensino M\u00e9dio para o ano letivo de 2024. A atual grade, que possui 12 itiner\u00e1rios formativos, ser\u00e1 simplificada e passar\u00e1 a contar com 3 [&hellip;]<\/p>\n","protected":false},"author":7,"featured_media":16957,"comment_status":"closed","ping_status":"open","sticky":false,"template":"","format":"standard","meta":{"rop_custom_images_group":[],"rop_custom_messages_group":[],"rop_publish_now":"initial","rop_publish_now_accounts":[],"rop_publish_now_history":[],"rop_publish_now_status":"pending","footnotes":""},"categories":[195],"tags":[],"class_list":["post-16956","post","type-post","status-publish","format-standard","has-post-thumbnail","hentry","category-sao-paulo"],"amp_enabled":true,"_links":{"self":[{"href":"https:\/\/imais.online\/portal\/wp-json\/wp\/v2\/posts\/16956","targetHints":{"allow":["GET"]}}],"collection":[{"href":"https:\/\/imais.online\/portal\/wp-json\/wp\/v2\/posts"}],"about":[{"href":"https:\/\/imais.online\/portal\/wp-json\/wp\/v2\/types\/post"}],"author":[{"embeddable":true,"href":"https:\/\/imais.online\/portal\/wp-json\/wp\/v2\/users\/7"}],"replies":[{"embeddable":true,"href":"https:\/\/imais.online\/portal\/wp-json\/wp\/v2\/comments?post=16956"}],"version-history":[{"count":1,"href":"https:\/\/imais.online\/portal\/wp-json\/wp\/v2\/posts\/16956\/revisions"}],"predecessor-version":[{"id":16958,"href":"https:\/\/imais.online\/portal\/wp-json\/wp\/v2\/posts\/16956\/revisions\/16958"}],"wp:featuredmedia":[{"embeddable":true,"href":"https:\/\/imais.online\/portal\/wp-json\/wp\/v2\/media\/16957"}],"wp:attachment":[{"href":"https:\/\/imais.online\/portal\/wp-json\/wp\/v2\/media?parent=16956"}],"wp:term":[{"taxonomy":"category","embeddable":true,"href":"https:\/\/imais.online\/portal\/wp-json\/wp\/v2\/categories?post=16956"},{"taxonomy":"post_tag","embeddable":true,"href":"https:\/\/imais.online\/portal\/wp-json\/wp\/v2\/tags?post=16956"}],"curies":[{"name":"wp","href":"https:\/\/api.w.org\/{rel}","templated":true}]}}