{"id":16959,"date":"2023-07-28T06:55:32","date_gmt":"2023-07-28T09:55:32","guid":{"rendered":"https:\/\/imais.online\/portal\/?p=16959"},"modified":"2023-07-28T06:55:34","modified_gmt":"2023-07-28T09:55:34","slug":"pm-de-sp-apreende-quase-meia-tonelada-de-cocaina-em-aviao-vindo-do-paraguai","status":"publish","type":"post","link":"https:\/\/imais.online\/portal\/pm-de-sp-apreende-quase-meia-tonelada-de-cocaina-em-aviao-vindo-do-paraguai\/","title":{"rendered":"PM de SP apreende quase meia tonelada de coca\u00edna em avi\u00e3o vindo do Paraguai"},"content":{"rendered":"<div class=\"imais-before-content-placement\" id=\"imais-3648379395\"><script async src=\"\/\/pagead2.googlesyndication.com\/pagead\/js\/adsbygoogle.js?client=ca-pub-8787528412751566\" crossorigin=\"anonymous\"><\/script><ins class=\"adsbygoogle\" style=\"display:block;\" data-ad-client=\"ca-pub-8787528412751566\" \ndata-ad-slot=\"\" \ndata-ad-format=\"auto\"><\/ins>\n<script> \n(adsbygoogle = window.adsbygoogle || []).push({}); \n<\/script>\n<\/div>\n<p class=\"has-text-align-center\">A a\u00e7\u00e3o foi realizada em conjunto com a Pol\u00edcia Federal; os 400 kg da droga eram levados para a cidade de Mat\u00e3o, interior de SP<\/p>\n\n\n\n<p>O Comando de Avia\u00e7\u00e3o \u201cJo\u00e3o Negr\u00e3o\u201d da Pol\u00edcia Militar apreendeu 400 quilos de coca\u00edna que eram transportados em um avi\u00e3o que vinha do Paraguai com destino \u00e0 Mat\u00e3o, no interior paulista. A opera\u00e7\u00e3o ocorreu nesta quarta-feira (26) e foi feita em conjunto com a Pol\u00edcia Federal. A apreens\u00e3o aconteceu pr\u00f3ximo \u00e0 Rodovia Brigadeiro Faria Lima, na cidade de Araraquara, e contou com a participa\u00e7\u00e3o do Comando de Opera\u00e7\u00f5es Aeroespaciais (COMAE) e do Grupo Especial de Fronteira (GREFON\/MT).<\/p>\n\n\n\n<p>Ap\u00f3s trabalhos de intelig\u00eancia policial, o avi\u00e3o foi interceptado ainda no ar por uma equipe da For\u00e7a A\u00e9rea Brasileira. O piloto, ap\u00f3s perceber que seria abordado, pousou a aeronave pr\u00f3ximo \u00e0 rodovia e abandonou o local, fugindo em dire\u00e7\u00e3o \u00e0 regi\u00e3o da mata.<\/p>\n\n\n\n<p>Dentro da aeronave, foram encontrados e apreendidos 400 kg de coca\u00edna. O homem, que recebeu e embarcou a carga no Paraguai tinha como destino o munic\u00edpio de Mat\u00e3o, no interior de S\u00e3o Paulo.<\/p>\n\n\n\n<p>As investiga\u00e7\u00f5es continuam para identificar e prender os envolvidos. A droga e o avi\u00e3o foram encaminhados para a Delegacia da Pol\u00edcia Federal, na cidade de Araraquara.<\/p>\n","protected":false},"excerpt":{"rendered":"<p>A a\u00e7\u00e3o foi realizada em conjunto com a Pol\u00edcia Federal; os 400 kg da droga eram levados para a cidade de Mat\u00e3o, interior de SP O Comando de Avia\u00e7\u00e3o \u201cJo\u00e3o Negr\u00e3o\u201d da Pol\u00edcia Militar apreendeu 400 quilos de coca\u00edna que eram transportados em um avi\u00e3o que vinha do Paraguai com destino \u00e0 Mat\u00e3o, no interior [&hellip;]<\/p>\n","protected":false},"author":7,"featured_media":16960,"comment_status":"closed","ping_status":"open","sticky":false,"template":"","format":"standard","meta":{"rop_custom_images_group":[],"rop_custom_messages_group":[],"rop_publish_now":"initial","rop_publish_now_accounts":[],"rop_publish_now_history":[],"rop_publish_now_status":"pending","footnotes":""},"categories":[195],"tags":[73],"class_list":["post-16959","post","type-post","status-publish","format-standard","has-post-thumbnail","hentry","category-sao-paulo","tag-featured"],"amp_enabled":true,"_links":{"self":[{"href":"https:\/\/imais.online\/portal\/wp-json\/wp\/v2\/posts\/16959","targetHints":{"allow":["GET"]}}],"collection":[{"href":"https:\/\/imais.online\/portal\/wp-json\/wp\/v2\/posts"}],"about":[{"href":"https:\/\/imais.online\/portal\/wp-json\/wp\/v2\/types\/post"}],"author":[{"embeddable":true,"href":"https:\/\/imais.online\/portal\/wp-json\/wp\/v2\/users\/7"}],"replies":[{"embeddable":true,"href":"https:\/\/imais.online\/portal\/wp-json\/wp\/v2\/comments?post=16959"}],"version-history":[{"count":1,"href":"https:\/\/imais.online\/portal\/wp-json\/wp\/v2\/posts\/16959\/revisions"}],"predecessor-version":[{"id":16961,"href":"https:\/\/imais.online\/portal\/wp-json\/wp\/v2\/posts\/16959\/revisions\/16961"}],"wp:featuredmedia":[{"embeddable":true,"href":"https:\/\/imais.online\/portal\/wp-json\/wp\/v2\/media\/16960"}],"wp:attachment":[{"href":"https:\/\/imais.online\/portal\/wp-json\/wp\/v2\/media?parent=16959"}],"wp:term":[{"taxonomy":"category","embeddable":true,"href":"https:\/\/imais.online\/portal\/wp-json\/wp\/v2\/categories?post=16959"},{"taxonomy":"post_tag","embeddable":true,"href":"https:\/\/imais.online\/portal\/wp-json\/wp\/v2\/tags?post=16959"}],"curies":[{"name":"wp","href":"https:\/\/api.w.org\/{rel}","templated":true}]}}