{"id":17010,"date":"2023-07-30T14:20:37","date_gmt":"2023-07-30T17:20:37","guid":{"rendered":"https:\/\/imais.online\/portal\/?p=17010"},"modified":"2023-07-30T14:20:39","modified_gmt":"2023-07-30T17:20:39","slug":"pib-paulista-tem-crescimento-de-23-nos-primeiros-cinco-meses-do-ano","status":"publish","type":"post","link":"https:\/\/imais.online\/portal\/pib-paulista-tem-crescimento-de-23-nos-primeiros-cinco-meses-do-ano\/","title":{"rendered":"PIB paulista tem crescimento de 2,3% nos primeiros cinco meses do ano"},"content":{"rendered":"<div class=\"imais-before-content-placement\" id=\"imais-3315843690\"><script async src=\"\/\/pagead2.googlesyndication.com\/pagead\/js\/adsbygoogle.js?client=ca-pub-8787528412751566\" crossorigin=\"anonymous\"><\/script><ins class=\"adsbygoogle\" style=\"display:block;\" data-ad-client=\"ca-pub-8787528412751566\" \ndata-ad-slot=\"\" \ndata-ad-format=\"auto\"><\/ins>\n<script> \n(adsbygoogle = window.adsbygoogle || []).push({}); \n<\/script>\n<\/div>\n<p class=\"has-text-align-center\">O setor de servi\u00e7os foi respons\u00e1vel pelo bom desempenho no per\u00edodo<\/p>\n\n\n\n<p>Segundo os dados do PIB Mensal, elaborados pela Funda\u00e7\u00e3o Seade, o Produto Interno Bruno de S\u00e3o Paulo cresceu 2,3% no acumulado dos cinco primeiros meses de 2023 em rela\u00e7\u00e3o ao mesmo per\u00edodo do ano anterior.<\/p>\n\n\n\n<p>\u201cS\u00e3o Paulo tem uma economia diversificada, din\u00e2mica e estruturada. E os n\u00fameros do per\u00edodo atestam que estamos no bom caminho em prol do desenvolvimento paulista. Nosso objetivo \u00e9 intensificar ainda mais a promo\u00e7\u00e3o da competitividade e do desenvolvimento econ\u00f4mico do nosso Estado\u201d, destacou o governador Tarc\u00edsio de Freitas.<\/p>\n\n\n\n<p>O resultado positivo se deu, principalmente, ao setor de servi\u00e7os com acr\u00e9scimo de 3,7% no acumulado do ano. Agroneg\u00f3cio teve 0,9 % de crescimento e ind\u00fastria teve queda de \u2013 0,8% nos primeiros cinco meses.<\/p>\n\n\n\n<p>No acumulado dos \u00faltimos 12 meses, comparados a 12 meses imediatamente anteriores, o PIB paulista cresceu 3,0%. E na compara\u00e7\u00e3o com igual m\u00eas do ano anterior, o indicador avan\u00e7ou 2,3% em maio de 2023.<\/p>\n\n\n\n<p>J\u00e1 a compara\u00e7\u00e3o entre abril e maio, segundo a Funda\u00e7\u00e3o Seade, houve queda de 0,3% no PIB de S\u00e3o Paulo. No Brasil a retra\u00e7\u00e3o foi maior, de 2%, na compara\u00e7\u00e3o no mesmo per\u00edodo, segundo o \u00cdndice de Atividade Econ\u00f4mica (IBC-Br) do Banco Central, considerado a \u201cpr\u00e9via\u201d do Produto Interno Bruto (PIB).<\/p>\n","protected":false},"excerpt":{"rendered":"<p>O setor de servi\u00e7os foi respons\u00e1vel pelo bom desempenho no per\u00edodo Segundo os dados do PIB Mensal, elaborados pela Funda\u00e7\u00e3o Seade, o Produto Interno Bruno de S\u00e3o Paulo cresceu 2,3% no acumulado dos cinco primeiros meses de 2023 em rela\u00e7\u00e3o ao mesmo per\u00edodo do ano anterior. \u201cS\u00e3o Paulo tem uma economia diversificada, din\u00e2mica e estruturada. [&hellip;]<\/p>\n","protected":false},"author":7,"featured_media":17011,"comment_status":"closed","ping_status":"open","sticky":false,"template":"","format":"standard","meta":{"rop_custom_images_group":[],"rop_custom_messages_group":[],"rop_publish_now":"initial","rop_publish_now_accounts":[],"rop_publish_now_history":[],"rop_publish_now_status":"pending","footnotes":""},"categories":[195],"tags":[73],"class_list":["post-17010","post","type-post","status-publish","format-standard","has-post-thumbnail","hentry","category-sao-paulo","tag-featured"],"amp_enabled":true,"_links":{"self":[{"href":"https:\/\/imais.online\/portal\/wp-json\/wp\/v2\/posts\/17010","targetHints":{"allow":["GET"]}}],"collection":[{"href":"https:\/\/imais.online\/portal\/wp-json\/wp\/v2\/posts"}],"about":[{"href":"https:\/\/imais.online\/portal\/wp-json\/wp\/v2\/types\/post"}],"author":[{"embeddable":true,"href":"https:\/\/imais.online\/portal\/wp-json\/wp\/v2\/users\/7"}],"replies":[{"embeddable":true,"href":"https:\/\/imais.online\/portal\/wp-json\/wp\/v2\/comments?post=17010"}],"version-history":[{"count":1,"href":"https:\/\/imais.online\/portal\/wp-json\/wp\/v2\/posts\/17010\/revisions"}],"predecessor-version":[{"id":17012,"href":"https:\/\/imais.online\/portal\/wp-json\/wp\/v2\/posts\/17010\/revisions\/17012"}],"wp:featuredmedia":[{"embeddable":true,"href":"https:\/\/imais.online\/portal\/wp-json\/wp\/v2\/media\/17011"}],"wp:attachment":[{"href":"https:\/\/imais.online\/portal\/wp-json\/wp\/v2\/media?parent=17010"}],"wp:term":[{"taxonomy":"category","embeddable":true,"href":"https:\/\/imais.online\/portal\/wp-json\/wp\/v2\/categories?post=17010"},{"taxonomy":"post_tag","embeddable":true,"href":"https:\/\/imais.online\/portal\/wp-json\/wp\/v2\/tags?post=17010"}],"curies":[{"name":"wp","href":"https:\/\/api.w.org\/{rel}","templated":true}]}}