{"id":1707,"date":"2021-09-22T07:50:35","date_gmt":"2021-09-22T10:50:35","guid":{"rendered":"https:\/\/imais.online\/portal\/?p=1707"},"modified":"2021-09-22T07:50:37","modified_gmt":"2021-09-22T10:50:37","slug":"doacao-de-sangue-de-setembro-acontece-neste-sabado-25-e-integra-acao-da-eptv","status":"publish","type":"post","link":"https:\/\/imais.online\/portal\/doacao-de-sangue-de-setembro-acontece-neste-sabado-25-e-integra-acao-da-eptv\/","title":{"rendered":"Doa\u00e7\u00e3o de sangue de setembro acontece neste s\u00e1bado (25) e integra a\u00e7\u00e3o da EPTV"},"content":{"rendered":"<div class=\"imais-before-content-placement\" id=\"imais-943432028\"><script async src=\"\/\/pagead2.googlesyndication.com\/pagead\/js\/adsbygoogle.js?client=ca-pub-8787528412751566\" crossorigin=\"anonymous\"><\/script><ins class=\"adsbygoogle\" style=\"display:block;\" data-ad-client=\"ca-pub-8787528412751566\" \ndata-ad-slot=\"\" \ndata-ad-format=\"auto\"><\/ins>\n<script> \n(adsbygoogle = window.adsbygoogle || []).push({}); \n<\/script>\n<\/div>\n<p class=\"has-text-align-center\"><strong><em>Correntes Sob Press\u00e3o&#8221; visa fortalecer estoques dos hemocentros da RMC<\/em><\/strong><\/p>\n\n\n\n<p>A Funda\u00e7\u00e3o Indaiatubana de Educa\u00e7\u00e3o e Cultura (Fiec), em parceria com o Centro de Hematologia e Hemoterapia (Hemocentro) da Universidade de Campinas (Unicamp) realiza, neste s\u00e1bado, 25 de setembro, a campanha mensal de doa\u00e7\u00e3o de sangue.<\/p>\n\n\n\n<p>A campanha deste m\u00eas, integra a a\u00e7\u00e3o &#8220;Correntes Sob Press\u00e3o&#8221;, que teve in\u00edcio em 2 de setembro e visa fortalecer estoques dos hemocentros da RMC (Regi\u00e3o Metropolitana de Campinas)<strong>.<\/strong> A a\u00e7\u00e3o conta com o apoio da EPTV e tem a participa\u00e7\u00e3o dos munic\u00edpios de Campinas<strong>, Sumar\u00e9, Indaiatuba, Estiva Gerbi, Valinhos, Vinhedo, \u00c1guas de Lind\u00f3ia, Amparo, Hortol\u00e2ndia, Jaguari\u00fana e Santo Ant\u00f4nio de Posse.<\/strong><strong><\/strong><\/p>\n\n\n\n<p>Em decorr\u00eancia da pandemia, visando a seguran\u00e7a e prote\u00e7\u00e3o dos doadores contra o coronav\u00edrus, que causa a Covid-19, ser\u00e1 realizada a distribui\u00e7\u00e3o de senhas on-line e limitadas por hor\u00e1rios, das 8h30, 9h, 10h, 10h30 e 11h.&nbsp;<\/p>\n\n\n\n<p>O cadastro no sistema para a retirada da senha on-line estar\u00e1 dispon\u00edvel, \u00e0 partir das 9h desta quinta-feira (23\/9), pelo link:&nbsp;&nbsp;&nbsp;&nbsp;&nbsp;&nbsp;&nbsp;&nbsp;&nbsp; <a href=\"https:\/\/processoseletivo.sophia.com.br\/SophiA_5\/Default.aspx?escola=6462\">https:\/\/processoseletivo.sophia.com.br\/SophiA_5\/Default.aspx?escola=6462<\/a>. &nbsp;&nbsp;&nbsp;&nbsp;&nbsp;&nbsp;&nbsp;&nbsp;&nbsp;&nbsp;&nbsp;&nbsp;&nbsp;&nbsp;&nbsp;&nbsp;&nbsp;&nbsp;&nbsp;&nbsp;&nbsp;&nbsp;&nbsp;&nbsp;&nbsp;&nbsp;&nbsp;&nbsp;&nbsp;&nbsp;&nbsp;&nbsp;&nbsp;&nbsp;<\/p>\n\n\n\n<p>O doador deve comparecer no dia da coleta (conforme hor\u00e1rio agendado), na unidade 1 da Fiec, na Avenida Engenheiro Fabio Roberto Barnab\u00e9, 3405, Jardim Regina.<\/p>\n\n\n\n<p>Os requisitos obrigat\u00f3rios s\u00e3o a apresenta\u00e7\u00e3o de um documento oficial com foto, ter entre 16 e 69 anos e pesar mais de 50 quilos. No caso dos menores de 18 anos, \u00e9 preciso ter o consentimento formal dos respons\u00e1veis.<\/p>\n\n\n\n<p>N\u00e3o \u00e9 necess\u00e1rio estar em jejum; o candidato deve apenas evitar ingerir alimentos gordurosos, nas quatro horas que antecedem a doa\u00e7\u00e3o.<\/p>\n\n\n\n<p>H\u00e1 v\u00e1rios crit\u00e9rios que podem determinar se o candidato est\u00e1 apto ou inapto para ser doador, para isso, ele passa por uma triagem realizada por profissionais do Hemocentro.<\/p>\n\n\n\n<p>N\u00e3o pode doar sangue a pessoa que apresentou sintomas gripais, resfriado ou infec\u00e7\u00e3o acompanhado de febre nos \u00faltimos 14 dias.<\/p>\n\n\n\n<p>Fumantes devem evitar o cigarro ao menos duas horas antes e duas horas ap\u00f3s da doa\u00e7\u00e3o.<\/p>\n\n\n\n<p>Tamb\u00e9m n\u00e3o podem ser doadores os portadores de s\u00edfilis, mal\u00e1ria ou doen\u00e7a de chagas, alcoolista cr\u00f4nico ou que tenham ingerido bebida alco\u00f3lica, nas \u00faltimas 12 horas que antecedem a doa\u00e7\u00e3o.<\/p>\n\n\n\n<p>Ter sido exposto a situa\u00e7\u00f5es de risco para doen\u00e7as sexualmente transmiss\u00edveis e ter realizado endoscopia h\u00e1 menos de seis meses s\u00e3o fatores que tamb\u00e9m impedem a doa\u00e7\u00e3o de sangue.<\/p>\n\n\n\n<p><strong>VACINADOS CONTRA A COVID-19<\/strong><\/p>\n\n\n\n<p>O candidato que j\u00e1 tenha se vacinado contra a covid-19 fica impedido de doar sangue no prazo de 48 horas, para cada dose da CoronaVac, e de sete dias ap\u00f3s cada dose das vacinas da AstraZeneca, Pfizer e Janssen. \u00c9 necess\u00e1rio apresentar o comprovante de vacina\u00e7\u00e3o.<\/p>\n\n\n\n<p><strong>GRIPE<\/strong><\/p>\n\n\n\n<p>Quem tomou a vacina contra a gripe, tamb\u00e9m deve esperar 48 horas para fazer a doa\u00e7\u00e3o de sangue.<\/p>\n","protected":false},"excerpt":{"rendered":"<p>Correntes Sob Press\u00e3o&#8221; visa fortalecer estoques dos hemocentros da RMC A Funda\u00e7\u00e3o Indaiatubana de Educa\u00e7\u00e3o e Cultura (Fiec), em parceria com o Centro de Hematologia e Hemoterapia (Hemocentro) da Universidade de Campinas (Unicamp) realiza, neste s\u00e1bado, 25 de setembro, a campanha mensal de doa\u00e7\u00e3o de sangue. A campanha deste m\u00eas, integra a a\u00e7\u00e3o &#8220;Correntes Sob [&hellip;]<\/p>\n","protected":false},"author":7,"featured_media":1708,"comment_status":"closed","ping_status":"open","sticky":false,"template":"","format":"standard","meta":{"rop_custom_images_group":[],"rop_custom_messages_group":[],"rop_publish_now":"initial","rop_publish_now_accounts":[],"rop_publish_now_history":[],"rop_publish_now_status":"pending","footnotes":""},"categories":[188],"tags":[],"class_list":["post-1707","post","type-post","status-publish","format-standard","has-post-thumbnail","hentry","category-indaiatuba"],"amp_enabled":true,"_links":{"self":[{"href":"https:\/\/imais.online\/portal\/wp-json\/wp\/v2\/posts\/1707","targetHints":{"allow":["GET"]}}],"collection":[{"href":"https:\/\/imais.online\/portal\/wp-json\/wp\/v2\/posts"}],"about":[{"href":"https:\/\/imais.online\/portal\/wp-json\/wp\/v2\/types\/post"}],"author":[{"embeddable":true,"href":"https:\/\/imais.online\/portal\/wp-json\/wp\/v2\/users\/7"}],"replies":[{"embeddable":true,"href":"https:\/\/imais.online\/portal\/wp-json\/wp\/v2\/comments?post=1707"}],"version-history":[{"count":1,"href":"https:\/\/imais.online\/portal\/wp-json\/wp\/v2\/posts\/1707\/revisions"}],"predecessor-version":[{"id":1709,"href":"https:\/\/imais.online\/portal\/wp-json\/wp\/v2\/posts\/1707\/revisions\/1709"}],"wp:featuredmedia":[{"embeddable":true,"href":"https:\/\/imais.online\/portal\/wp-json\/wp\/v2\/media\/1708"}],"wp:attachment":[{"href":"https:\/\/imais.online\/portal\/wp-json\/wp\/v2\/media?parent=1707"}],"wp:term":[{"taxonomy":"category","embeddable":true,"href":"https:\/\/imais.online\/portal\/wp-json\/wp\/v2\/categories?post=1707"},{"taxonomy":"post_tag","embeddable":true,"href":"https:\/\/imais.online\/portal\/wp-json\/wp\/v2\/tags?post=1707"}],"curies":[{"name":"wp","href":"https:\/\/api.w.org\/{rel}","templated":true}]}}