{"id":1710,"date":"2021-09-22T08:20:20","date_gmt":"2021-09-22T11:20:20","guid":{"rendered":"https:\/\/imais.online\/portal\/?p=1710"},"modified":"2021-09-22T08:42:50","modified_gmt":"2021-09-22T11:42:50","slug":"radio-jornal-indaiatuba-completa-40-anos","status":"publish","type":"post","link":"https:\/\/imais.online\/portal\/radio-jornal-indaiatuba-completa-40-anos\/","title":{"rendered":"R\u00e1dio Jornal Indaiatuba completa 40 anos"},"content":{"rendered":"<div class=\"imais-before-content-placement\" id=\"imais-1759393353\"><script async src=\"\/\/pagead2.googlesyndication.com\/pagead\/js\/adsbygoogle.js?client=ca-pub-8787528412751566\" crossorigin=\"anonymous\"><\/script><ins class=\"adsbygoogle\" style=\"display:block;\" data-ad-client=\"ca-pub-8787528412751566\" \ndata-ad-slot=\"\" \ndata-ad-format=\"auto\"><\/ins>\n<script> \n(adsbygoogle = window.adsbygoogle || []).push({}); \n<\/script>\n<\/div>\n<p class=\"has-text-align-center\">A primeira emissora de r\u00e1dio da cidade faz 40 anos no pr\u00f3ximo s\u00e1bado, dia 25.<\/p>\n\n\n\n<p>S\u00e3o quatro d\u00e9cadas de presta\u00e7\u00e3o de servi\u00e7os e entretenimento \u00e0 popula\u00e7\u00e3o da cidade. No final de 2020 iniciou um processo de transforma\u00e7\u00e3o e moderniza\u00e7\u00e3o migrando de AM para a FM e desde de 21 de dezembro do ano passado pode ser sintonizada em 107,1. Em 2021, as transforma\u00e7\u00f5es continuaram, mas sem perder a ess\u00eancia, que \u00e9 a presta\u00e7\u00e3o de servi\u00e7o e o entretenimento.<\/p>\n\n\n\n<p>No in\u00edcio do segundo semestre teve in\u00edcio a opera\u00e7\u00e3o do moderno est\u00fadio para realiza\u00e7\u00e3o de programas ao vivo em redes sociais, que est\u00e1 interligado com a FM, portanto podendo ocorrer transmiss\u00e3o simult\u00e2nea em FM, Facebook e Youtube como est\u00e1 sendo feito com o Jornal das Onze, de segunda \u00e0 sexta.<\/p>\n\n\n\n<p>A final do Talento Sertanejo Mirim, promovido pela R\u00e1dio Jornal pela segunda vez, com total sucesso tamb\u00e9m foi transmitida simultaneamente nas redes sociais e FM 107,1.<\/p>\n\n\n\n<p>Ainda neste semestre teve a inaugura\u00e7\u00e3o do Est\u00fadio D, que ser\u00e1 utilizado para a grava\u00e7\u00e3o ou transmiss\u00e3o de eventos. Para a inaugura\u00e7\u00e3o, al\u00e9m da grava\u00e7\u00e3o dos dez finalistas do Talento Sertanejo Mirim tamb\u00e9m foi realizado show da banda indaiatubana Rock N\u00b4 Ro\u00e7a, que ser\u00e1 exibido no dia do anivers\u00e1rio da R\u00e1dio Jornal, \u00e0s 16h, nas redes sociais e na FM 107,1.<\/p>\n\n\n\n<figure class=\"wp-block-image size-large\"><img loading=\"lazy\" decoding=\"async\" width=\"1024\" height=\"576\" src=\"https:\/\/imais.online\/portal\/wp-content\/uploads\/2021\/09\/A28690-1024x576.jpg\" alt=\"\" class=\"wp-image-1712\" srcset=\"https:\/\/imais.online\/portal\/wp-content\/uploads\/2021\/09\/A28690-1024x576.jpg 1024w, https:\/\/imais.online\/portal\/wp-content\/uploads\/2021\/09\/A28690-300x169.jpg 300w, https:\/\/imais.online\/portal\/wp-content\/uploads\/2021\/09\/A28690-768x432.jpg 768w, https:\/\/imais.online\/portal\/wp-content\/uploads\/2021\/09\/A28690-1536x864.jpg 1536w, https:\/\/imais.online\/portal\/wp-content\/uploads\/2021\/09\/A28690.jpg 1920w\" sizes=\"auto, (max-width: 1024px) 100vw, 1024px\" \/><figcaption>Foto: divulga\u00e7\u00e3o<\/figcaption><\/figure>\n\n\n\n<p>Tamb\u00e9m est\u00e3o sendo veiculadas entrevistas com personalidades que fazem parte da hist\u00f3ria da r\u00e1dio como a ouvinte Diva Tashiro, representando todos os milhares de ouvintes da emissora ao longo dos 40 anos. Essas entrevistas est\u00e3o exibidas nos programas da R\u00e1dio e nas redes sociais.<\/p>\n\n\n\n<p><strong><u>PROGRAMA\u00c7\u00c3O R\u00c1DIO JORNAL<\/u><\/strong><\/p>\n\n\n\n<figure class=\"wp-block-table\"><table><tbody><tr><td><strong>SEGUNDA \u00c0 SEXTA<\/strong><\/td><\/tr><tr><td>0H<\/td><td>NAS ONDAS DO AMOR<\/td><td>GRAVADO<\/td><\/tr><tr><td>2H<\/td><td>FESTA SERTANEJA<\/td><td>GRAVADO<\/td><\/tr><tr><td>4H<\/td><td>ARQUIVO JORNAL<\/td><td>GRAVADO<\/td><\/tr><tr><td>6h<\/td><td>DE OLHO NA CIDADE<\/td><td>AO VIVO<\/td><\/tr><tr><td>7H<\/td><td>BOM DIA, INDAIATUBA<\/td><td>AO VIVO<\/td><\/tr><tr><td>8H<\/td><td>TAMO JUNTO<\/td><td>AO VIVO<\/td><\/tr><tr><td>11H<\/td><td>JORNAL DAS ONZE<\/td><td>AO VIVO<\/td><\/tr><tr><td>12H<\/td><td>FALA JORNAL<\/td><td>AO VIVO<\/td><\/tr><tr><td>14H<\/td><td>TARDE JORNAL<\/td><td>AO VIVO<\/td><\/tr><tr><td>16H<\/td><td>LA\u00c7ADA SERTANEJA<\/td><td>AO VIVO<\/td><\/tr><tr><td>18H<\/td><td>LIVE NIGHT<\/td><td>AO VIVO<\/td><\/tr><tr><td>19H<\/td><td>M\u00c1QUINA DO TEMPO<\/td><td>AO VIVO<\/td><\/tr><tr><td>22H<\/td><td>FESTA JORNAL<\/td><td>GRAVADO<\/td><\/tr><tr><td><\/td><td><\/td><td><\/td><\/tr><tr><td><strong>S\u00c1BADO<\/strong><\/td><\/tr><tr><td>0H<\/td><td>NAS ONDAS DO AMOR<\/td><td>GRAVADO<\/td><\/tr><tr><td>2H<\/td><td>FESTA SERTANEJA<\/td><td>GRAVADO<\/td><\/tr><tr><td>4H<\/td><td>ARQUIVO JORNAL<\/td><td>GRAVADO<\/td><\/tr><tr><td>7H<\/td><td>SHOW DA MANH\u00c3<\/td><td>AO VIVO<\/td><\/tr><tr><td>9H<\/td><td>REPRISE R\u00c1DIO AUDI\u00caNCIA<\/td><td>GRAVADO<\/td><\/tr><tr><td>10H<\/td><td>R\u00c1DIO BOBO<\/td><td>AO VIVO<\/td><\/tr><tr><td>11H<\/td><td>KOISAS DA DINHA<\/td><td>AO VIVO<\/td><\/tr><tr><td>14H<\/td><td>S\u00c1BADO JORNAL<\/td><td>AO VIVO<\/td><\/tr><tr><td>16H<\/td><td>M\u00c1QUINA DO TEMPO<\/td><td>GRAVADO<\/td><\/tr><tr><td>18H<\/td><td>ESPECIAL M\u00c1QUINA DO TEMPO<\/td><td>GRAVADO<\/td><\/tr><tr><td>20H<\/td><td>ESPA\u00c7O ALTERNATIVO<\/td><td>GRAVADO<\/td><\/tr><tr><td>22H<\/td><td>MIX TAPE<\/td><td>GRAVADO<\/td><\/tr><tr><td>23H<\/td><td>RAUL R\u00c1DIO ROCK<\/td><td>GRAVADO<\/td><\/tr><tr><td><\/td><td><\/td><td><\/td><\/tr><tr><td><strong>DOMINGO<\/strong><\/td><\/tr><tr><td>0H<\/td><td>NAS ONDAS DO AMOR<\/td><td>GRAVADO<\/td><\/tr><tr><td>2H<\/td><td>FESTA SERTANEJA<\/td><td>GRAVADO<\/td><\/tr><tr><td>4H<\/td><td>ARQUIVO JORNAL<\/td><td>GRAVADO<\/td><\/tr><tr><td>6H<\/td><td>FESTA SERTANEJA<\/td><td>GRAVADO<\/td><\/tr><tr><td>11H<\/td><td>S\u00d3 SAMBA<\/td><td>AO VIVO<\/td><\/tr><tr><td>15H<\/td><td>FESTA JORNAL<\/td><td>GRAVADO<\/td><\/tr><tr><td>16H<\/td><td>RAUL R\u00c1DIO ROCK<\/td><td>REPRISE<\/td><\/tr><tr><td>17H<\/td><td>ESPECIAL M\u00c1QUINA DO TEMPO<\/td><td>REPRISE<\/td><\/tr><tr><td>19H<\/td><td>CLUBE DA SAUDADE<\/td><td>GRAVADO<\/td><\/tr><tr><td>21H<\/td><td>MIX TAPE<\/td><td>REPRISE<\/td><\/tr><tr><td>22H<\/td><td>FESTA JORNAL<\/td><td>GRAVADO<\/td><\/tr><tr><td><\/td><td><\/td><td><\/td><\/tr><tr><td><strong>FAIXA ESPECIAL<\/strong><\/td><\/tr><tr><td><strong>13H<\/strong><\/td><td><strong>R\u00c1DIO AUDI\u00caNCIA<\/strong><\/td><td><strong>QUARTA<\/strong><\/td><\/tr><tr><td><strong>13H<\/strong><\/td><td><strong>ESPA\u00c7O HOLISTICO<\/strong><\/td><td><strong>QUINTA<\/strong><\/td><\/tr><tr><td><strong>13H<\/strong><\/td><td><strong>FALA BARONI<\/strong><\/td><td><strong>SEXTA<\/strong><\/td><\/tr><\/tbody><\/table><\/figure>\n","protected":false},"excerpt":{"rendered":"<p>A primeira emissora de r\u00e1dio da cidade faz 40 anos no pr\u00f3ximo s\u00e1bado, dia 25. S\u00e3o quatro d\u00e9cadas de presta\u00e7\u00e3o de servi\u00e7os e entretenimento \u00e0 popula\u00e7\u00e3o da cidade. No final de 2020 iniciou um processo de transforma\u00e7\u00e3o e moderniza\u00e7\u00e3o migrando de AM para a FM e desde de 21 de dezembro do ano passado pode [&hellip;]<\/p>\n","protected":false},"author":6,"featured_media":1711,"comment_status":"closed","ping_status":"open","sticky":false,"template":"","format":"standard","meta":{"rop_custom_images_group":[],"rop_custom_messages_group":[],"rop_publish_now":"initial","rop_publish_now_accounts":[],"rop_publish_now_history":[],"rop_publish_now_status":"pending","footnotes":""},"categories":[188],"tags":[],"class_list":["post-1710","post","type-post","status-publish","format-standard","has-post-thumbnail","hentry","category-indaiatuba"],"amp_enabled":true,"_links":{"self":[{"href":"https:\/\/imais.online\/portal\/wp-json\/wp\/v2\/posts\/1710","targetHints":{"allow":["GET"]}}],"collection":[{"href":"https:\/\/imais.online\/portal\/wp-json\/wp\/v2\/posts"}],"about":[{"href":"https:\/\/imais.online\/portal\/wp-json\/wp\/v2\/types\/post"}],"author":[{"embeddable":true,"href":"https:\/\/imais.online\/portal\/wp-json\/wp\/v2\/users\/6"}],"replies":[{"embeddable":true,"href":"https:\/\/imais.online\/portal\/wp-json\/wp\/v2\/comments?post=1710"}],"version-history":[{"count":1,"href":"https:\/\/imais.online\/portal\/wp-json\/wp\/v2\/posts\/1710\/revisions"}],"predecessor-version":[{"id":1713,"href":"https:\/\/imais.online\/portal\/wp-json\/wp\/v2\/posts\/1710\/revisions\/1713"}],"wp:featuredmedia":[{"embeddable":true,"href":"https:\/\/imais.online\/portal\/wp-json\/wp\/v2\/media\/1711"}],"wp:attachment":[{"href":"https:\/\/imais.online\/portal\/wp-json\/wp\/v2\/media?parent=1710"}],"wp:term":[{"taxonomy":"category","embeddable":true,"href":"https:\/\/imais.online\/portal\/wp-json\/wp\/v2\/categories?post=1710"},{"taxonomy":"post_tag","embeddable":true,"href":"https:\/\/imais.online\/portal\/wp-json\/wp\/v2\/tags?post=1710"}],"curies":[{"name":"wp","href":"https:\/\/api.w.org\/{rel}","templated":true}]}}