{"id":17238,"date":"2023-08-03T06:41:07","date_gmt":"2023-08-03T09:41:07","guid":{"rendered":"https:\/\/imais.online\/portal\/?p=17238"},"modified":"2023-08-03T06:41:09","modified_gmt":"2023-08-03T09:41:09","slug":"moraes-vota-a-favor-da-descriminalizacao-do-porte-de-maconha","status":"publish","type":"post","link":"https:\/\/imais.online\/portal\/moraes-vota-a-favor-da-descriminalizacao-do-porte-de-maconha\/","title":{"rendered":"Moraes vota a favor da descriminaliza\u00e7\u00e3o do porte de maconha"},"content":{"rendered":"<div class=\"imais-before-content-placement\" id=\"imais-1054781911\"><script async src=\"\/\/pagead2.googlesyndication.com\/pagead\/js\/adsbygoogle.js?client=ca-pub-8787528412751566\" crossorigin=\"anonymous\"><\/script><ins class=\"adsbygoogle\" style=\"display:block;\" data-ad-client=\"ca-pub-8787528412751566\" \ndata-ad-slot=\"\" \ndata-ad-format=\"auto\"><\/ins>\n<script> \n(adsbygoogle = window.adsbygoogle || []).push({}); \n<\/script>\n<\/div>\n<p class=\"has-text-align-center\">Processo foi suspenso a pedido do relator<\/p>\n\n\n\n<p class=\"has-text-align-left\">O ministro Alexandre de Moraes, do Supremo Tribunal Federal (STF), votou hoje (2) a favor da descriminaliza\u00e7\u00e3o do porte de maconha para consumo pessoal.&nbsp;<img decoding=\"async\" src=\"https:\/\/agenciabrasil.ebc.com.br\/ebc.png?id=1547070&amp;o=node\"><img decoding=\"async\" src=\"https:\/\/agenciabrasil.ebc.com.br\/ebc.gif?id=1547070&amp;o=node\"><\/p>\n\n\n\n<p>Pelo voto do ministro, deve ser considerado usu\u00e1rio quem portar entre&nbsp;25 a 60 gramas de maconha ou seis plantas f\u00eameas de cannabis. Al\u00e9m disso, a Justi\u00e7a tamb\u00e9m poder\u00e1 avaliar as circunst\u00e2ncias de cada caso para verificar eventual situa\u00e7\u00e3o que possa configurar tr\u00e1fico de drogas.&nbsp;<\/p>\n\n\n\n<p>O julgamento sobre o porte de drogas foi retomado nesta tarde com o voto do ministro, que, em 2015, pediu vista (mais tempo para analisar o caso) e suspendeu o julgamento.&nbsp; A sess\u00e3o continua para a tomada dos votos dos demais ministros.&nbsp;<\/p>\n\n\n\n<p>O Supremo julga a constitucionalidade do Artigo 28 da Lei das Drogas (Lei 11.343\/2006). Para diferenciar usu\u00e1rios e traficantes, a norma prev\u00ea penas alternativas de presta\u00e7\u00e3o de servi\u00e7os \u00e0 comunidade, advert\u00eancia sobre os efeitos das drogas e comparecimento obrigat\u00f3rio a curso educativo para quem adquirir, transportar ou portar drogas para consumo pessoal.<\/p>\n\n\n\n<p>A lei deixou de prever a pena de pris\u00e3o, mas manteve a criminaliza\u00e7\u00e3o. Dessa forma, usu\u00e1rios de drogas ainda s\u00e3o alvos de inqu\u00e9rito policial e processos judiciais que buscam o cumprimento das penas alternativas.&nbsp;<\/p>\n\n\n\n<p>Moraes avaliou que a lei aumentou o n\u00famero de presos por tr\u00e1fico de drogas e gerou &#8220;um ex\u00e9rcito para as fac\u00e7\u00f5es criminosas&#8221;. O ministro informou que dados oficiais mostram que 25% dos presos no Brasil (201 mil) respondem por tr\u00e1fico de drogas.<\/p>\n\n\n\n<p>&#8220;Isso gerou o fortalecimento das fac\u00e7\u00f5es no Brasil. A aplica\u00e7\u00e3o da lei gerou aumento do poder das fac\u00e7\u00f5es no Brasil. Aquele que antes era tipificado como usu\u00e1rio, quando despenalizou, o sistema de persecu\u00e7\u00e3o penal n\u00e3o concordou com a lei e acabou transformando os usu\u00e1rios em pequenos traficantes. O pequeno traficante, com a nova lei, tinha uma pena alta e foi para sistema penitenci\u00e1rio. Jovem, prim\u00e1rio, sem oferecer periculosidade \u00e0 sociedade, foi capturado pelas organiza\u00e7\u00f5es criminosas&#8221;, comentou.<\/p>\n\n\n\n<p>O ministro tamb\u00e9m defendeu a defini\u00e7\u00e3o de limites de quantidade de drogas para diferenciar usu\u00e1rios e traficantes.&nbsp;<\/p>\n\n\n\n<p>&#8220;Hoje, o tr\u00e1fico de drogas em regi\u00f5es abastadas das grandes cidades do pa\u00eds \u00e9 feito por delivery. H\u00e1 aplicativos que a pessoa chama e, assim como o IFood leva comida, leva a droga&#8221;, completou.<\/p>\n\n\n\n<p>Al\u00e9m da quantidade, Moraes tamb\u00e9m disse que devem ser levadas em conta as circunst\u00e2ncias das apreens\u00f5es para n\u00e3o permitir discrimina\u00e7\u00e3o entre classes sociais.&nbsp;<\/p>\n\n\n\n<p>&#8220;Quanto mais velho e mais instru\u00e7\u00e3o, mais dif\u00edcil ser caracterizado como traficante&#8221;, afirmou.<\/p>\n\n\n\n<h2 class=\"wp-block-heading\">Votos<\/h2>\n\n\n\n<p>Nas sess\u00f5es anteriores , os ministros Lu\u00eds Roberto Barroso, Edson Fachin e Gilmar Mendes se manifestaram a favor da descriminaliza\u00e7\u00e3o da posse de drogas, mas em extens\u00f5es diferentes.<\/p>\n\n\n\n<p>Mendes descriminaliza o porte para todas as drogas e transforma as san\u00e7\u00f5es penais em administrativas. Fachin entende que a descriminaliza\u00e7\u00e3o vale somente para maconha. Barroso tamb\u00e9m estende a descriminaliza\u00e7\u00e3o somente para maconha e fixa a quantidade de 25 gramas ou seis plantas f\u00eameas de&nbsp;<em>cannabis<\/em>.<\/p>\n\n\n\n<h2 class=\"wp-block-heading\">Caso julgado&nbsp;<\/h2>\n\n\n\n<p>No caso concreto que motivou o julgamento, a defesa de um condenado pede que o porte de maconha para uso pr\u00f3prio deixe de ser considerado crime. &nbsp;O acusado foi detido com tr\u00eas gramas de maconha.<\/p>\n\n\n\n<p>Para os advogados, o crime de porte de drogas para uso pessoal \u00e9 inconstitucional por ofender o princ\u00edpio constitucional da intimidade e da vida privada. &nbsp;A defesa sustentou que o uso pessoal n\u00e3o afronta a sa\u00fade p\u00fablica.&nbsp;<\/p>\n\n\n\n<p>Ap\u00f3s o voto de Moraes, o julgamento foi suspenso a pedido do relator do caso, ministro Gilmar Mendes. O relator disse que pretende aprofundar voto j\u00e1 proferido e prometeu devolver o processo para julgamento na pr\u00f3xima semana.&nbsp;<\/p>\n\n\n\n<p>At\u00e9 o momento, o placar do julgamento \u00e9 de 4 votos a 0 pela descriminaliza\u00e7\u00e3o do porte de drogas para consumo pessoal. Ainda n\u00e3o&nbsp;h\u00e1 consenso se a libera\u00e7\u00e3o ser\u00e1 somente para maconha ou tamb\u00e9m para outras drogas.&nbsp;<\/p>\n","protected":false},"excerpt":{"rendered":"<p>Processo foi suspenso a pedido do relator O ministro Alexandre de Moraes, do Supremo Tribunal Federal (STF), votou hoje (2) a favor da descriminaliza\u00e7\u00e3o do porte de maconha para consumo pessoal.&nbsp; Pelo voto do ministro, deve ser considerado usu\u00e1rio quem portar entre&nbsp;25 a 60 gramas de maconha ou seis plantas f\u00eameas de cannabis. Al\u00e9m disso, [&hellip;]<\/p>\n","protected":false},"author":7,"featured_media":17239,"comment_status":"closed","ping_status":"open","sticky":false,"template":"","format":"standard","meta":{"rop_custom_images_group":[],"rop_custom_messages_group":[],"rop_publish_now":"initial","rop_publish_now_accounts":[],"rop_publish_now_history":[],"rop_publish_now_status":"pending","footnotes":""},"categories":[189],"tags":[],"class_list":["post-17238","post","type-post","status-publish","format-standard","has-post-thumbnail","hentry","category-brasil"],"amp_enabled":true,"_links":{"self":[{"href":"https:\/\/imais.online\/portal\/wp-json\/wp\/v2\/posts\/17238","targetHints":{"allow":["GET"]}}],"collection":[{"href":"https:\/\/imais.online\/portal\/wp-json\/wp\/v2\/posts"}],"about":[{"href":"https:\/\/imais.online\/portal\/wp-json\/wp\/v2\/types\/post"}],"author":[{"embeddable":true,"href":"https:\/\/imais.online\/portal\/wp-json\/wp\/v2\/users\/7"}],"replies":[{"embeddable":true,"href":"https:\/\/imais.online\/portal\/wp-json\/wp\/v2\/comments?post=17238"}],"version-history":[{"count":1,"href":"https:\/\/imais.online\/portal\/wp-json\/wp\/v2\/posts\/17238\/revisions"}],"predecessor-version":[{"id":17240,"href":"https:\/\/imais.online\/portal\/wp-json\/wp\/v2\/posts\/17238\/revisions\/17240"}],"wp:featuredmedia":[{"embeddable":true,"href":"https:\/\/imais.online\/portal\/wp-json\/wp\/v2\/media\/17239"}],"wp:attachment":[{"href":"https:\/\/imais.online\/portal\/wp-json\/wp\/v2\/media?parent=17238"}],"wp:term":[{"taxonomy":"category","embeddable":true,"href":"https:\/\/imais.online\/portal\/wp-json\/wp\/v2\/categories?post=17238"},{"taxonomy":"post_tag","embeddable":true,"href":"https:\/\/imais.online\/portal\/wp-json\/wp\/v2\/tags?post=17238"}],"curies":[{"name":"wp","href":"https:\/\/api.w.org\/{rel}","templated":true}]}}