{"id":17318,"date":"2023-08-04T06:56:36","date_gmt":"2023-08-04T09:56:36","guid":{"rendered":"https:\/\/imais.online\/portal\/?p=17318"},"modified":"2023-08-04T06:56:38","modified_gmt":"2023-08-04T09:56:38","slug":"mundial-de-natacao-paralimpica-medalhas-de-prata-e-bronze-para-o-time-sp-nos-dois-dias","status":"publish","type":"post","link":"https:\/\/imais.online\/portal\/mundial-de-natacao-paralimpica-medalhas-de-prata-e-bronze-para-o-time-sp-nos-dois-dias\/","title":{"rendered":"Mundial de Nata\u00e7\u00e3o Paral\u00edmpica: Medalhas de prata e bronze para o Time SP nos dois dias"},"content":{"rendered":"<div class=\"imais-before-content-placement\" id=\"imais-1715376741\"><script async src=\"\/\/pagead2.googlesyndication.com\/pagead\/js\/adsbygoogle.js?client=ca-pub-8787528412751566\" crossorigin=\"anonymous\"><\/script><ins class=\"adsbygoogle\" style=\"display:block;\" data-ad-client=\"ca-pub-8787528412751566\" \ndata-ad-slot=\"\" \ndata-ad-format=\"auto\"><\/ins>\n<script> \n(adsbygoogle = window.adsbygoogle || []).push({}); \n<\/script>\n<\/div>\n<p>Um ter\u00e7o das vit\u00f3rias brasileiras s\u00e3o de atletas do Time S\u00e3o Paulo Paral\u00edmpico; Brasil j\u00e1 subiu ao p\u00f3dio 12 vezes desde o inicio, em 31\/07<\/p>\n\n\n\n<p>No segundo dia de disputas, o nadador Talisson Glock se destacou ao conquistar duas medalhas de prata, uma no revezamento 4\u00d750 metros e nos 100 metros livres. As primeiras conquistas do Time S\u00e3o Paulo na competi\u00e7\u00e3o foram obtidas por Cec\u00edlia Ara\u00fajo e Phelipe Rodrigues, que ergueram o bronze nos 400 e nos 50 metros livres, respectivamente.<\/p>\n\n\n\n<p>Ocupando a sexta posi\u00e7\u00e3o no ranking geral de medalhas do Mundial de Nata\u00e7\u00e3o Paral\u00edmpica em Manchester, na Inglaterra, o Brasil j\u00e1 conta com 12 medalhas conquistadas (3 ouros, 4 pratas e 5 bronzes), sendo quatro delas de atletas do Time S\u00e3o Paulo Paral\u00edmpico, equipe patrocinada pelo Governo do Estado de S\u00e3o Paulo atrav\u00e9s da Secretaria dos Direitos da Pessoa com Defici\u00eancia (SEDPcD). O Mundial teve in\u00edcio em 31 de julho e vai at\u00e9 6 de agosto.<\/p>\n\n\n\n<p>Dos 29 atletas paral\u00edmpicos brasileiros convocados para o campeonato, nove representam o Time S\u00e3o Paulo em Manchester. Ainda na tarde desta quarta-feira (2), as atletas Cec\u00edlia Ara\u00fajo (100 metros borboleta), Esthefany Rodrigues (50 metros borboleta) e Lucilene Sousa (50 metros livre) ir\u00e3o competir em suas categorias.<\/p>\n\n\n\n<p><strong>Time SP<\/strong><br>Criado pela&nbsp;<a href=\"https:\/\/www.pessoacomdeficiencia.sp.gov.br\/institucional\/quem-somos\/\" target=\"_blank\" rel=\"noreferrer noopener\">Secretaria de Estado dos Direitos da Pessoa com Defici\u00eancia (SEDPcD)<\/a>&nbsp;em parceria com o Comit\u00ea Paral\u00edmpico Brasileiro, o Time S\u00e3o Paulo Paral\u00edmpico 2023 conta com R$ 6 milh\u00f5es de investimento da SEDPcD direcionados a 107 atletas de 14 modalidades, que representam o Estado e o Pa\u00eds em campeonatos nacionais e mundiais ao longo do ano.<\/p>\n\n\n\n<p><strong>Confira a lista completa dos atletas do Time SP que participam do Mundial de Nata\u00e7\u00e3o Paral\u00edmpica:<\/strong><br>Ana Karolina Soares de Oliveira<br>Cecilia Kethlen Jeronimo de Araujo<br>Edenia Nogueira Garcia<br>Esthefany de Oliveira Rodrigues<br>Gabriel Cristiano Silva de Souza<br>Lucilene da Silva Sousa<br>Maiara Regina Pereira Barreto<br>Phelipe Andrews Melo Rodrigues<br>Talisson Henrique Glock<\/p>\n","protected":false},"excerpt":{"rendered":"<p>Um ter\u00e7o das vit\u00f3rias brasileiras s\u00e3o de atletas do Time S\u00e3o Paulo Paral\u00edmpico; Brasil j\u00e1 subiu ao p\u00f3dio 12 vezes desde o inicio, em 31\/07 No segundo dia de disputas, o nadador Talisson Glock se destacou ao conquistar duas medalhas de prata, uma no revezamento 4\u00d750 metros e nos 100 metros livres. As primeiras conquistas [&hellip;]<\/p>\n","protected":false},"author":7,"featured_media":17319,"comment_status":"closed","ping_status":"open","sticky":false,"template":"","format":"standard","meta":{"rop_custom_images_group":[],"rop_custom_messages_group":[],"rop_publish_now":"initial","rop_publish_now_accounts":[],"rop_publish_now_history":[],"rop_publish_now_status":"pending","footnotes":""},"categories":[195],"tags":[],"class_list":["post-17318","post","type-post","status-publish","format-standard","has-post-thumbnail","hentry","category-sao-paulo"],"amp_enabled":true,"_links":{"self":[{"href":"https:\/\/imais.online\/portal\/wp-json\/wp\/v2\/posts\/17318","targetHints":{"allow":["GET"]}}],"collection":[{"href":"https:\/\/imais.online\/portal\/wp-json\/wp\/v2\/posts"}],"about":[{"href":"https:\/\/imais.online\/portal\/wp-json\/wp\/v2\/types\/post"}],"author":[{"embeddable":true,"href":"https:\/\/imais.online\/portal\/wp-json\/wp\/v2\/users\/7"}],"replies":[{"embeddable":true,"href":"https:\/\/imais.online\/portal\/wp-json\/wp\/v2\/comments?post=17318"}],"version-history":[{"count":1,"href":"https:\/\/imais.online\/portal\/wp-json\/wp\/v2\/posts\/17318\/revisions"}],"predecessor-version":[{"id":17320,"href":"https:\/\/imais.online\/portal\/wp-json\/wp\/v2\/posts\/17318\/revisions\/17320"}],"wp:featuredmedia":[{"embeddable":true,"href":"https:\/\/imais.online\/portal\/wp-json\/wp\/v2\/media\/17319"}],"wp:attachment":[{"href":"https:\/\/imais.online\/portal\/wp-json\/wp\/v2\/media?parent=17318"}],"wp:term":[{"taxonomy":"category","embeddable":true,"href":"https:\/\/imais.online\/portal\/wp-json\/wp\/v2\/categories?post=17318"},{"taxonomy":"post_tag","embeddable":true,"href":"https:\/\/imais.online\/portal\/wp-json\/wp\/v2\/tags?post=17318"}],"curies":[{"name":"wp","href":"https:\/\/api.w.org\/{rel}","templated":true}]}}