{"id":1733,"date":"2021-09-22T16:33:24","date_gmt":"2021-09-22T19:33:24","guid":{"rendered":"https:\/\/imais.online\/portal\/?p=1733"},"modified":"2021-09-22T16:33:26","modified_gmt":"2021-09-22T19:33:26","slug":"corporacao-musical-villa-lobos-apresenta-concerto-com-obras-vencedoras-do-grammy","status":"publish","type":"post","link":"https:\/\/imais.online\/portal\/corporacao-musical-villa-lobos-apresenta-concerto-com-obras-vencedoras-do-grammy\/","title":{"rendered":"Corpora\u00e7\u00e3o Musical Villa-Lobos apresenta concerto com obras vencedoras do Grammy"},"content":{"rendered":"<div class=\"imais-before-content-placement\" id=\"imais-745708279\"><script async src=\"\/\/pagead2.googlesyndication.com\/pagead\/js\/adsbygoogle.js?client=ca-pub-8787528412751566\" crossorigin=\"anonymous\"><\/script><ins class=\"adsbygoogle\" style=\"display:block;\" data-ad-client=\"ca-pub-8787528412751566\" \ndata-ad-slot=\"\" \ndata-ad-format=\"auto\"><\/ins>\n<script> \n(adsbygoogle = window.adsbygoogle || []).push({}); \n<\/script>\n<\/div>\n<p>\u2018Grammy Award\u2019 \u00e9 o t\u00edtulo do concerto virtual que a Banda Sinf\u00f4nica da Corpora\u00e7\u00e3o Musical Villa-Lobos (CMVL) apresenta no pr\u00f3ximo s\u00e1bado, dia 25, a partir das 20 horas, em seu canal no YouTube. No repert\u00f3rio, tr\u00eas obras premiadas pela Recording Academy dos Estados Unidos, com a participa\u00e7\u00e3o de dois solistas convidados: o trombonista Rafael Rocha e o trompetista Jess\u00e9 Sadoc. O evento conta com apoio da Prefeitura de Indaiatuba, por meio da Secretaria Municipal de Cultura.<\/p>\n\n\n\n<p>\u201cNeste concerto virtual, a Banda Sinf\u00f4nica da CMVL apresenta tr\u00eas obras do repert\u00f3rio norte-americano, cujos compositores ou int\u00e9rpretes foram premiados pela Recording Academy \u2013 a Academia de Grava\u00e7\u00e3o, dos Estados Unidos \u2013 com o pr\u00eamio Grammy\u201d, destaca o maestro Samuel Nascimento de Lima. A primeira cerim\u00f4nia do Grammy, vale destacar, aconteceu em 4 de maio de 1959.<\/p>\n\n\n\n<p>\u2018Swing from American Dances\u2019, composi\u00e7\u00e3o de Robert W. Smith baseada no jazz americano, estilo tradicional das big bands muito populares nas d\u00e9cadas de 1930 e 1940, \u00e9 uma su\u00edte em tr\u00eas movimentos, originalmente composta para o Boston Pops Brass. Cada movimento desta su\u00edte apresenta um estilo de m\u00fasica popular norte-americana.<\/p>\n\n\n\n<p>De Irving Gordon, \u2018Unforgettable\u2019 \u00e9 uma inesquec\u00edvel can\u00e7\u00e3o gravada em 1951 por Nat \u201cKing\u201d Cole, que ganhou o pr\u00eamio de Can\u00e7\u00e3o do Ano no 34\u00ba Grammy Awards em 1992, com a regrava\u00e7\u00e3o de Natalie Cole para o grande sucesso originalmente interpretado pelo seu pai.<\/p>\n\n\n\n<p>A grava\u00e7\u00e3o original de Nat Cole foi inclu\u00edda no Grammy Hall of Fame em 2000. \u201cNesta obra, teremos as participa\u00e7\u00f5es especiais de dois renomados m\u00fasicos brasileiros: o trombonista Rafael Rocha e o trompetista Jess\u00e9 Sadoc\u201d, conta o maestro.<\/p>\n\n\n\n<p>Convidados<\/p>\n\n\n\n<p>Rafael Rocha \u00e9 trombonista, compositor e arranjador. Filho do maestro Vanderlei Rocha, seu interesse pela m\u00fasica come\u00e7ou na inf\u00e2ncia. Como trombonista ou arranjador, participou de grava\u00e7\u00f5es e shows com artistas como Ivan Lins, Jo\u00e3o Bosco, Chico Buarque, Rosa Passos, Ivete Sangalo, Roberto Menescal, Maria Rita, Carlinhos Brown, Z\u00e9lian Duncan, Jo\u00e3o Donato, Hamilton de Holanda, Raul de Souza, Carlos Lyra, Dori Caymmi, Anitta, Ludmilla, Silva, Bibi Ferreira, Melim, Daniel Jobim, Duduka da Fonseca, Maucha Adnet, Arthur Maia, Celso Fonseca, Chico Pinheiro, Diogo Nogueira, Ant\u00f4nio Adolfo, Jaques Morelenbaum, Mauro Senise, Yamand\u00fa Costa, Ricardo Herz, Andr\u00e9 Mehmari, Torcuato Mariano, Lula Galv\u00e3o, Jorge Helder, Edu Ribeiro, Gabriel Grossi, Jess\u00e9 Sadoc, Andr\u00e9 Vasconcellos, Rafael Barata e Ademir Jr, al\u00e9m dos norte-americanos Bob Mintzer e Michael Davis, o franc\u00eas Baptiste Herbin, entre outros.<\/p>\n\n\n\n<p>Jess\u00e9 Sadoc \u00e9 um trompetista, arranjador e compositor carioca, que atua profissionalmente desde 1987 e j\u00e1 colaborou com in\u00fameros artistas da MPB como Djavan, Ed Motta, Jo\u00e3o Bosco, Marcos Valle, Chico Buarque, Caetano Veloso, Guinga, Jo\u00e3o Donato, Jo\u00e3o Bosco e Lenine.<\/p>\n\n\n\n<p>Participou de centenas de grava\u00e7\u00f5es e conta com uma trajet\u00f3ria de shows e apresenta\u00e7\u00f5es no Brasil e no exterior. Sadoc \u00e9 tamb\u00e9m m\u00fasico da Orquestra Sinf\u00f4nica do Theatro Municipal do Rio de Janeiro h\u00e1 22 anos e membro da Art Metal Quinteto. Seu primeiro disco solo, \u2018O Som de Casa\u2019, foi lan\u00e7ado em 2016.<\/p>\n\n\n\n<p>\u201cEncerrando o repert\u00f3rio do concerto virtual, \u2018Salute to American Jazz\u2019 \u00e9 do mestre dos arranjos de jazz, Sammy Nestico, que nos deixou em 17 de janeiro deste ano, e faz uma homenagem \u00e0 forma de arte mais not\u00e1vel da m\u00fasica norte-americana com este arranjo para banda de concerto\u201d, afirma Samuel.<\/p>\n\n\n\n<p>Quatro estilos distintos na hist\u00f3ria do jazz americano s\u00e3o representados neste arranjo com \u2018Night in Tunisia\u2019, de Dizzy Gillespie; \u2018St. Louis Blues\u2019, de WC Handy; \u2018It Don&#8217;t Mean a Thing\u2019, de Duke Ellington; e \u2018Birdland\u2019, do Weather Report.<\/p>\n\n\n\n<p>Repert\u00f3rio<\/p>\n\n\n\n<p>1) Swing from American Dances, por Robert W. Smith<\/p>\n\n\n\n<p>2) Unforgettable, por Irving Gordon (Arranjo: Toshio Mashima)<\/p>\n\n\n\n<p>3) Salute to American Jazz, por Sammy Nestico<\/p>\n\n\n\n<p>&#8230;servi\u00e7o&#8230;<\/p>\n\n\n\n<p>Concerto Grammy Award<\/p>\n\n\n\n<p>Com: Corpora\u00e7\u00e3o Musical Villa-Lobos<\/p>\n\n\n\n<p>Reg\u00eancia e produ\u00e7\u00e3o: Samuel Nascimento de Lima e Tiago Roscani<\/p>\n\n\n\n<p>Data: 25 de setembro<\/p>\n\n\n\n<p>Hor\u00e1rio: 20 horas<\/p>\n\n\n\n<p>Local: www.youtube.com\/channel\/UC8l5Ahye1jz8qbFWuqRGO1g<\/p>\n\n\n\n<p>Foto: Rafael Rocha \u00e9 trombonista, compositor e arranjador e j\u00e1 trabalhou com grandes nomes da MPB (Cr\u00e9dito: Divulga\u00e7\u00e3o)<\/p>\n\n\n\n<p>Foto: Divulga\u00e7\u00e3o<\/p>\n","protected":false},"excerpt":{"rendered":"<p>\u2018Grammy Award\u2019 \u00e9 o t\u00edtulo do concerto virtual que a Banda Sinf\u00f4nica da Corpora\u00e7\u00e3o Musical Villa-Lobos (CMVL) apresenta no pr\u00f3ximo s\u00e1bado, dia 25, a partir das 20 horas, em seu canal no YouTube. No repert\u00f3rio, tr\u00eas obras premiadas pela Recording Academy dos Estados Unidos, com a participa\u00e7\u00e3o de dois solistas convidados: o trombonista Rafael Rocha [&hellip;]<\/p>\n","protected":false},"author":8,"featured_media":1734,"comment_status":"closed","ping_status":"open","sticky":false,"template":"","format":"standard","meta":{"rop_custom_images_group":[],"rop_custom_messages_group":[],"rop_publish_now":"initial","rop_publish_now_accounts":[],"rop_publish_now_history":[],"rop_publish_now_status":"pending","footnotes":""},"categories":[188],"tags":[],"class_list":["post-1733","post","type-post","status-publish","format-standard","has-post-thumbnail","hentry","category-indaiatuba"],"amp_enabled":true,"_links":{"self":[{"href":"https:\/\/imais.online\/portal\/wp-json\/wp\/v2\/posts\/1733","targetHints":{"allow":["GET"]}}],"collection":[{"href":"https:\/\/imais.online\/portal\/wp-json\/wp\/v2\/posts"}],"about":[{"href":"https:\/\/imais.online\/portal\/wp-json\/wp\/v2\/types\/post"}],"author":[{"embeddable":true,"href":"https:\/\/imais.online\/portal\/wp-json\/wp\/v2\/users\/8"}],"replies":[{"embeddable":true,"href":"https:\/\/imais.online\/portal\/wp-json\/wp\/v2\/comments?post=1733"}],"version-history":[{"count":1,"href":"https:\/\/imais.online\/portal\/wp-json\/wp\/v2\/posts\/1733\/revisions"}],"predecessor-version":[{"id":1735,"href":"https:\/\/imais.online\/portal\/wp-json\/wp\/v2\/posts\/1733\/revisions\/1735"}],"wp:featuredmedia":[{"embeddable":true,"href":"https:\/\/imais.online\/portal\/wp-json\/wp\/v2\/media\/1734"}],"wp:attachment":[{"href":"https:\/\/imais.online\/portal\/wp-json\/wp\/v2\/media?parent=1733"}],"wp:term":[{"taxonomy":"category","embeddable":true,"href":"https:\/\/imais.online\/portal\/wp-json\/wp\/v2\/categories?post=1733"},{"taxonomy":"post_tag","embeddable":true,"href":"https:\/\/imais.online\/portal\/wp-json\/wp\/v2\/tags?post=1733"}],"curies":[{"name":"wp","href":"https:\/\/api.w.org\/{rel}","templated":true}]}}