{"id":17392,"date":"2023-08-06T09:51:58","date_gmt":"2023-08-06T12:51:58","guid":{"rendered":"https:\/\/imais.online\/portal\/?p=17392"},"modified":"2023-08-06T09:52:37","modified_gmt":"2023-08-06T12:52:37","slug":"engenheiro-morre-apos-levar-soco-no-queixo-em-briga-na-festa-do-peao-de-indaiatuba","status":"publish","type":"post","link":"https:\/\/imais.online\/portal\/engenheiro-morre-apos-levar-soco-no-queixo-em-briga-na-festa-do-peao-de-indaiatuba\/","title":{"rendered":"Engenheiro morre ap\u00f3s levar soco no queixo em briga na Festa do Pe\u00e3o de Indaiatuba"},"content":{"rendered":"<div class=\"imais-before-content-placement\" id=\"imais-587417984\"><script async src=\"\/\/pagead2.googlesyndication.com\/pagead\/js\/adsbygoogle.js?client=ca-pub-8787528412751566\" crossorigin=\"anonymous\"><\/script><ins class=\"adsbygoogle\" style=\"display:block;\" data-ad-client=\"ca-pub-8787528412751566\" \ndata-ad-slot=\"\" \ndata-ad-format=\"auto\"><\/ins>\n<script> \n(adsbygoogle = window.adsbygoogle || []).push({}); \n<\/script>\n<\/div>\n<p>Confus\u00e3o foi na madrugada deste s\u00e1bado (5) e come\u00e7ou no camarote do evento. Segundo a Pol\u00edcia Civil, v\u00edtima e agressor j\u00e1 tinham uma desaven\u00e7a de longa data.<\/p>\n\n\n\n<p>Um engenheiro de 33 anos morreu depois de levar um soco no queixo durante uma briga na Festa do Pe\u00e3o de\u00a0Indaiatuba (SP), na madrugada deste s\u00e1bado (5). De acordo com a Pol\u00edcia Civil,\u00a0o agressor e a v\u00edtima tinham uma desaven\u00e7a de longa data.<\/p>\n\n\n\n<p>A confus\u00e3o teria come\u00e7ado durante a festa, quando Willian Mulezini Santana e o agressor come\u00e7aram a discutir em um camarote do evento. Com a briga, um deles precisou ser levado para o setor m\u00e9dico, enquanto o outro foi retirado do local.<\/p>\n\n\n\n<p>Depois, um dos envolvidos foi para a \u00e1rea externa e eles voltaram a brigar. Willian morreu ao ser golpeado no rosto.\u00a0Ainda de acordo com a investiga\u00e7\u00e3o, o autor j\u00e1 foi identificado, mas ainda n\u00e3o foi localizado.<\/p>\n\n\n\n<p>Durante a semana deve ser instaurado um inqu\u00e9rito para apurar o caso.<\/p>\n\n\n\n<h2 class=\"wp-block-heading\">O que diz a organiza\u00e7\u00e3o do evento<\/h2>\n\n\n\n<p>Em nota, a diretoria do Clube dos Cavaleiros, respons\u00e1vel pela organiza\u00e7\u00e3o do evento, confirmou que o incidente foi dentro de um dos camarotes e diz que a equipe de seguran\u00e7a agiu prontamente.&#8221;Um dos envolvidos foi encaminhado para o Posto M\u00e9dico do recinto e recebeu atendimento&#8221;.<\/p>\n\n\n\n<blockquote class=\"wp-block-quote is-layout-flow wp-block-quote-is-layout-flow\">\n<p>&#8220;Ap\u00f3s atendimento no ambulat\u00f3rio m\u00e9dico, a v\u00edtima encontrou novamente o agressor fora do recinto. Em nova agress\u00e3o, a v\u00edtima caiu e foi novamente socorrida, desta vez levada ao Hospital HAOC, onde foi constatado o \u00f3bito&#8221;, informa.<\/p>\n<\/blockquote>\n\n\n\n<p>&#8220;O ocorrido, assim como o atendimento m\u00e9dico preliminar, foi registrado pelo sistema de monitoramento e seguran\u00e7a do evento, sendo fornecido c\u00f3pia na \u00edntegra \u00e0 autoridade policial. A organiza\u00e7\u00e3o do evento se solidariza com a fam\u00edlia da v\u00edtima neste momento de profunda tristeza&#8221;.<\/p>\n\n\n\n<p><strong>Via G1 Campinas<\/strong><\/p>\n","protected":false},"excerpt":{"rendered":"<p>Confus\u00e3o foi na madrugada deste s\u00e1bado (5) e come\u00e7ou no camarote do evento. Segundo a Pol\u00edcia Civil, v\u00edtima e agressor j\u00e1 tinham uma desaven\u00e7a de longa data. Um engenheiro de 33 anos morreu depois de levar um soco no queixo durante uma briga na Festa do Pe\u00e3o de\u00a0Indaiatuba (SP), na madrugada deste s\u00e1bado (5). De [&hellip;]<\/p>\n","protected":false},"author":6,"featured_media":17393,"comment_status":"closed","ping_status":"open","sticky":false,"template":"","format":"standard","meta":{"rop_custom_images_group":[],"rop_custom_messages_group":[],"rop_publish_now":"initial","rop_publish_now_accounts":[],"rop_publish_now_history":[],"rop_publish_now_status":"pending","footnotes":""},"categories":[188],"tags":[73],"class_list":["post-17392","post","type-post","status-publish","format-standard","has-post-thumbnail","hentry","category-indaiatuba","tag-featured"],"amp_enabled":true,"_links":{"self":[{"href":"https:\/\/imais.online\/portal\/wp-json\/wp\/v2\/posts\/17392","targetHints":{"allow":["GET"]}}],"collection":[{"href":"https:\/\/imais.online\/portal\/wp-json\/wp\/v2\/posts"}],"about":[{"href":"https:\/\/imais.online\/portal\/wp-json\/wp\/v2\/types\/post"}],"author":[{"embeddable":true,"href":"https:\/\/imais.online\/portal\/wp-json\/wp\/v2\/users\/6"}],"replies":[{"embeddable":true,"href":"https:\/\/imais.online\/portal\/wp-json\/wp\/v2\/comments?post=17392"}],"version-history":[{"count":2,"href":"https:\/\/imais.online\/portal\/wp-json\/wp\/v2\/posts\/17392\/revisions"}],"predecessor-version":[{"id":17395,"href":"https:\/\/imais.online\/portal\/wp-json\/wp\/v2\/posts\/17392\/revisions\/17395"}],"wp:featuredmedia":[{"embeddable":true,"href":"https:\/\/imais.online\/portal\/wp-json\/wp\/v2\/media\/17393"}],"wp:attachment":[{"href":"https:\/\/imais.online\/portal\/wp-json\/wp\/v2\/media?parent=17392"}],"wp:term":[{"taxonomy":"category","embeddable":true,"href":"https:\/\/imais.online\/portal\/wp-json\/wp\/v2\/categories?post=17392"},{"taxonomy":"post_tag","embeddable":true,"href":"https:\/\/imais.online\/portal\/wp-json\/wp\/v2\/tags?post=17392"}],"curies":[{"name":"wp","href":"https:\/\/api.w.org\/{rel}","templated":true}]}}