{"id":1800,"date":"2021-09-23T18:31:12","date_gmt":"2021-09-23T21:31:12","guid":{"rendered":"https:\/\/imais.online\/portal\/?p=1800"},"modified":"2021-09-23T18:31:14","modified_gmt":"2021-09-23T21:31:14","slug":"em-protesto-contra-fome-mtst-ocupa-predio-da-bolsa-de-valores-em-sp","status":"publish","type":"post","link":"https:\/\/imais.online\/portal\/em-protesto-contra-fome-mtst-ocupa-predio-da-bolsa-de-valores-em-sp\/","title":{"rendered":"Em protesto contra fome, MTST ocupa pr\u00e9dio da bolsa de valores em SP"},"content":{"rendered":"<div class=\"imais-before-content-placement\" id=\"imais-3313876715\"><script async src=\"\/\/pagead2.googlesyndication.com\/pagead\/js\/adsbygoogle.js?client=ca-pub-8787528412751566\" crossorigin=\"anonymous\"><\/script><ins class=\"adsbygoogle\" style=\"display:block;\" data-ad-client=\"ca-pub-8787528412751566\" \ndata-ad-slot=\"\" \ndata-ad-format=\"auto\"><\/ins>\n<script> \n(adsbygoogle = window.adsbygoogle || []).push({}); \n<\/script>\n<\/div>\n<p class=\"has-text-align-center\">Mesmo com a\u00e7\u00e3o, preg\u00e3o n\u00e3o foi interrompido<\/p>\n\n\n\n<p>O Movimento dos Trabalhadores Sem Teto (MTST) ocupou hoje (23) o pr\u00e9dio da bolsa de valores de S\u00e3o Paulo, a B3, na regi\u00e3o central da capital paulista. De acordo com o movimento, a a\u00e7\u00e3o \u00e9 um protesto contra a fome e a precariza\u00e7\u00e3o do trabalho.<img decoding=\"async\" src=\"https:\/\/agenciabrasil.ebc.com.br\/ebc.png?id=1422470&amp;o=node\"><img decoding=\"async\" src=\"https:\/\/agenciabrasil.ebc.com.br\/ebc.gif?id=1422470&amp;o=node\"><\/p>\n\n\n\n<p>\u201cOcupamos a bolsa de valores de S\u00e3o Paulo, maior s\u00edmbolo da especula\u00e7\u00e3o e da desigualdade social. Enquanto as empresas lucram, o povo passa fome e o trabalho \u00e9 cada vez mais prec\u00e1rio. Quem segura o Bolsonaro l\u00e1 s\u00e3o os donos do mercado\u201d, destacou o MTST em texto nas suas redes sociais.<\/p>\n\n\n\n<p>Dezenas de manifestantes ocuparam o sal\u00e3o da B3 onde geralmente s\u00e3o realizados os leil\u00f5es na bolsa de valores. Al\u00e9m de bandeiras vermelhas com o s\u00edmbolo do MTST, os ativistas carregavam uma bandeira com as cores nacionais com a palavra \u201cfome\u201d estampada. At\u00e9 \u00e0s 15h30, o preg\u00e3o de hoje n\u00e3o havia sido interrompido.<\/p>\n\n\n\n<p>\u201cA a\u00e7\u00e3o est\u00e1 sendo realizada em protesto contra a carestia e a fome provocadas pela pol\u00edtica econ\u00f4mica aplicada por Paulo Guedes e Bolsonaro. Os lucros recordes dos bancos, o aumento de grandes fortunas e o surgimento de 42 novos bilion\u00e1rios no mesmo pa\u00eds onde a inseguran\u00e7a alimentar atinge mais de 116 milh\u00f5es de pessoas e a fome j\u00e1 \u00e9 uma realidade para mais de 19 milh\u00f5es precisa acabar\u201d, acrescentou o MTST nas redes sociais.<\/p>\n\n\n\n<p>Em nota, o Minist\u00e9rio da Fazendo disse que n\u00e3o ir\u00e1 se manifestar. A B3 afirmou que manifesta\u00e7\u00e3o ocorreu de forma pac\u00edfica e j\u00e1 foi encerrada, &#8220;n\u00e3o tendo havido impacto para as opera\u00e7\u00f5es de mercado&#8221;.<\/p>\n","protected":false},"excerpt":{"rendered":"<p>Mesmo com a\u00e7\u00e3o, preg\u00e3o n\u00e3o foi interrompido O Movimento dos Trabalhadores Sem Teto (MTST) ocupou hoje (23) o pr\u00e9dio da bolsa de valores de S\u00e3o Paulo, a B3, na regi\u00e3o central da capital paulista. De acordo com o movimento, a a\u00e7\u00e3o \u00e9 um protesto contra a fome e a precariza\u00e7\u00e3o do trabalho. \u201cOcupamos a bolsa [&hellip;]<\/p>\n","protected":false},"author":7,"featured_media":1801,"comment_status":"closed","ping_status":"open","sticky":false,"template":"","format":"standard","meta":{"rop_custom_images_group":[],"rop_custom_messages_group":[],"rop_publish_now":"initial","rop_publish_now_accounts":[],"rop_publish_now_history":[],"rop_publish_now_status":"pending","footnotes":""},"categories":[195],"tags":[],"class_list":["post-1800","post","type-post","status-publish","format-standard","has-post-thumbnail","hentry","category-sao-paulo"],"amp_enabled":true,"_links":{"self":[{"href":"https:\/\/imais.online\/portal\/wp-json\/wp\/v2\/posts\/1800","targetHints":{"allow":["GET"]}}],"collection":[{"href":"https:\/\/imais.online\/portal\/wp-json\/wp\/v2\/posts"}],"about":[{"href":"https:\/\/imais.online\/portal\/wp-json\/wp\/v2\/types\/post"}],"author":[{"embeddable":true,"href":"https:\/\/imais.online\/portal\/wp-json\/wp\/v2\/users\/7"}],"replies":[{"embeddable":true,"href":"https:\/\/imais.online\/portal\/wp-json\/wp\/v2\/comments?post=1800"}],"version-history":[{"count":1,"href":"https:\/\/imais.online\/portal\/wp-json\/wp\/v2\/posts\/1800\/revisions"}],"predecessor-version":[{"id":1802,"href":"https:\/\/imais.online\/portal\/wp-json\/wp\/v2\/posts\/1800\/revisions\/1802"}],"wp:featuredmedia":[{"embeddable":true,"href":"https:\/\/imais.online\/portal\/wp-json\/wp\/v2\/media\/1801"}],"wp:attachment":[{"href":"https:\/\/imais.online\/portal\/wp-json\/wp\/v2\/media?parent=1800"}],"wp:term":[{"taxonomy":"category","embeddable":true,"href":"https:\/\/imais.online\/portal\/wp-json\/wp\/v2\/categories?post=1800"},{"taxonomy":"post_tag","embeddable":true,"href":"https:\/\/imais.online\/portal\/wp-json\/wp\/v2\/tags?post=1800"}],"curies":[{"name":"wp","href":"https:\/\/api.w.org\/{rel}","templated":true}]}}