{"id":1806,"date":"2021-09-24T07:43:41","date_gmt":"2021-09-24T10:43:41","guid":{"rendered":"https:\/\/imais.online\/portal\/?p=1806"},"modified":"2021-09-24T07:45:18","modified_gmt":"2021-09-24T10:45:18","slug":"priscila-da-tv-colosso-volta-as-telas-em-campanha-da-petlove","status":"publish","type":"post","link":"https:\/\/imais.online\/portal\/priscila-da-tv-colosso-volta-as-telas-em-campanha-da-petlove\/","title":{"rendered":"Priscila, da TV Colosso, volta \u00e0s telas em campanha da Petlove"},"content":{"rendered":"<div class=\"imais-before-content-placement\" id=\"imais-860066447\"><script async src=\"\/\/pagead2.googlesyndication.com\/pagead\/js\/adsbygoogle.js?client=ca-pub-8787528412751566\" crossorigin=\"anonymous\"><\/script><ins class=\"adsbygoogle\" style=\"display:block;\" data-ad-client=\"ca-pub-8787528412751566\" \ndata-ad-slot=\"\" \ndata-ad-format=\"auto\"><\/ins>\n<script> \n(adsbygoogle = window.adsbygoogle || []).push({}); \n<\/script>\n<\/div>\n<p><strong>A<\/strong> Petlove traz de volta \u00e0s telas Priscila, \u00edcone do programa TV Colosso nos anos 90. A personagem aparece como estrela do clipe da m\u00fasica \u201cEu N\u00e3o Largo o Osso\u201d, criado em parceria pelas ag\u00eancias CP+B e Soko.<\/p>\n\n\n\n<p>O filme tem como prop\u00f3sito ampliar o conhecimento da marca, al\u00e9m de refor\u00e7ar os la\u00e7os com os clientes da empresa. Al\u00e9m de Priscila, a Petlove apresenta dois novos personagens: a Gata Sensata e o vira-lata Oscar A. Melo, que ser\u00e3o porta-vozes da marca e far\u00e3o a\u00e7\u00f5es voltadas para as redes sociais.<\/p>\n\n\n\n<p>Andr\u00e9 Martins, diretor de marketing da Petlove, explica que uma das miss\u00f5es da companhia \u00e9 levar bem-estar e cuidados para os pets, por isso, a volta da Priscila \u00e9 uma boa forma de se comunicar com as \u201cm\u00e3es\u201d e \u201cpais\u201d de pet. \u201cCom essa campanha estamos resgatando a nostalgia de toda uma gera\u00e7\u00e3o para ampliar esse sentimento de cuidado e afeto\u201d, comentou, em nota.<\/p>\n\n\n\n<p>Via Meio &amp; Mensagem<\/p>\n","protected":false},"excerpt":{"rendered":"<p>A Petlove traz de volta \u00e0s telas Priscila, \u00edcone do programa TV Colosso nos anos 90. A personagem aparece como estrela do clipe da m\u00fasica \u201cEu N\u00e3o Largo o Osso\u201d, criado em parceria pelas ag\u00eancias CP+B e Soko. O filme tem como prop\u00f3sito ampliar o conhecimento da marca, al\u00e9m de refor\u00e7ar os la\u00e7os com os [&hellip;]<\/p>\n","protected":false},"author":7,"featured_media":1807,"comment_status":"closed","ping_status":"open","sticky":false,"template":"","format":"standard","meta":{"rop_custom_images_group":[],"rop_custom_messages_group":[],"rop_publish_now":"initial","rop_publish_now_accounts":[],"rop_publish_now_history":[],"rop_publish_now_status":"pending","footnotes":""},"categories":[209],"tags":[],"class_list":["post-1806","post","type-post","status-publish","format-standard","has-post-thumbnail","hentry","category-estilo"],"amp_enabled":true,"_links":{"self":[{"href":"https:\/\/imais.online\/portal\/wp-json\/wp\/v2\/posts\/1806","targetHints":{"allow":["GET"]}}],"collection":[{"href":"https:\/\/imais.online\/portal\/wp-json\/wp\/v2\/posts"}],"about":[{"href":"https:\/\/imais.online\/portal\/wp-json\/wp\/v2\/types\/post"}],"author":[{"embeddable":true,"href":"https:\/\/imais.online\/portal\/wp-json\/wp\/v2\/users\/7"}],"replies":[{"embeddable":true,"href":"https:\/\/imais.online\/portal\/wp-json\/wp\/v2\/comments?post=1806"}],"version-history":[{"count":2,"href":"https:\/\/imais.online\/portal\/wp-json\/wp\/v2\/posts\/1806\/revisions"}],"predecessor-version":[{"id":1809,"href":"https:\/\/imais.online\/portal\/wp-json\/wp\/v2\/posts\/1806\/revisions\/1809"}],"wp:featuredmedia":[{"embeddable":true,"href":"https:\/\/imais.online\/portal\/wp-json\/wp\/v2\/media\/1807"}],"wp:attachment":[{"href":"https:\/\/imais.online\/portal\/wp-json\/wp\/v2\/media?parent=1806"}],"wp:term":[{"taxonomy":"category","embeddable":true,"href":"https:\/\/imais.online\/portal\/wp-json\/wp\/v2\/categories?post=1806"},{"taxonomy":"post_tag","embeddable":true,"href":"https:\/\/imais.online\/portal\/wp-json\/wp\/v2\/tags?post=1806"}],"curies":[{"name":"wp","href":"https:\/\/api.w.org\/{rel}","templated":true}]}}