{"id":1828,"date":"2021-09-24T14:27:27","date_gmt":"2021-09-24T17:27:27","guid":{"rendered":"https:\/\/imais.online\/portal\/?p=1828"},"modified":"2021-09-24T14:27:28","modified_gmt":"2021-09-24T17:27:28","slug":"controladora-que-liberou-voo-da-tragedia-da-chapecoense-e-presa","status":"publish","type":"post","link":"https:\/\/imais.online\/portal\/controladora-que-liberou-voo-da-tragedia-da-chapecoense-e-presa\/","title":{"rendered":"Controladora que liberou voo da trag\u00e9dia da Chapecoense \u00e9 presa"},"content":{"rendered":"<div class=\"imais-before-content-placement\" id=\"imais-3884360452\"><script async src=\"\/\/pagead2.googlesyndication.com\/pagead\/js\/adsbygoogle.js?client=ca-pub-8787528412751566\" crossorigin=\"anonymous\"><\/script><ins class=\"adsbygoogle\" style=\"display:block;\" data-ad-client=\"ca-pub-8787528412751566\" \ndata-ad-slot=\"\" \ndata-ad-format=\"auto\"><\/ins>\n<script> \n(adsbygoogle = window.adsbygoogle || []).push({}); \n<\/script>\n<\/div>\n<p class=\"has-text-align-center\">Comiss\u00e1ria boliviana estava foragida desde o acidente, que ocorreu em 2016<\/p>\n\n\n\n<p>Investigada por envolvimento na trag\u00e9dia com o avi\u00e3o que transportava a delega\u00e7\u00e3o da Chapecoense para a Col\u00f4mbia, a comiss\u00e1ria boliviana Celia Castedo Monasterio foi presa pela Pol\u00edcia Federal nesta quinta-feira (23), no Mato Grosso do Sul. Ela era a respons\u00e1vel por autorizar os planos de voo das aeronaves que sa\u00edam do aeroporto de Santa Cruz de la Sierra, na Bol\u00edvia.<\/p>\n\n\n\n<p>Considerada foragida pela Justi\u00e7a boliviana desde 2016, ano em que aconteceu o acidente, Celia vivia em Corumb\u00e1 e ser\u00e1 extraditada por determina\u00e7\u00e3o de Gilmar Mendes, ministro do Supremo Tribunal Federal. Ela \u00e9 acusada de atentado contra a seguran\u00e7a do espa\u00e7o a\u00e9reo e vivia em condi\u00e7\u00e3o de refugiada no Mato Grosso do Sul, alegando persegui\u00e7\u00e3o em seu pa\u00eds natal.<\/p>\n\n\n\n<p>O voo que transportava a delega\u00e7\u00e3o da Chapecoense, dirigentes e jornalistas que iam cobrir o evento caiu pr\u00f3ximo ao aeroporto de Medell\u00edn, em Rionegro, em 29 de novembro de 2016. No acidente, 71 pessoas morreram; apenas seis sobreviveram. A equipe catarinense disputaria a final da Copa Sul-Americana, com o Atl\u00e9tico Nacional, sua melhor campanha no futebol na hist\u00f3ria.<\/p>\n\n\n\n<p>Operado pela LaMia, o avi\u00e3o deixou Santa Cruz de la Sierra com n\u00edveis de combust\u00edvel abaixo dos recomendados para qualquer viagem \u00e1rea (que deve levar em considera\u00e7\u00e3o imprevistos que gerem maior consumo). As investiga\u00e7\u00f5es sobre os motivos e os culpados da queda demoraram meses, mas, desde o in\u00edcio, j\u00e1 se suspeitava fortemente de falta de combust\u00edvel.<\/p>\n\n\n\n<p>A defesa de Celia Monasterio promete tomar medidas para que a sua cliente siga protegida e mantenha sua resid\u00eancia no Brasil. Ela ainda aguarda, em Corumb\u00e1, os tr\u00e2mites da Pol\u00edcia Federal para ser transportada de volta \u00e0 Bol\u00edvia.<\/p>\n\n\n\n<p>Gabriela Doria<\/p>\n\n\n\n<p>Fonte Divulga\u00e7\u00e3o <\/p>\n","protected":false},"excerpt":{"rendered":"<p>Comiss\u00e1ria boliviana estava foragida desde o acidente, que ocorreu em 2016 Investigada por envolvimento na trag\u00e9dia com o avi\u00e3o que transportava a delega\u00e7\u00e3o da Chapecoense para a Col\u00f4mbia, a comiss\u00e1ria boliviana Celia Castedo Monasterio foi presa pela Pol\u00edcia Federal nesta quinta-feira (23), no Mato Grosso do Sul. Ela era a respons\u00e1vel por autorizar os planos [&hellip;]<\/p>\n","protected":false},"author":8,"featured_media":1829,"comment_status":"closed","ping_status":"open","sticky":false,"template":"","format":"standard","meta":{"rop_custom_images_group":[],"rop_custom_messages_group":[],"rop_publish_now":"initial","rop_publish_now_accounts":[],"rop_publish_now_history":[],"rop_publish_now_status":"pending","footnotes":""},"categories":[199],"tags":[],"class_list":["post-1828","post","type-post","status-publish","format-standard","has-post-thumbnail","hentry","category-policia"],"amp_enabled":true,"_links":{"self":[{"href":"https:\/\/imais.online\/portal\/wp-json\/wp\/v2\/posts\/1828","targetHints":{"allow":["GET"]}}],"collection":[{"href":"https:\/\/imais.online\/portal\/wp-json\/wp\/v2\/posts"}],"about":[{"href":"https:\/\/imais.online\/portal\/wp-json\/wp\/v2\/types\/post"}],"author":[{"embeddable":true,"href":"https:\/\/imais.online\/portal\/wp-json\/wp\/v2\/users\/8"}],"replies":[{"embeddable":true,"href":"https:\/\/imais.online\/portal\/wp-json\/wp\/v2\/comments?post=1828"}],"version-history":[{"count":1,"href":"https:\/\/imais.online\/portal\/wp-json\/wp\/v2\/posts\/1828\/revisions"}],"predecessor-version":[{"id":1830,"href":"https:\/\/imais.online\/portal\/wp-json\/wp\/v2\/posts\/1828\/revisions\/1830"}],"wp:featuredmedia":[{"embeddable":true,"href":"https:\/\/imais.online\/portal\/wp-json\/wp\/v2\/media\/1829"}],"wp:attachment":[{"href":"https:\/\/imais.online\/portal\/wp-json\/wp\/v2\/media?parent=1828"}],"wp:term":[{"taxonomy":"category","embeddable":true,"href":"https:\/\/imais.online\/portal\/wp-json\/wp\/v2\/categories?post=1828"},{"taxonomy":"post_tag","embeddable":true,"href":"https:\/\/imais.online\/portal\/wp-json\/wp\/v2\/tags?post=1828"}],"curies":[{"name":"wp","href":"https:\/\/api.w.org\/{rel}","templated":true}]}}