{"id":1877,"date":"2021-09-27T15:40:52","date_gmt":"2021-09-27T18:40:52","guid":{"rendered":"https:\/\/imais.online\/portal\/?p=1877"},"modified":"2021-09-27T15:40:54","modified_gmt":"2021-09-27T18:40:54","slug":"consumidor-esta-cauteloso-na-hora-de-gastar-diz-pesquisa","status":"publish","type":"post","link":"https:\/\/imais.online\/portal\/consumidor-esta-cauteloso-na-hora-de-gastar-diz-pesquisa\/","title":{"rendered":"Consumidor est\u00e1 cauteloso na hora de gastar, diz pesquisa"},"content":{"rendered":"<div class=\"imais-before-content-placement\" id=\"imais-1661913023\"><script async src=\"\/\/pagead2.googlesyndication.com\/pagead\/js\/adsbygoogle.js?client=ca-pub-8787528412751566\" crossorigin=\"anonymous\"><\/script><ins class=\"adsbygoogle\" style=\"display:block;\" data-ad-client=\"ca-pub-8787528412751566\" \ndata-ad-slot=\"\" \ndata-ad-format=\"auto\"><\/ins>\n<script> \n(adsbygoogle = window.adsbygoogle || []).push({}); \n<\/script>\n<\/div>\n<h3 class=\"has-text-align-center wp-block-heading\">Estudo ouviu 1.597 pessoas de todas as regi\u00f5es do Brasil<\/h3>\n\n\n\n<p>A confian\u00e7a do consumidor brasileiro para as compras no com\u00e9rcio ficou estagnada em setembro. \u00c9 o que revela o \u00cdndice Nacional de Confian\u00e7a (INC), divulgado hoje (27) pela Associa\u00e7\u00e3o Comercial de S\u00e3o Paulo (ACSP).<img decoding=\"async\" src=\"https:\/\/agenciabrasil.ebc.com.br\/ebc.png?id=1422712&amp;o=node\"><img decoding=\"async\" src=\"https:\/\/agenciabrasil.ebc.com.br\/ebc.gif?id=1422712&amp;o=node\"><\/p>\n\n\n\n<p>Este m\u00eas, o \u00edndice registrou 74 pontos, mesmo valor de agosto. Considerando-se apenas o estado de S\u00e3o Paulo, o \u00edndice chegou a 75 pontos, dois pontos acima do registrado em agosto.<\/p>\n\n\n\n<p>Segundo a ACSP, esse resultado interrompe a tend\u00eancia que apontava para uma melhora do humor do consumidor brasileiro.<\/p>\n\n\n\n<p>&#8220;As pessoas t\u00eam menos dinheiro por conta da crise causada pela pandemia, mas o consumo, que estava reprimido gra\u00e7as \u00e0 falta de mobilidade urbana, est\u00e1 acontecendo normalmente&#8221;, disse Ulisses Ruiz de Gamboa, economista da ACSP. &#8220;Entendemos que existe a cautela neste momento porque os reflexos da crise da covid-19 ainda s\u00e3o muito sentidos&#8221;, explicou.<\/p>\n\n\n\n<h2 class=\"wp-block-heading\">Comportamento<\/h2>\n\n\n\n<p>O \u00cdndice Nacional de Confian\u00e7a vai de zero a 200 pontos e mede a vis\u00e3o e a seguran\u00e7a da popula\u00e7\u00e3o em rela\u00e7\u00e3o ao pa\u00eds e \u00e0s finan\u00e7as e prev\u00ea, tamb\u00e9m, o comportamento dessas pessoas na hora da compra. Quando o \u00edndice soma abaixo de 100 pontos, indica pessimismo. Acima de 100 pontos significa otimismo.<\/p>\n\n\n\n<p>Segundo a ACSP, o \u00faltimo registro otimista, marcando 100 pontos, ocorreu em janeiro de 2020, antes da pandemia do novo coronav\u00edrus.<\/p>\n\n\n\n<p>A pesquisa ouviu 1.597 pessoas de todas as regi\u00f5es do Brasil. A margem de erro \u00e9 de dois pontos percentuais para cima ou para baixo.<\/p>\n\n\n\n<p>Por Ag\u00eancia Brasil &#8211; S\u00e3o Paulo<\/p>\n","protected":false},"excerpt":{"rendered":"<p>Estudo ouviu 1.597 pessoas de todas as regi\u00f5es do Brasil A confian\u00e7a do consumidor brasileiro para as compras no com\u00e9rcio ficou estagnada em setembro. \u00c9 o que revela o \u00cdndice Nacional de Confian\u00e7a (INC), divulgado hoje (27) pela Associa\u00e7\u00e3o Comercial de S\u00e3o Paulo (ACSP). Este m\u00eas, o \u00edndice registrou 74 pontos, mesmo valor de agosto. [&hellip;]<\/p>\n","protected":false},"author":8,"featured_media":1878,"comment_status":"closed","ping_status":"open","sticky":false,"template":"","format":"standard","meta":{"rop_custom_images_group":[],"rop_custom_messages_group":[],"rop_publish_now":"initial","rop_publish_now_accounts":[],"rop_publish_now_history":[],"rop_publish_now_status":"pending","footnotes":""},"categories":[192],"tags":[],"class_list":["post-1877","post","type-post","status-publish","format-standard","has-post-thumbnail","hentry","category-economia"],"amp_enabled":true,"_links":{"self":[{"href":"https:\/\/imais.online\/portal\/wp-json\/wp\/v2\/posts\/1877","targetHints":{"allow":["GET"]}}],"collection":[{"href":"https:\/\/imais.online\/portal\/wp-json\/wp\/v2\/posts"}],"about":[{"href":"https:\/\/imais.online\/portal\/wp-json\/wp\/v2\/types\/post"}],"author":[{"embeddable":true,"href":"https:\/\/imais.online\/portal\/wp-json\/wp\/v2\/users\/8"}],"replies":[{"embeddable":true,"href":"https:\/\/imais.online\/portal\/wp-json\/wp\/v2\/comments?post=1877"}],"version-history":[{"count":1,"href":"https:\/\/imais.online\/portal\/wp-json\/wp\/v2\/posts\/1877\/revisions"}],"predecessor-version":[{"id":1879,"href":"https:\/\/imais.online\/portal\/wp-json\/wp\/v2\/posts\/1877\/revisions\/1879"}],"wp:featuredmedia":[{"embeddable":true,"href":"https:\/\/imais.online\/portal\/wp-json\/wp\/v2\/media\/1878"}],"wp:attachment":[{"href":"https:\/\/imais.online\/portal\/wp-json\/wp\/v2\/media?parent=1877"}],"wp:term":[{"taxonomy":"category","embeddable":true,"href":"https:\/\/imais.online\/portal\/wp-json\/wp\/v2\/categories?post=1877"},{"taxonomy":"post_tag","embeddable":true,"href":"https:\/\/imais.online\/portal\/wp-json\/wp\/v2\/tags?post=1877"}],"curies":[{"name":"wp","href":"https:\/\/api.w.org\/{rel}","templated":true}]}}