{"id":1884,"date":"2021-09-27T16:04:47","date_gmt":"2021-09-27T19:04:47","guid":{"rendered":"https:\/\/imais.online\/portal\/?p=1884"},"modified":"2021-09-27T16:04:50","modified_gmt":"2021-09-27T19:04:50","slug":"desemprego-cai-para-137-revela-pesquisa-do-ipea","status":"publish","type":"post","link":"https:\/\/imais.online\/portal\/desemprego-cai-para-137-revela-pesquisa-do-ipea\/","title":{"rendered":"Desemprego cai para 13,7%, revela pesquisa do Ipea"},"content":{"rendered":"<div class=\"imais-before-content-placement\" id=\"imais-622676618\"><script async src=\"\/\/pagead2.googlesyndication.com\/pagead\/js\/adsbygoogle.js?client=ca-pub-8787528412751566\" crossorigin=\"anonymous\"><\/script><ins class=\"adsbygoogle\" style=\"display:block;\" data-ad-client=\"ca-pub-8787528412751566\" \ndata-ad-slot=\"\" \ndata-ad-format=\"auto\"><\/ins>\n<script> \n(adsbygoogle = window.adsbygoogle || []).push({}); \n<\/script>\n<\/div>\n<h3 class=\"has-text-align-center wp-block-heading\">\u00cdndice no trimestre encerrado em mar\u00e7o foi de 15,1%<\/h3>\n\n\n\n<p>O desemprego recuou para 13,7% em junho, \u00faltimo m\u00eas do trimestre m\u00f3vel iniciado em abril. O percentual foi atingido depois de ficar em 15,1% em mar\u00e7o. J\u00e1 a taxa de desocupa\u00e7\u00e3o dessazonalizada, que exclui os efeitos das varia\u00e7\u00f5es sazonais do conjunto de dados temporais de junho (13,8%), \u00e9 a menor apurada desde maio de 2020.<img decoding=\"async\" src=\"https:\/\/agenciabrasil.ebc.com.br\/ebc.png?id=1422708&amp;o=node\"><img decoding=\"async\" src=\"https:\/\/agenciabrasil.ebc.com.br\/ebc.gif?id=1422708&amp;o=node\"><\/p>\n\n\n\n<p>Os n\u00fameros est\u00e3o no estudo, divulgado, hoje (27), no Rio de Janeiro, pelo Instituto de Pesquisa Econ\u00f4mica Aplicada (Ipea). Ele analisou o desempenho recente do mercado de trabalho, com base na desagrega\u00e7\u00e3o dos trimestres m\u00f3veis da Pesquisa Nacional por Amostra de Domic\u00edlios (PNAD Cont\u00ednua) do Instituto Brasileiro de Geografia e Estat\u00edstica (IBGE) e em informa\u00e7\u00f5es do Novo Cadastro Geral de Empregados e Desempregados (Caged) do Minist\u00e9rio da Economia.<\/p>\n\n\n\n<p>A pesquisa do Ipea mostrou, ainda, que o crescimento recente das contrata\u00e7\u00f5es tem ocorrido, principalmente, em setores que empregam relativamente mais m\u00e3o de obra informal. Entre eles, est\u00e3o o da constru\u00e7\u00e3o, que registrou alta anual da popula\u00e7\u00e3o ocupada em 19,6%, a agricultura (11,8%) e os servi\u00e7os dom\u00e9sticos (9%).<\/p>\n\n\n\n<p>\u201cDeu uma melhorada. \u00c9 uma coisa que a gente j\u00e1 estava vendo no in\u00edcio do segundo trimestre. O desemprego est\u00e1 caindo porque a ocupa\u00e7\u00e3o est\u00e1 crescendo. A ocupa\u00e7\u00e3o est\u00e1 voltando e a gente est\u00e1 conseguindo uma redu\u00e7\u00e3o do desemprego em um ambiente de aumento de PEA [Popula\u00e7\u00e3o Economicamente Ativa]. Todas aquelas pessoas que sa\u00edram do mercado de trabalho por conta da pandemia est\u00e3o voltando a procurar emprego. Mesmo com essa popula\u00e7\u00e3o voltando, ainda assim a gente est\u00e1 conseguindo reduzir o desemprego porque a ocupa\u00e7\u00e3o est\u00e1 subindo\u201d, disse a pesquisadora do Grupo de Conjuntura do Ipea, Maria Andr\u00e9ia Lameiras, em entrevista \u00e0&nbsp;<strong>Ag\u00eancia Brasil<\/strong>.<\/p>\n\n\n\n<p>Outro dado do estudo \u00e9 que, no segundo trimestre de 2021, na compara\u00e7\u00e3o interanual, a expans\u00e3o dos empregados no setor privado sem carteira atingiu 16% e a dos trabalhadores por conta pr\u00f3pria, 14,7%.<\/p>\n\n\n\n<p>Ainda com base nos dados da PNAD Cont\u00ednua, o aumento do emprego no segundo trimestre se espalhou por todos os segmentos da popula\u00e7\u00e3o, se comparado ao mesmo per\u00edodo do ano anterior, mas teve destaque o crescimento da ocupa\u00e7\u00e3o entre as mulheres (2,2%), jovens (11,8%) e trabalhadores com ensino m\u00e9dio completo (7%).<\/p>\n\n\n\n<h2 class=\"wp-block-heading\">Cen\u00e1rio dif\u00edcil<\/h2>\n\n\n\n<p>Maria Andr\u00e9ia chamou aten\u00e7\u00e3o, no entanto, para o fato de que mesmo, com os resultados positivos, alguns indicadores importantes mostram que outros aspectos do mercado de trabalho brasileiro permanecem em patamares desfavor\u00e1veis. Ela destacou que a alta da ocupa\u00e7\u00e3o tem ocorrido muito em cima da informalidade, o que n\u00e3o chega a surpreender porque foi o setor mais atingido pela pandemia. \u201cS\u00e3o eles que est\u00e3o voltando. A gente v\u00ea um crescimento grande do emprego sem carteira e do [emprego] por conta pr\u00f3pria\u201d, disse.<\/p>\n\n\n\n<p>Acrescentou que, apesar do recuo pequeno na quest\u00e3o do desalento, ainda h\u00e1 a manuten\u00e7\u00e3o da subocupa\u00e7\u00e3o em patamar elevado. \u201cEssas pessoas at\u00e9 est\u00e3o voltando ao mercado de trabalho, mas n\u00e3o na condi\u00e7\u00e3o que gostariam de estar. Tem uma parcela grande da popula\u00e7\u00e3o que pode ofertar m\u00e3o de obra, mas n\u00e3o est\u00e1 conseguindo espa\u00e7o\u201d, detalhou.<\/p>\n\n\n\n<p>Al\u00e9m disso, h\u00e1 um dado preocupante que \u00e9 o aumento do tempo de perman\u00eancia no desemprego. Os microdados de transi\u00e7\u00e3o extra\u00eddos da PNAD Cont\u00ednua para a realiza\u00e7\u00e3o do estudo do Ipea, indicaram que o percentual de trabalhadores desocupados, que estavam nesta situa\u00e7\u00e3o por dois trimestres consecutivos, subiu de 47,3% no primeiro trimestre de 2020 para 73,2% no segundo trimestre de 2021. A situa\u00e7\u00e3o se agrava com o recuo da parcela de desempregados que obteve uma coloca\u00e7\u00e3o no trimestre subsequente de 26,1% para 17,8% no mesmo per\u00edodo.<\/p>\n\n\n\n<p>\u201cA popula\u00e7\u00e3o que est\u00e1 procurando trabalho h\u00e1 mais de dois anos tem sofrido bastante e isso \u00e9 ruim porque tem uma literatura grande de mercado de trabalho que mostra que, quanto mais tempo a popula\u00e7\u00e3o fica sem trabalhar, mais dif\u00edcil \u00e9 a volta ao mercado de trabalho. Quando acaba de perder um emprego a pessoa tem os contatos pr\u00f3ximos e a facilidade de se realocar \u00e9 mais r\u00e1pida. Quanto mais tempo fica fora, vai perdendo produtividade e deixando de saber o que tem de inova\u00e7\u00e3o na profiss\u00e3o. Fica cada vez mais dif\u00edcil a pessoa voltar e ela vai ficando obsoleta\u201d, observou.<\/p>\n\n\n\n<h2 class=\"wp-block-heading\">Pandemia<\/h2>\n\n\n\n<p>Para a pesquisadora, n\u00e3o \u00e9 poss\u00edvel dizer que essa situa\u00e7\u00e3o ruim do mercado de trabalho \u00e9 s\u00f3 culpa da pandemia, porque j\u00e1 n\u00e3o estava t\u00e3o bem. \u201cA gente estava come\u00e7ando a melhorar, mas, quando veio a pandemia, ainda estava com taxa de desemprego alta, de desalento alto. A pandemia piora uma situa\u00e7\u00e3o que j\u00e1 n\u00e3o era boa. Tanto que, quando a gente come\u00e7a a olhar a ocupa\u00e7\u00e3o voltando, est\u00e1 voltando ao n\u00edvel pr\u00e9-pandemia e n\u00e3o \u00e9 uma situa\u00e7\u00e3o que era confort\u00e1vel naquele momento. Ainda que esteja voltando para aquilo que era antes da pandemia, n\u00e3o \u00e9 suficiente para dizer que a gente est\u00e1 com um mercado de trabalho razoavelmente bom\u201d, especificou.<\/p>\n\n\n\n<h2 class=\"wp-block-heading\">Perspectivas<\/h2>\n\n\n\n<p>De acordo com Maria Andr\u00e9ia, a expectativa \u00e9 que o mercado de trabalho continue melhorando, com crescimento na ocupa\u00e7\u00e3o, mas ainda com emprego informal. \u201cO que vai puxar a economia nos pr\u00f3ximos meses s\u00e3o os servi\u00e7os e eles s\u00e3o intensivos em m\u00e3o de obra informal. A gente vai continuar vendo a melhora da ocupa\u00e7\u00e3o, mas ainda muito em cima da informalidade. Ainda que os dados do Caged, de fato, tenham mostrado um cen\u00e1rio melhor para o emprego formal, eles mostram, por exemplo, que a gente j\u00e1 superou o contingente de trabalhadores do mercado formal do in\u00edcio da pandemia, mas a PNAD ainda n\u00e3o. Pela PNAD, a gente ainda vai ver o mercado de trabalho puxado pela ocupa\u00e7\u00e3o informal, com uma taxa de desemprego desacelerando lentamente\u201d, avaliou.<\/p>\n\n\n\n<p>Na vis\u00e3o da pesquisadora, se o aux\u00edlio emergencial, que tem previs\u00e3o de terminar em outubro, n\u00e3o for prorrogado, sem essa renda os benefici\u00e1rios ter\u00e3o que voltar ao mercado de trabalho, voltando a pressionar os indicadores. Isso s\u00f3 ser\u00e1 dilu\u00eddo caso a cria\u00e7\u00e3o de vagas seja superior ao n\u00famero de pessoas que v\u00e3o tentar voltar ao mercado de trabalho com o fim do benef\u00edcio. Segundo ela, \u00e9 isso que est\u00e1 ocorrendo atualmente, com o pa\u00eds conseguindo gerar mais vagas do que a quantidade da popula\u00e7\u00e3o que est\u00e1 voltando para o mercado.<\/p>\n\n\n\n<p>\u201cPor isso, a desocupa\u00e7\u00e3o est\u00e1 caindo, mas est\u00e1 caindo muito pouquinho e vai continuar nesse ritmo de queda bem suave por conta dessa press\u00e3o da for\u00e7a de trabalho dessas pessoas que v\u00e3o voltar para o mercado de trabalho. O ritmo de cria\u00e7\u00e3o de emprego tem que ser muito maior, porque tem que gerar vaga para tirar quem hoje j\u00e1 est\u00e1 desocupado e para tamb\u00e9m abarcar essas pessoas que est\u00e3o saindo da inatividade e chegando no mercado de trabalho na condi\u00e7\u00e3o de desempregado\u201d, disse.<\/p>\n\n\n\n<h2 class=\"wp-block-heading\">Aux\u00edlio emergencial<\/h2>\n\n\n\n<p>Segundo Maria Andr\u00e9ia, se houver a manuten\u00e7\u00e3o do aux\u00edlio emergencial isso pode gerar alguma descompress\u00e3o na Popula\u00e7\u00e3o Economicamente Ativa (PEA). \u201cAinda assim vai ter uma PEA crescendo, s\u00f3 que de uma maneira um pouco mais suave, e a volta ao mercado de trabalho pode ser adiada por dois ou tr\u00eas meses, lembrando que mesmo que reduza, a gente ainda vai ter uma taxa de desemprego alta, porque ainda tem um contingente de trabalhadores desempregados, um emprego informal sem nenhum tipo de prote\u00e7\u00e3o e n\u00e3o est\u00e1 contribuindo para a Previd\u00eancia\u201d, afirmou, acrescentando que o emprego informal acaba refletindo no consumo, porque o trabalhador nesta condi\u00e7\u00e3o n\u00e3o vai arriscar para fazer a compra, por exemplo, de bens de consumo dur\u00e1veis.<\/p>\n\n\n\n<p>Por Cristina \u00cdndio do Brasil\u00a0<\/p>\n","protected":false},"excerpt":{"rendered":"<p>\u00cdndice no trimestre encerrado em mar\u00e7o foi de 15,1% O desemprego recuou para 13,7% em junho, \u00faltimo m\u00eas do trimestre m\u00f3vel iniciado em abril. O percentual foi atingido depois de ficar em 15,1% em mar\u00e7o. J\u00e1 a taxa de desocupa\u00e7\u00e3o dessazonalizada, que exclui os efeitos das varia\u00e7\u00f5es sazonais do conjunto de dados temporais de junho [&hellip;]<\/p>\n","protected":false},"author":8,"featured_media":1887,"comment_status":"closed","ping_status":"open","sticky":false,"template":"","format":"standard","meta":{"rop_custom_images_group":[],"rop_custom_messages_group":[],"rop_publish_now":"initial","rop_publish_now_accounts":[],"rop_publish_now_history":[],"rop_publish_now_status":"pending","footnotes":""},"categories":[192],"tags":[73],"class_list":["post-1884","post","type-post","status-publish","format-standard","has-post-thumbnail","hentry","category-economia","tag-featured"],"amp_enabled":true,"_links":{"self":[{"href":"https:\/\/imais.online\/portal\/wp-json\/wp\/v2\/posts\/1884","targetHints":{"allow":["GET"]}}],"collection":[{"href":"https:\/\/imais.online\/portal\/wp-json\/wp\/v2\/posts"}],"about":[{"href":"https:\/\/imais.online\/portal\/wp-json\/wp\/v2\/types\/post"}],"author":[{"embeddable":true,"href":"https:\/\/imais.online\/portal\/wp-json\/wp\/v2\/users\/8"}],"replies":[{"embeddable":true,"href":"https:\/\/imais.online\/portal\/wp-json\/wp\/v2\/comments?post=1884"}],"version-history":[{"count":1,"href":"https:\/\/imais.online\/portal\/wp-json\/wp\/v2\/posts\/1884\/revisions"}],"predecessor-version":[{"id":1888,"href":"https:\/\/imais.online\/portal\/wp-json\/wp\/v2\/posts\/1884\/revisions\/1888"}],"wp:featuredmedia":[{"embeddable":true,"href":"https:\/\/imais.online\/portal\/wp-json\/wp\/v2\/media\/1887"}],"wp:attachment":[{"href":"https:\/\/imais.online\/portal\/wp-json\/wp\/v2\/media?parent=1884"}],"wp:term":[{"taxonomy":"category","embeddable":true,"href":"https:\/\/imais.online\/portal\/wp-json\/wp\/v2\/categories?post=1884"},{"taxonomy":"post_tag","embeddable":true,"href":"https:\/\/imais.online\/portal\/wp-json\/wp\/v2\/tags?post=1884"}],"curies":[{"name":"wp","href":"https:\/\/api.w.org\/{rel}","templated":true}]}}