{"id":1893,"date":"2021-09-27T16:38:05","date_gmt":"2021-09-27T19:38:05","guid":{"rendered":"https:\/\/imais.online\/portal\/?p=1893"},"modified":"2021-09-27T16:40:08","modified_gmt":"2021-09-27T19:40:08","slug":"sp-faz-campanha-de-multivacinacao-para-atualizar-cadernetas-de-criancas-e-adolescentes","status":"publish","type":"post","link":"https:\/\/imais.online\/portal\/sp-faz-campanha-de-multivacinacao-para-atualizar-cadernetas-de-criancas-e-adolescentes\/","title":{"rendered":"SP faz campanha de multivacina\u00e7\u00e3o para atualizar cadernetas de crian\u00e7as e adolescentes"},"content":{"rendered":"<div class=\"imais-before-content-placement\" id=\"imais-3539443379\"><script async src=\"\/\/pagead2.googlesyndication.com\/pagead\/js\/adsbygoogle.js?client=ca-pub-8787528412751566\" crossorigin=\"anonymous\"><\/script><ins class=\"adsbygoogle\" style=\"display:block;\" data-ad-client=\"ca-pub-8787528412751566\" \ndata-ad-slot=\"\" \ndata-ad-format=\"auto\"><\/ins>\n<script> \n(adsbygoogle = window.adsbygoogle || []).push({}); \n<\/script>\n<\/div>\n<p class=\"has-text-align-center\">A partir de 1\u00ba de outubro, desde rec\u00e9m-nascidos at\u00e9 jovens de 15 anos poder\u00e3o receber vacinas pendentes<\/p>\n\n\n\n<p>A Secretaria de Estado da Sa\u00fade de S\u00e3o Paulo inicia na sexta-feira, 1\u00ba de outubro, a Campanha Estadual de Multivacina\u00e7\u00e3o para crian\u00e7as de todas as faixas et\u00e1rias e adolescentes de at\u00e9 15 anos de idade.<\/p>\n\n\n\n<p>Os pais ou respons\u00e1veis devem levar os menores a um dos mais de 5 mil postos de sa\u00fade localizados nos munic\u00edpios de SP com a carteira de vacina\u00e7\u00e3o em m\u00e3os para que um profissional avalie quais doses precisar\u00e3o ser aplicadas, tanto para eventual situa\u00e7\u00e3o de atraso, falta ou necessidade de refor\u00e7o.<\/p>\n\n\n\n<p>A medida contribui para melhorar as coberturas vacinais, que t\u00eam oscilado nos \u00faltimos anos. No total, ser\u00e3o oferecidos 16 tipos de vacinas que protegem contra cerca de 20 doen\u00e7as (veja lista abaixo).<\/p>\n\n\n\n<p>At\u00e9 o dia 29 de outubro, os profissionais dos postos atuar\u00e3o para conferir e atualizar individualmente as cadernetas desse p\u00fablico e aplicar as doses eventualmente necess\u00e1rias.<\/p>\n\n\n\n<p>Haver\u00e1 ainda um \u201cDia V\u201d, marcado para 16 de outubro, terceiro s\u00e1bado da campanha. Nessa data, das 8h \u00e0s 17h, profissionais estar\u00e3o trabalhando em postos fixos e volantes em todo o Estado de S\u00e3o Paulo. Os cidad\u00e3os devem consultar a programa\u00e7\u00e3o de seus munic\u00edpios.<\/p>\n\n\n\n<p>\u201cEsta campanha \u00e9 mais uma oportunidade que temos de lembrar os pais e respons\u00e1veis sobre a import\u00e2ncia da imuniza\u00e7\u00e3o para proteger as crian\u00e7as e adolescentes contra doen\u00e7as preven\u00edveis e suas poss\u00edveis complica\u00e7\u00f5es\u201d, afirma o secret\u00e1rio de Estado da Sa\u00fade, Jean Gorinchteyn.<\/p>\n\n\n\n<p>Em situa\u00e7\u00f5es de perda da caderneta de vacina\u00e7\u00e3o, a recomenda\u00e7\u00e3o \u00e9 de que os pais ou respons\u00e1veis compare\u00e7am ao mesmo posto de sa\u00fade onde vacinaram as crian\u00e7as anteriormente, para que seja poss\u00edvel consultar quais doses j\u00e1 foram aplicadas na ficha de registro arquivada na unidade.<\/p>\n\n\n\n<p><strong>COVID-19<\/strong><br>Para adolescentes entre 12 e 15 anos, que est\u00e3o tamb\u00e9m sendo imunizados contra o coronav\u00edrus, n\u00e3o ser\u00e1 necess\u00e1rio intercalar as vacinas, sendo poss\u00edvel receb\u00ea-las concomitantemente.<\/p>\n\n\n\n<p>Respeitando os protocolos de preven\u00e7\u00e3o, as salas de vacina\u00e7\u00e3o dever\u00e3o manter organiza\u00e7\u00e3o do ambiente e evitar aglomera\u00e7\u00f5es, com distanciamento entre mesas e profissionais e pacientes, al\u00e9m da disponibiliza\u00e7\u00e3o de \u00e1lcool para higieniza\u00e7\u00e3o das m\u00e3os.<\/p>\n\n\n\n<p>Os profissionais est\u00e3o orientados a fazer triagem com identifica\u00e7\u00e3o de paciente com sintomas respirat\u00f3rios, como tosse, coriza e falta de ar. Os que apresentarem apenas tosse ou coriza poder\u00e3o receber a vacina, com a orienta\u00e7\u00e3o para procurar um servi\u00e7o de sa\u00fade. A mesma recomenda\u00e7\u00e3o ser\u00e1 dada aos que apresentarem febre ou mau estado geral, e neste caso a aplica\u00e7\u00e3o da vacina precisar\u00e1 ser reprogramada at\u00e9 a recupera\u00e7\u00e3o do quadro cl\u00ednico.<\/p>\n\n\n\n<p>A aplica\u00e7\u00e3o da vacina contra a gripe deve ocorrer em sala distinta da reservada para imuniza\u00e7\u00e3o contra COVID-19. Neste caso, \u00e9 preciso respeitar um intervalo de 14 dias para receber doses destinadas a preven\u00e7\u00e3o contra ambas as doen\u00e7as.<\/p>\n\n\n\n<p>Vacinas e doen\u00e7as preven\u00edveis com imuniza\u00e7\u00e3o durante a campanha:<\/p>\n\n\n\n<p><strong>VACINA DTP E PENTAVALENTE<\/strong><br>Difteria: doen\u00e7a respirat\u00f3ria aguda causada pela toxina de uma bact\u00e9ria que se localiza na garganta.<br>T\u00e9tano: doen\u00e7a aguda do sistema nervoso causada por uma bact\u00e9ria, adquirida atrav\u00e9s da contamina\u00e7\u00e3o de ferimentos (mesmo pequenos) com os esporos da bact\u00e9ria que s\u00e3o encontrados no ambiente.<br>Coqueluche: doen\u00e7a infecciosa aguda causada por uma bact\u00e9ria de r\u00e1pida prolifera\u00e7\u00e3o. Ao penetrar no organismo, essa bact\u00e9ria lesa os tecidos da mucosa do aparelho respirat\u00f3rio.<\/p>\n\n\n\n<p><strong>VACINA BCG<\/strong><br>Tuberculose: causada por uma bact\u00e9ria que pode se manifestar de forma disseminada (tuberculose miliar) ou na forma de uma infec\u00e7\u00e3o respirat\u00f3ria (tuberculose pulmonar). A Tuberculose \u00e9 especialmente perigosa nos primeiros meses de vida do beb\u00ea.<\/p>\n\n\n\n<p><strong>VACINA CONTRA POLIO \u2013 oral (VOP) ou injet\u00e1vel (VIP)<\/strong><br>Poliomielite: \u00c9 uma doen\u00e7a causada por um enterov\u00edrus que envolve o trato gastrintestinal e o sistema nervoso.<\/p>\n\n\n\n<p><strong>VACINA TR\u00cdPLICE VIRAL E SCRV<\/strong><br>Sarampo: doen\u00e7a de transmiss\u00e3o respirat\u00f3ria, caracteriza-se por febre alta, tosse seca, coriza, vermelhid\u00e3o e lacrimejamento ocular e erup\u00e7\u00e3o cut\u00e2nea (de evolu\u00e7\u00e3o da cabe\u00e7a para o restante do corpo) que duram aproximadamente uma semana. \u00c9 particularmente grave em crian\u00e7as menores de 5 anos, podendo ocorrer diarreia, otite, pneumonia, encefalite, convuls\u00f5es e morte.<br>Caxumba: doen\u00e7a que causa febre, dor-de-cabe\u00e7a, dor muscular e edema (incha\u00e7o) da gl\u00e2ndula par\u00f3tida e dos g\u00e2nglios linf\u00e1ticos sub-mandibulares.<br>Rub\u00e9ola: Caracteriza-se por febre, erup\u00e7\u00e3o cut\u00e2nea e aumento dos g\u00e2nglios do corpo durando de 2 a 3 dias.<\/p>\n\n\n\n<p><strong>VACINA CONTRA HEPATITE A<\/strong><br>Hepatite A: \u00e9 o tipo mais frequente de hepatite no Brasil. \u00c9 causada por um v\u00edrus que afeta o f\u00edgado, produzindo sua inflama\u00e7\u00e3o e prejudicando o seu funcionamento.<\/p>\n\n\n\n<p><strong>VACINA CONTRA HEPATITE B<\/strong><br>Hepatite B: doen\u00e7a grave causada pelo v\u00edrus da Hepatite B, que ataca o f\u00edgado e pode se manifestar de forma aguda ou cr\u00f4nica.<\/p>\n\n\n\n<p><strong>VACINA CONTRA VARICELA E SCRV<\/strong><br>Varicela: conhecida como catapora, caracteriza-se por uma erup\u00e7\u00e3o cut\u00e2nea p\u00e1pulo-vesicular associada \u00e0 grande coceira, normalmente em tronco e face.<\/p>\n\n\n\n<p><strong>VACINA CONTRA FEBRE AMARELA<\/strong><br>Febre Amarela: doen\u00e7a febril que pode causar um funcionamento inadequado de \u00f3rg\u00e3os vitais como f\u00edgado e rins. Em S\u00e3o Paulo, o tipo circulante \u00e9 o silvestre, transmitida pelos mosquitos Haemagogus e Sabethes.<\/p>\n\n\n\n<p><strong>VACINA CONTRA HPV<\/strong><br>HPV: infec\u00e7\u00e3o que causa verrugas em diversas partes do corpo, pode causar c\u00e2ncer de colo de \u00fatero em mulheres e verrugas nos \u00f3rg\u00e3os genitais de homens. O principal meio de transmiss\u00e3o do HPV \u00e9 atrav\u00e9s de contato sexual com pessoas infectadas.<\/p>\n\n\n\n<p><strong>VACINA CONTRA ROTAV\u00cdRUS HUMANO G1P1<\/strong><br>Rotav\u00edrus: gastroenterite que provoca diarreia e v\u00f4mito, causada pela infec\u00e7\u00e3o por Rotav\u00edrus.<\/p>\n\n\n\n<p><strong>MENINGO C<\/strong><br>Doen\u00e7a Meningoc\u00f3cica: uma infec\u00e7\u00e3o causada por uma bact\u00e9ria que pode causar meningite (infec\u00e7\u00e3o do c\u00e9rebro e da medula espinhal) e septicemia (infec\u00e7\u00e3o da corrente sangu\u00ednea).<\/p>\n\n\n\n<p><strong>MENINGO ACWY<\/strong><br>Meningite tipos A, C, W e Y: Inflama\u00e7\u00e3o das membranas que revestem o c\u00e9rebro e a medula espinhal. Os sintomas incluem dor de cabe\u00e7a, febre e torcicolo.<\/p>\n\n\n\n<p><strong>PNEUMO 10 VALENTE<\/strong><br>Pneumonia: infec\u00e7\u00e3o que se instala nos pulm\u00f5es, \u00f3rg\u00e3os duplos localizados um de cada lado da caixa tor\u00e1cica.<\/p>\n\n\n\n<p><\/p>\n","protected":false},"excerpt":{"rendered":"<p>A partir de 1\u00ba de outubro, desde rec\u00e9m-nascidos at\u00e9 jovens de 15 anos poder\u00e3o receber vacinas pendentes A Secretaria de Estado da Sa\u00fade de S\u00e3o Paulo inicia na sexta-feira, 1\u00ba de outubro, a Campanha Estadual de Multivacina\u00e7\u00e3o para crian\u00e7as de todas as faixas et\u00e1rias e adolescentes de at\u00e9 15 anos de idade. Os pais ou [&hellip;]<\/p>\n","protected":false},"author":7,"featured_media":1896,"comment_status":"closed","ping_status":"open","sticky":false,"template":"","format":"standard","meta":{"rop_custom_images_group":[],"rop_custom_messages_group":[],"rop_publish_now":"initial","rop_publish_now_accounts":[],"rop_publish_now_history":[],"rop_publish_now_status":"pending","footnotes":""},"categories":[195],"tags":[73],"class_list":["post-1893","post","type-post","status-publish","format-standard","has-post-thumbnail","hentry","category-sao-paulo","tag-featured"],"amp_enabled":true,"_links":{"self":[{"href":"https:\/\/imais.online\/portal\/wp-json\/wp\/v2\/posts\/1893","targetHints":{"allow":["GET"]}}],"collection":[{"href":"https:\/\/imais.online\/portal\/wp-json\/wp\/v2\/posts"}],"about":[{"href":"https:\/\/imais.online\/portal\/wp-json\/wp\/v2\/types\/post"}],"author":[{"embeddable":true,"href":"https:\/\/imais.online\/portal\/wp-json\/wp\/v2\/users\/7"}],"replies":[{"embeddable":true,"href":"https:\/\/imais.online\/portal\/wp-json\/wp\/v2\/comments?post=1893"}],"version-history":[{"count":1,"href":"https:\/\/imais.online\/portal\/wp-json\/wp\/v2\/posts\/1893\/revisions"}],"predecessor-version":[{"id":1897,"href":"https:\/\/imais.online\/portal\/wp-json\/wp\/v2\/posts\/1893\/revisions\/1897"}],"wp:featuredmedia":[{"embeddable":true,"href":"https:\/\/imais.online\/portal\/wp-json\/wp\/v2\/media\/1896"}],"wp:attachment":[{"href":"https:\/\/imais.online\/portal\/wp-json\/wp\/v2\/media?parent=1893"}],"wp:term":[{"taxonomy":"category","embeddable":true,"href":"https:\/\/imais.online\/portal\/wp-json\/wp\/v2\/categories?post=1893"},{"taxonomy":"post_tag","embeddable":true,"href":"https:\/\/imais.online\/portal\/wp-json\/wp\/v2\/tags?post=1893"}],"curies":[{"name":"wp","href":"https:\/\/api.w.org\/{rel}","templated":true}]}}