{"id":1910,"date":"2021-09-28T15:00:45","date_gmt":"2021-09-28T18:00:45","guid":{"rendered":"https:\/\/imais.online\/portal\/?p=1910"},"modified":"2021-09-28T15:00:48","modified_gmt":"2021-09-28T18:00:48","slug":"petrobras-aumenta-preco-do-diesel-a-partir-de-amanha","status":"publish","type":"post","link":"https:\/\/imais.online\/portal\/petrobras-aumenta-preco-do-diesel-a-partir-de-amanha\/","title":{"rendered":"Petrobras aumenta pre\u00e7o do diesel a partir de amanh\u00e3"},"content":{"rendered":"<div class=\"imais-before-content-placement\" id=\"imais-3479373003\"><script async src=\"\/\/pagead2.googlesyndication.com\/pagead\/js\/adsbygoogle.js?client=ca-pub-8787528412751566\" crossorigin=\"anonymous\"><\/script><ins class=\"adsbygoogle\" style=\"display:block;\" data-ad-client=\"ca-pub-8787528412751566\" \ndata-ad-slot=\"\" \ndata-ad-format=\"auto\"><\/ins>\n<script> \n(adsbygoogle = window.adsbygoogle || []).push({}); \n<\/script>\n<\/div>\n<p class=\"has-text-align-center\"><strong>Pre\u00e7o do litro para as distribuidoras vai passar para R$ 3,06<\/strong><\/p>\n\n\n\n<p>A Petrobras anunciou que vai aumentar o pre\u00e7o do diesel A para as distribuidoras. A partir de amanh\u00e3 (29), o pre\u00e7o m\u00e9dio de venda nas refinarias passa de R$ 2,81 para R$ 3,06 por litro, um reajuste m\u00e9dio de R$ 0,25 por litro.<img decoding=\"async\" src=\"https:\/\/agenciabrasil.ebc.com.br\/ebc.png?id=1422820&amp;o=node\"><img decoding=\"async\" src=\"https:\/\/agenciabrasil.ebc.com.br\/ebc.gif?id=1422820&amp;o=node\"><\/p>\n\n\n\n<p>Nos postos de abastecimento, para o consumidor final, o pre\u00e7o deve subir R$ 0,22, considerando a mistura obrigat\u00f3ria de 12% de biodiesel e 88% de diesel. Segundo a empresa, o reajuste reflete \u201cparte da eleva\u00e7\u00e3o nos patamares internacionais de pre\u00e7os de petr\u00f3leo e da taxa de c\u00e2mbio\u201d.<\/p>\n\n\n\n<p>\u201cAp\u00f3s 85 dias com pre\u00e7os est\u00e1veis, nos quais a empresa evitou o repasse imediato para os pre\u00e7os internos devido \u00e0 volatilidade externa causada por eventos conjunturais, a Petrobras realizar\u00e1 ajuste no pre\u00e7o do diesel A para as distribuidoras\u201d, informa nota da estatal.<\/p>\n\n\n\n<p>Por Ag\u00eancia Brasil<\/p>\n","protected":false},"excerpt":{"rendered":"<p>Pre\u00e7o do litro para as distribuidoras vai passar para R$ 3,06 A Petrobras anunciou que vai aumentar o pre\u00e7o do diesel A para as distribuidoras. A partir de amanh\u00e3 (29), o pre\u00e7o m\u00e9dio de venda nas refinarias passa de R$ 2,81 para R$ 3,06 por litro, um reajuste m\u00e9dio de R$ 0,25 por litro. Nos [&hellip;]<\/p>\n","protected":false},"author":8,"featured_media":1911,"comment_status":"closed","ping_status":"open","sticky":false,"template":"","format":"standard","meta":{"rop_custom_images_group":[],"rop_custom_messages_group":[],"rop_publish_now":"initial","rop_publish_now_accounts":[],"rop_publish_now_history":[],"rop_publish_now_status":"pending","footnotes":""},"categories":[192],"tags":[],"class_list":["post-1910","post","type-post","status-publish","format-standard","has-post-thumbnail","hentry","category-economia"],"amp_enabled":true,"_links":{"self":[{"href":"https:\/\/imais.online\/portal\/wp-json\/wp\/v2\/posts\/1910","targetHints":{"allow":["GET"]}}],"collection":[{"href":"https:\/\/imais.online\/portal\/wp-json\/wp\/v2\/posts"}],"about":[{"href":"https:\/\/imais.online\/portal\/wp-json\/wp\/v2\/types\/post"}],"author":[{"embeddable":true,"href":"https:\/\/imais.online\/portal\/wp-json\/wp\/v2\/users\/8"}],"replies":[{"embeddable":true,"href":"https:\/\/imais.online\/portal\/wp-json\/wp\/v2\/comments?post=1910"}],"version-history":[{"count":1,"href":"https:\/\/imais.online\/portal\/wp-json\/wp\/v2\/posts\/1910\/revisions"}],"predecessor-version":[{"id":1912,"href":"https:\/\/imais.online\/portal\/wp-json\/wp\/v2\/posts\/1910\/revisions\/1912"}],"wp:featuredmedia":[{"embeddable":true,"href":"https:\/\/imais.online\/portal\/wp-json\/wp\/v2\/media\/1911"}],"wp:attachment":[{"href":"https:\/\/imais.online\/portal\/wp-json\/wp\/v2\/media?parent=1910"}],"wp:term":[{"taxonomy":"category","embeddable":true,"href":"https:\/\/imais.online\/portal\/wp-json\/wp\/v2\/categories?post=1910"},{"taxonomy":"post_tag","embeddable":true,"href":"https:\/\/imais.online\/portal\/wp-json\/wp\/v2\/tags?post=1910"}],"curies":[{"name":"wp","href":"https:\/\/api.w.org\/{rel}","templated":true}]}}