{"id":1946,"date":"2021-09-29T15:36:10","date_gmt":"2021-09-29T18:36:10","guid":{"rendered":"https:\/\/imais.online\/portal\/?p=1946"},"modified":"2021-09-29T15:37:48","modified_gmt":"2021-09-29T18:37:48","slug":"inaugurada-a-nova-loja-da-rede-de-supermercados-pague-menos-em-itu","status":"publish","type":"post","link":"https:\/\/imais.online\/portal\/inaugurada-a-nova-loja-da-rede-de-supermercados-pague-menos-em-itu\/","title":{"rendered":"Inaugurada a nova loja da Rede de Supermercados Pague Menos em Itu"},"content":{"rendered":"<div class=\"imais-before-content-placement\" id=\"imais-323755362\"><script async src=\"\/\/pagead2.googlesyndication.com\/pagead\/js\/adsbygoogle.js?client=ca-pub-8787528412751566\" crossorigin=\"anonymous\"><\/script><ins class=\"adsbygoogle\" style=\"display:block;\" data-ad-client=\"ca-pub-8787528412751566\" \ndata-ad-slot=\"\" \ndata-ad-format=\"auto\"><\/ins>\n<script> \n(adsbygoogle = window.adsbygoogle || []).push({}); \n<\/script>\n<\/div>\n<p>A inaugura\u00e7\u00e3o da nova loja da Rede de Supermercados Pague Menos em Itu contou com a presen\u00e7a do prefeito Guilherme Gazzola, do presidente da Irmandade Lar Nossa Senhora Candel\u00e1ria Luiz Alberto Rizzi e tamb\u00e9m dos executivos da rede Jefferson George Nunes (presidente), F\u00e1bio Alves (CFO) e dos s\u00f3cios-propriet\u00e1rios Antonio Luiz Santichio e Francisco Laerte Santichio. J\u00e1 a b\u00ean\u00e7\u00e3o de inaugura\u00e7\u00e3o foi conduzida pelo P\u00e1roco Francisco. Com boa localiza\u00e7\u00e3o, o supermercado fica na Rua Ana Eufrosina de Almeida Prado, 240, no Bairro Alto.<br><br>Com 13.156 m\u00b2 de \u00e1rea constru\u00edda, a nova loja se destaca pelo tamanho e tamb\u00e9m pela estrutura, que conta com: 26 checkouts (sendo quatro autoatendimentos); 142 vagas no estacionamento em \u00e1rea coberta e 242 na \u00e1rea descoberta; toda infraestrutura de retirada de compras realizadas via e-commerce e um mal com lojas de diversas e uma academia. A rede, que completou 32 anos recentemente, investiu cerca de R$ 40 milh\u00f5es na constru\u00e7\u00e3o da 31\u00aa unidade e contratou 189 profissionais da regi\u00e3o, que foram treinados para oferecer qualidade no atendimento de acordo com as pol\u00edticas de cada setor e o alto padr\u00e3o estabelecido pela companhia.<br><br>Inicialmente, o hor\u00e1rio de funcionamento da loja ser\u00e1 das 08h \u00e0s 22h, mantendo todos os protocolos de seguran\u00e7a, como aferi\u00e7\u00e3o de temperatura de todos na entrada, controle do limite de acesso de clientes, adesivos de seguran\u00e7a para demarca\u00e7\u00e3o de distanciamento em filas, uso obrigat\u00f3rio de m\u00e1scara, \u00e1lcool em gel, entre outras a\u00e7\u00f5es. Al\u00e9m das compras na loja f\u00edsica, os moradores de Itu e tamb\u00e9m das cidades vizinhas, poder\u00e3o realizar suas compras pelo site e recebe-las em casa ou retirar na loja.<br><br>Segundo Junior Souza &#8211; Diretor Comercial, as pr\u00f3ximas lojas a serem inauguradas ser\u00e3o em Atibaia, Mogi Gua\u00e7u, Valinhos e mais uma unidade em Campinas. &#8220;Estamos sempre nos desafiando a expandir, ampliando nosso raio de atua\u00e7\u00e3o, alcan\u00e7ando novos patamares e tamb\u00e9m proporcionando valoriza\u00e7\u00e3o comercial e imobili\u00e1ria \u00e0s regi\u00f5es onde nos instalamos, al\u00e9m de oferecer \u00e0 popula\u00e7\u00e3o local a oportunidade de contar com mais um supermercado para efetuar suas compras e comparar ofertas&#8221;, completa Souza.<\/p>\n\n\n\n<figure class=\"wp-block-image size-full\"><img loading=\"lazy\" decoding=\"async\" width=\"1000\" height=\"562\" src=\"https:\/\/imais.online\/portal\/wp-content\/uploads\/2021\/09\/pague2.jpg\" alt=\"\" class=\"wp-image-1949\" srcset=\"https:\/\/imais.online\/portal\/wp-content\/uploads\/2021\/09\/pague2.jpg 1000w, https:\/\/imais.online\/portal\/wp-content\/uploads\/2021\/09\/pague2-300x169.jpg 300w, https:\/\/imais.online\/portal\/wp-content\/uploads\/2021\/09\/pague2-768x432.jpg 768w\" sizes=\"auto, (max-width: 1000px) 100vw, 1000px\" \/><figcaption>A 31\u00b0 loja em funcionamento<\/figcaption><\/figure>\n\n\n\n<p><strong>Sobre a Rede de Supermercados Pague Menos<\/strong><br><br>Inaugurada em 1989, a Rede de Supermercados Pague Menos est\u00e1 entre as dez maiores empresas supermercadistas do Estado de S\u00e3o Paulo, conforme ranking da Associa\u00e7\u00e3o Brasileira de Supermercados \u2014 Abras. Atualmente, possui 31 lojas em funcionamento nas cidades de Americana, Araras, Artur Nogueira, Boituva, Campinas, Hortol\u00e2ndia, Indaiatuba, Limeira, Nova Odessa, Paul\u00ednia, Piracicaba, Santa B\u00e1rbara d&#8217;Oeste, Salto, S\u00e3o Jo\u00e3o da Boa Vista, S\u00e3o Pedro, Sumar\u00e9 e Tiet\u00ea. A empresa possui um Complexo Administrativo e Log\u00edstico, com 200 mil m\u00b2 em Santa B\u00e1rbara d\u2019Oeste, al\u00e9m de um Frigor\u00edfico, instalado em Nova Odessa. Com mais de seis mil colaboradores, segue em constante expans\u00e3o. A f\u00f3rmula do bom atendimento, somado aos produtos de qualidade e pre\u00e7os imbat\u00edveis, faz da varejista sin\u00f4nimo de qualidade, economia, comodidade, compet\u00eancia e variedade. Supermercados Pague Menos \u2018Faz Sua Vida Melhor\u2019!<\/p>\n","protected":false},"excerpt":{"rendered":"<p>A inaugura\u00e7\u00e3o da nova loja da Rede de Supermercados Pague Menos em Itu contou com a presen\u00e7a do prefeito Guilherme Gazzola, do presidente da Irmandade Lar Nossa Senhora Candel\u00e1ria Luiz Alberto Rizzi e tamb\u00e9m dos executivos da rede Jefferson George Nunes (presidente), F\u00e1bio Alves (CFO) e dos s\u00f3cios-propriet\u00e1rios Antonio Luiz Santichio e Francisco Laerte Santichio. [&hellip;]<\/p>\n","protected":false},"author":7,"featured_media":1947,"comment_status":"closed","ping_status":"open","sticky":false,"template":"","format":"standard","meta":{"rop_custom_images_group":[],"rop_custom_messages_group":[],"rop_publish_now":"initial","rop_publish_now_accounts":[],"rop_publish_now_history":[],"rop_publish_now_status":"pending","footnotes":""},"categories":[194],"tags":[],"class_list":["post-1946","post","type-post","status-publish","format-standard","has-post-thumbnail","hentry","category-regia"],"amp_enabled":true,"_links":{"self":[{"href":"https:\/\/imais.online\/portal\/wp-json\/wp\/v2\/posts\/1946","targetHints":{"allow":["GET"]}}],"collection":[{"href":"https:\/\/imais.online\/portal\/wp-json\/wp\/v2\/posts"}],"about":[{"href":"https:\/\/imais.online\/portal\/wp-json\/wp\/v2\/types\/post"}],"author":[{"embeddable":true,"href":"https:\/\/imais.online\/portal\/wp-json\/wp\/v2\/users\/7"}],"replies":[{"embeddable":true,"href":"https:\/\/imais.online\/portal\/wp-json\/wp\/v2\/comments?post=1946"}],"version-history":[{"count":2,"href":"https:\/\/imais.online\/portal\/wp-json\/wp\/v2\/posts\/1946\/revisions"}],"predecessor-version":[{"id":1950,"href":"https:\/\/imais.online\/portal\/wp-json\/wp\/v2\/posts\/1946\/revisions\/1950"}],"wp:featuredmedia":[{"embeddable":true,"href":"https:\/\/imais.online\/portal\/wp-json\/wp\/v2\/media\/1947"}],"wp:attachment":[{"href":"https:\/\/imais.online\/portal\/wp-json\/wp\/v2\/media?parent=1946"}],"wp:term":[{"taxonomy":"category","embeddable":true,"href":"https:\/\/imais.online\/portal\/wp-json\/wp\/v2\/categories?post=1946"},{"taxonomy":"post_tag","embeddable":true,"href":"https:\/\/imais.online\/portal\/wp-json\/wp\/v2\/tags?post=1946"}],"curies":[{"name":"wp","href":"https:\/\/api.w.org\/{rel}","templated":true}]}}