{"id":1967,"date":"2021-09-29T18:24:52","date_gmt":"2021-09-29T21:24:52","guid":{"rendered":"https:\/\/imais.online\/portal\/?p=1967"},"modified":"2021-09-29T18:24:53","modified_gmt":"2021-09-29T21:24:53","slug":"sp-anuncia-dose-adicional-contra-covid-19-para-profissionais-de-saude","status":"publish","type":"post","link":"https:\/\/imais.online\/portal\/sp-anuncia-dose-adicional-contra-covid-19-para-profissionais-de-saude\/","title":{"rendered":"SP anuncia dose adicional contra COVID-19 para profissionais de sa\u00fade"},"content":{"rendered":"<div class=\"imais-before-content-placement\" id=\"imais-2689281514\"><script async src=\"\/\/pagead2.googlesyndication.com\/pagead\/js\/adsbygoogle.js?client=ca-pub-8787528412751566\" crossorigin=\"anonymous\"><\/script><ins class=\"adsbygoogle\" style=\"display:block;\" data-ad-client=\"ca-pub-8787528412751566\" \ndata-ad-slot=\"\" \ndata-ad-format=\"auto\"><\/ins>\n<script> \n(adsbygoogle = window.adsbygoogle || []).push({}); \n<\/script>\n<\/div>\n<p class=\"has-text-align-center\">A partir de segunda-feira (4), 1 milh\u00e3o de pessoas que integram este p\u00fablico come\u00e7am a receber refor\u00e7o na imuniza\u00e7\u00e3o<\/p>\n\n\n\n<p>O Governador Jo\u00e3o Doria anunciou nesta quarta-feira (29) a aplica\u00e7\u00e3o da dose adicional contra COVID-19 para todos os profissionais de sa\u00fade de S\u00e3o Paulo a partir da pr\u00f3xima segunda-feira (4). Cerca de 1 milh\u00e3o de trabalhadores de servi\u00e7os p\u00fablicos e privados de sa\u00fade, como hospitais, cl\u00ednicas e ambulat\u00f3rios, poder\u00e3o receber este refor\u00e7o na sua imuniza\u00e7\u00e3o.<\/p>\n\n\n\n<p>A dose extra ser\u00e1 disponibilizada aos profissionais que tomaram a segunda dose da vacina h\u00e1 pelo menos seis meses, ou seja, entre os meses de fevereiro e mar\u00e7o.<\/p>\n\n\n\n<p>\u201cN\u00f3s vamos iniciar a aplica\u00e7\u00e3o da terceira dose da vacina contra a COVID-19 em S\u00e3o Paulo nos profissionais de sa\u00fade, m\u00e9dicos, enfermeiros e nos que trabalham com a sa\u00fade aqui no estado de S\u00e3o Paulo. A imuniza\u00e7\u00e3o para esse p\u00fablico come\u00e7ar\u00e1 na segunda-feira, dia 4 de outubro, para refor\u00e7ar ainda mais a imunidade de quem est\u00e1 na linha de frente no combate \u00e0 pandemia\u201d, disse Doria.<\/p>\n\n\n\n<p>Esta estrat\u00e9gia para incrementar a prote\u00e7\u00e3o das pessoas vacinadas foi iniciada no dia 6 de abril, com a prioriza\u00e7\u00e3o de 1 milh\u00e3o de idosos e adultos imunossuprimidos. O calend\u00e1rio deste p\u00fablico foi programado com escalonamento das faixas et\u00e1rias, come\u00e7ando pelos mais velhos.<\/p>\n\n\n\n<p>Os grupos acima de 80 anos e imunossuprimidos j\u00e1 entraram na estrat\u00e9gia em semanas anteriores e, desde segunda-feira (27), a oferta das doses est\u00e1 em curso para pessoas de 70 a 79 anos. Os que t\u00eam entre 60 e 69 anos ser\u00e3o contemplados entre os dias 4 e 10 de outubro.<\/p>\n\n\n\n<p>As doses adicionais s\u00e3o aplicadas com base nos intervalos de tempo m\u00ednimos ap\u00f3s a segunda dose ou conclus\u00e3o do esquema vacinal \u2013 de pelo menos seis meses para quem tem 60 anos ou mais, e ao menos 28 dias para os adultos com imunossupress\u00e3o. Todos os imunizantes dispon\u00edveis na rede p\u00fablica de sa\u00fade s\u00e3o seguros, eficazes e podem ser utilizados nesta iniciativa.<\/p>\n","protected":false},"excerpt":{"rendered":"<p>A partir de segunda-feira (4), 1 milh\u00e3o de pessoas que integram este p\u00fablico come\u00e7am a receber refor\u00e7o na imuniza\u00e7\u00e3o O Governador Jo\u00e3o Doria anunciou nesta quarta-feira (29) a aplica\u00e7\u00e3o da dose adicional contra COVID-19 para todos os profissionais de sa\u00fade de S\u00e3o Paulo a partir da pr\u00f3xima segunda-feira (4). Cerca de 1 milh\u00e3o de trabalhadores [&hellip;]<\/p>\n","protected":false},"author":7,"featured_media":1968,"comment_status":"closed","ping_status":"open","sticky":false,"template":"","format":"standard","meta":{"rop_custom_images_group":[],"rop_custom_messages_group":[],"rop_publish_now":"initial","rop_publish_now_accounts":[],"rop_publish_now_history":[],"rop_publish_now_status":"pending","footnotes":""},"categories":[195],"tags":[73],"class_list":["post-1967","post","type-post","status-publish","format-standard","has-post-thumbnail","hentry","category-sao-paulo","tag-featured"],"amp_enabled":true,"_links":{"self":[{"href":"https:\/\/imais.online\/portal\/wp-json\/wp\/v2\/posts\/1967","targetHints":{"allow":["GET"]}}],"collection":[{"href":"https:\/\/imais.online\/portal\/wp-json\/wp\/v2\/posts"}],"about":[{"href":"https:\/\/imais.online\/portal\/wp-json\/wp\/v2\/types\/post"}],"author":[{"embeddable":true,"href":"https:\/\/imais.online\/portal\/wp-json\/wp\/v2\/users\/7"}],"replies":[{"embeddable":true,"href":"https:\/\/imais.online\/portal\/wp-json\/wp\/v2\/comments?post=1967"}],"version-history":[{"count":1,"href":"https:\/\/imais.online\/portal\/wp-json\/wp\/v2\/posts\/1967\/revisions"}],"predecessor-version":[{"id":1969,"href":"https:\/\/imais.online\/portal\/wp-json\/wp\/v2\/posts\/1967\/revisions\/1969"}],"wp:featuredmedia":[{"embeddable":true,"href":"https:\/\/imais.online\/portal\/wp-json\/wp\/v2\/media\/1968"}],"wp:attachment":[{"href":"https:\/\/imais.online\/portal\/wp-json\/wp\/v2\/media?parent=1967"}],"wp:term":[{"taxonomy":"category","embeddable":true,"href":"https:\/\/imais.online\/portal\/wp-json\/wp\/v2\/categories?post=1967"},{"taxonomy":"post_tag","embeddable":true,"href":"https:\/\/imais.online\/portal\/wp-json\/wp\/v2\/tags?post=1967"}],"curies":[{"name":"wp","href":"https:\/\/api.w.org\/{rel}","templated":true}]}}