{"id":19688,"date":"2023-09-17T21:40:44","date_gmt":"2023-09-18T00:40:44","guid":{"rendered":"https:\/\/imais.online\/portal\/?p=19688"},"modified":"2023-09-17T21:40:45","modified_gmt":"2023-09-18T00:40:45","slug":"onibus-cai-de-viaduto-em-campinas-sp-e-deixa-30-pessoas-feridas","status":"publish","type":"post","link":"https:\/\/imais.online\/portal\/onibus-cai-de-viaduto-em-campinas-sp-e-deixa-30-pessoas-feridas\/","title":{"rendered":"\u00d4nibus cai de viaduto em Campinas (SP) e deixa 30 pessoas feridas"},"content":{"rendered":"<div class=\"imais-before-content-placement\" id=\"imais-2401255374\"><script async src=\"\/\/pagead2.googlesyndication.com\/pagead\/js\/adsbygoogle.js?client=ca-pub-8787528412751566\" crossorigin=\"anonymous\"><\/script><ins class=\"adsbygoogle\" style=\"display:block;\" data-ad-client=\"ca-pub-8787528412751566\" \ndata-ad-slot=\"\" \ndata-ad-format=\"auto\"><\/ins>\n<script> \n(adsbygoogle = window.adsbygoogle || []).push({}); \n<\/script>\n<\/div>\n<h2 class=\"wp-block-heading\">O motorista perdeu o controle da dire\u00e7\u00e3o e invadiu o canteiro central, batendo contra uma placa de sinaliza\u00e7\u00e3o<\/h2>\n\n\n\n<p>Um \u00f4nibus de turismo caiu de um viaduto na rodovia SP-340, na altura do km 121, em Campinas, na madrugada deste domingo (17). O ve\u00edculo saiu de Diadema, regi\u00e3o metropolitana de S\u00e3o Paulo, e ia para Capit\u00f3lio, em Minas Gerais.<\/p>\n\n\n\n<p>Segundo a Renovias, concession\u00e1ria que administra o trecho, o \u00f4nibus trafegava pela faixa de n\u00famero 1. Por volta das 3h da manh\u00e3, o motorista perdeu o controle da dire\u00e7\u00e3o e invadiu o canteiro central, batendo contra uma placa de sinaliza\u00e7\u00e3o. O ve\u00edculo caiu no v\u00e3o do viaduto.<\/p>\n\n\n\n<p>A Pol\u00edcia Militar informou que no \u00f4nibus havia 46 pessoas, no total, sendo 44 passageiros, um motorista e um guia tur\u00edstico. Pelo menos 30 pessoas ficaram feridas.<\/p>\n\n\n\n<p>As v\u00edtimas foram socorridas e levadas ao Hospital de Cl\u00ednicas da Universidade Estadual de Campinas, ao Centro de Sa\u00fade Vila Padre Anchieta e ao Hospital Municipal de Jaguari\u00fana.<\/p>\n\n\n\n<p>Seis equipes do Corpo de Bombeiros foram direcionadas ao local.<\/p>\n\n\n\n<p>Fonte R7<\/p>\n","protected":false},"excerpt":{"rendered":"<p>O motorista perdeu o controle da dire\u00e7\u00e3o e invadiu o canteiro central, batendo contra uma placa de sinaliza\u00e7\u00e3o Um \u00f4nibus de turismo caiu de um viaduto na rodovia SP-340, na altura do km 121, em Campinas, na madrugada deste domingo (17). O ve\u00edculo saiu de Diadema, regi\u00e3o metropolitana de S\u00e3o Paulo, e ia para Capit\u00f3lio, [&hellip;]<\/p>\n","protected":false},"author":8,"featured_media":19689,"comment_status":"closed","ping_status":"open","sticky":false,"template":"","format":"standard","meta":{"rop_custom_images_group":[],"rop_custom_messages_group":[],"rop_publish_now":"initial","rop_publish_now_accounts":[],"rop_publish_now_history":[],"rop_publish_now_status":"pending","footnotes":""},"categories":[194],"tags":[73],"class_list":["post-19688","post","type-post","status-publish","format-standard","has-post-thumbnail","hentry","category-regia","tag-featured"],"amp_enabled":true,"_links":{"self":[{"href":"https:\/\/imais.online\/portal\/wp-json\/wp\/v2\/posts\/19688","targetHints":{"allow":["GET"]}}],"collection":[{"href":"https:\/\/imais.online\/portal\/wp-json\/wp\/v2\/posts"}],"about":[{"href":"https:\/\/imais.online\/portal\/wp-json\/wp\/v2\/types\/post"}],"author":[{"embeddable":true,"href":"https:\/\/imais.online\/portal\/wp-json\/wp\/v2\/users\/8"}],"replies":[{"embeddable":true,"href":"https:\/\/imais.online\/portal\/wp-json\/wp\/v2\/comments?post=19688"}],"version-history":[{"count":1,"href":"https:\/\/imais.online\/portal\/wp-json\/wp\/v2\/posts\/19688\/revisions"}],"predecessor-version":[{"id":19690,"href":"https:\/\/imais.online\/portal\/wp-json\/wp\/v2\/posts\/19688\/revisions\/19690"}],"wp:featuredmedia":[{"embeddable":true,"href":"https:\/\/imais.online\/portal\/wp-json\/wp\/v2\/media\/19689"}],"wp:attachment":[{"href":"https:\/\/imais.online\/portal\/wp-json\/wp\/v2\/media?parent=19688"}],"wp:term":[{"taxonomy":"category","embeddable":true,"href":"https:\/\/imais.online\/portal\/wp-json\/wp\/v2\/categories?post=19688"},{"taxonomy":"post_tag","embeddable":true,"href":"https:\/\/imais.online\/portal\/wp-json\/wp\/v2\/tags?post=19688"}],"curies":[{"name":"wp","href":"https:\/\/api.w.org\/{rel}","templated":true}]}}