{"id":19749,"date":"2023-09-21T13:54:06","date_gmt":"2023-09-21T16:54:06","guid":{"rendered":"https:\/\/imais.online\/portal\/?p=19749"},"modified":"2023-09-21T13:54:07","modified_gmt":"2023-09-21T16:54:07","slug":"homem-morre-de-febre-maculosa-em-campinas-interior-de-sp","status":"publish","type":"post","link":"https:\/\/imais.online\/portal\/homem-morre-de-febre-maculosa-em-campinas-interior-de-sp\/","title":{"rendered":"Homem morre de febre maculosa em Campinas, interior de SP"},"content":{"rendered":"<div class=\"imais-before-content-placement\" id=\"imais-4071865258\"><script async src=\"\/\/pagead2.googlesyndication.com\/pagead\/js\/adsbygoogle.js?client=ca-pub-8787528412751566\" crossorigin=\"anonymous\"><\/script><ins class=\"adsbygoogle\" style=\"display:block;\" data-ad-client=\"ca-pub-8787528412751566\" \ndata-ad-slot=\"\" \ndata-ad-format=\"auto\"><\/ins>\n<script> \n(adsbygoogle = window.adsbygoogle || []).push({}); \n<\/script>\n<\/div>\n<h2 class=\"wp-block-heading\">V\u00edtima esteve nas margens do rio Capivari e do c\u00f3rrego S\u00e3o Vicente; n\u00famero de \u00f3bitos pela doen\u00e7a na cidade chega a sete em 2023<\/h2>\n\n\n\n<p>A Secretaria de Sa\u00fade de Campinas, no interior de\u00a0<strong>S\u00e3o Paulo<\/strong>, confirmou nesta quinta-feira (21) a morte de um homem por\u00a0<strong>febre maculosa<\/strong>. A v\u00edtima, de 40 anos, apresentou os primeiros sintomas em 28 de agosto e morreu no \u00faltimo dia 2.<\/p>\n\n\n\n<p>De acordo com a pasta, o homem esteve em dois locais nos quais possivelmente contraiu a doen\u00e7a: \u00e0s margens do rio Capivari e do c\u00f3rrego S\u00e3o Vicente<\/p>\n\n\n\n<p>Nestes lugares, a v\u00edtima pode ter tido contato com o carrapato-estrela, respons\u00e1vel por transmitir a doen\u00e7a. O parasita fica em gramados e campos onde busca por hospedeiros, como capivaras e equinos, al\u00e9m dos seres humanos.<\/p>\n\n\n\n<p>Em 2023, Campinas j\u00e1 registrou nove casos de febre maculosa, dos quais sete terminaram em morte. No ano passado, a cidade confirmou 11 notifica\u00e7\u00f5es com sete \u00f3bitos.<\/p>\n\n\n\n<p>Em junho deste ano, ap\u00f3s dois eventos em uma fazenda de Campinas,\u00a0<strong>m\u00faltiplos casos de febre maculosa foram registrados na cidade<\/strong>\u00a0e regi\u00e3o. O local onde as festas foram relizadas foi interditado, mas posteriormente liberado pela prefeitura.<\/p>\n\n\n\n<p>A Secretaria de Sa\u00fade informou, em nota, que pessoas que passaram por \u00e1reas de vegeta\u00e7\u00e3o, mato ou pasto deve ficar atenta a sintomas como febre, dor de cabe\u00e7a, dor intensa, mal-estar generalizado, n\u00e1useas, v\u00f4mitos e manchas vermelhas no corpo.<\/p>\n\n\n\n<p>Fonte R7 <\/p>\n","protected":false},"excerpt":{"rendered":"<p>V\u00edtima esteve nas margens do rio Capivari e do c\u00f3rrego S\u00e3o Vicente; n\u00famero de \u00f3bitos pela doen\u00e7a na cidade chega a sete em 2023 A Secretaria de Sa\u00fade de Campinas, no interior de\u00a0S\u00e3o Paulo, confirmou nesta quinta-feira (21) a morte de um homem por\u00a0febre maculosa. A v\u00edtima, de 40 anos, apresentou os primeiros sintomas em [&hellip;]<\/p>\n","protected":false},"author":8,"featured_media":19750,"comment_status":"closed","ping_status":"open","sticky":false,"template":"","format":"standard","meta":{"rop_custom_images_group":[],"rop_custom_messages_group":[],"rop_publish_now":"initial","rop_publish_now_accounts":[],"rop_publish_now_history":[],"rop_publish_now_status":"pending","footnotes":""},"categories":[230],"tags":[],"class_list":["post-19749","post","type-post","status-publish","format-standard","has-post-thumbnail","hentry","category-interior"],"amp_enabled":true,"_links":{"self":[{"href":"https:\/\/imais.online\/portal\/wp-json\/wp\/v2\/posts\/19749","targetHints":{"allow":["GET"]}}],"collection":[{"href":"https:\/\/imais.online\/portal\/wp-json\/wp\/v2\/posts"}],"about":[{"href":"https:\/\/imais.online\/portal\/wp-json\/wp\/v2\/types\/post"}],"author":[{"embeddable":true,"href":"https:\/\/imais.online\/portal\/wp-json\/wp\/v2\/users\/8"}],"replies":[{"embeddable":true,"href":"https:\/\/imais.online\/portal\/wp-json\/wp\/v2\/comments?post=19749"}],"version-history":[{"count":1,"href":"https:\/\/imais.online\/portal\/wp-json\/wp\/v2\/posts\/19749\/revisions"}],"predecessor-version":[{"id":19751,"href":"https:\/\/imais.online\/portal\/wp-json\/wp\/v2\/posts\/19749\/revisions\/19751"}],"wp:featuredmedia":[{"embeddable":true,"href":"https:\/\/imais.online\/portal\/wp-json\/wp\/v2\/media\/19750"}],"wp:attachment":[{"href":"https:\/\/imais.online\/portal\/wp-json\/wp\/v2\/media?parent=19749"}],"wp:term":[{"taxonomy":"category","embeddable":true,"href":"https:\/\/imais.online\/portal\/wp-json\/wp\/v2\/categories?post=19749"},{"taxonomy":"post_tag","embeddable":true,"href":"https:\/\/imais.online\/portal\/wp-json\/wp\/v2\/tags?post=19749"}],"curies":[{"name":"wp","href":"https:\/\/api.w.org\/{rel}","templated":true}]}}