{"id":1985,"date":"2021-09-30T11:09:12","date_gmt":"2021-09-30T14:09:12","guid":{"rendered":"https:\/\/imais.online\/portal\/?p=1985"},"modified":"2021-09-30T11:09:14","modified_gmt":"2021-09-30T14:09:14","slug":"ambev-comunica-que-vai-aumentar-o-preco-das-cervejas-em-outubro","status":"publish","type":"post","link":"https:\/\/imais.online\/portal\/ambev-comunica-que-vai-aumentar-o-preco-das-cervejas-em-outubro\/","title":{"rendered":"Ambev comunica que vai aumentar o pre\u00e7o das cervejas em outubro"},"content":{"rendered":"<div class=\"imais-before-content-placement\" id=\"imais-442911813\"><script async src=\"\/\/pagead2.googlesyndication.com\/pagead\/js\/adsbygoogle.js?client=ca-pub-8787528412751566\" crossorigin=\"anonymous\"><\/script><ins class=\"adsbygoogle\" style=\"display:block;\" data-ad-client=\"ca-pub-8787528412751566\" \ndata-ad-slot=\"\" \ndata-ad-format=\"auto\"><\/ins>\n<script> \n(adsbygoogle = window.adsbygoogle || []).push({}); \n<\/script>\n<\/div>\n<h2 class=\"has-text-align-center wp-block-heading\">Reajuste deve ser de aproximadamente 10%, estima a Associa\u00e7\u00e3o Brasileira de Bares e Restaurantes<\/h2>\n\n\n\n<p>A Ambev vai\u00a0aumentar o pre\u00e7o\u00a0das cervejas a partir do in\u00edcio do m\u00eas de outubro. A informa\u00e7\u00e3o foi repassada aos estabelecimentos clientes da empresa por meio de comunicados nos \u00faltimos dias. O gigante das bebidas \u00e9 dono de marcas como Antarctica, Brahma, Skol e Stella Artois e det\u00e9m uma fatia de cerca de 60% do mercado.<\/p>\n\n\n\n<p>Segundo um comunicado ao qual a reportagem teve acesso, o reajuste seguir\u00e1, \u201cem linhas gerais, a varia\u00e7\u00e3o da infla\u00e7\u00e3o, varia\u00e7\u00e3o de custos, c\u00e2mbio e carga tribut\u00e1ria\u201d. A Ambev n\u00e3o informa qual o valor do reajuste. Consultada, a empresa afirmou, em nota, que \u201cfaz, periodicamente, ajustes nos pre\u00e7os de seus produtos e as mudan\u00e7as variam de acordo com as regi\u00f5es, marca, canal de venda e embalagem\u201d, sem fornecer maiores detalhes.<\/p>\n\n\n\n<p>A Abrasel (Associa\u00e7\u00e3o Brasileira de Bares e Restaurantes) estima que o reajuste deve ser em torno de 10%, alinhado \u00e0 infla\u00e7\u00e3o acumulada nos \u00faltimos 12 meses. No entanto, pode haver varia\u00e7\u00e3o entre estados e regi\u00f5es.<\/p>\n\n\n\n<p>Percival Maricato, presidente do conselho estadual da Abrasel em S\u00e3o Paulo, ressalta que, apesar de a Ambev afirmar se tratar de um reajuste peri\u00f3dico, o momento para um aumento de pre\u00e7os \u00e9 \u201cp\u00e9ssimo\u201d. Para ele, considerando a alta do combust\u00edvel, da energia e das mat\u00e9rias-primas, al\u00e9m do endividamento e das despesas com aluguel, trabalhadores e fornecedores, os bares e restaurantes passam por uma situa\u00e7\u00e3o \u201cmuito dif\u00edcil\u201d.<\/p>\n\n\n\n<p>Segundo pesquisa da Abrasel, realizada com 1.272 empresas de alimenta\u00e7\u00e3o fora do lar de todo o Brasil entre os dias 12 e 24 de agosto, cerca de 37% dos bares e restaurantes operaram no preju\u00edzo no \u00faltimo m\u00eas de julho. Cerca de 54% afirmaram ter pagamentos em atraso e 65% disseram ter aumentado pre\u00e7os do card\u00e1pio no primeiro semestre deste ano.<\/p>\n\n\n\n<p>\u201cTudo est\u00e1 aumentando. O que eles faturam no m\u00eas muitas vezes n\u00e3o \u00e9 suficiente para pagar todas as despesas\u201d, diz Maricato. Ele afirma ainda que o reajuste deve ser repassado ao consumidor final. \u201cTalvez n\u00e3o totalmente, mas n\u00e3o existe almo\u00e7o gr\u00e1tis, como se diz. Os propriet\u00e1rios, por mais que tentem, ter\u00e3o de repassar esses custos. S\u00f3 n\u00e3o repassariam se fossem milagrosos. E \u00e9 muito dif\u00edcil agora repassar isso para o cliente, porque o cliente tamb\u00e9m est\u00e1 lesado\u201d, diz.<\/p>\n\n\n\n<p>Maricato tamb\u00e9m lamenta que um reajuste venha no momento em que a vacina\u00e7\u00e3o avan\u00e7a no pa\u00eds, possibilitando uma reabertura maior e mais movimento nos estabelecimentos. Ele teme que, caso os pre\u00e7os em geral continuem subindo, o aumento de p\u00fablico esperado para os pr\u00f3ximos meses n\u00e3o se concretize.<\/p>\n\n\n\n<p>\u201cForam cerca de 17 meses de endividamento e, agora que chegou a hora de tentar faturar, \u00e9 claro que qualquer aumento n\u00f3s lamentamos bastante. Porque fica inviabilizando, dificultando essa recupera\u00e7\u00e3o. A nossa esperan\u00e7a \u00e9 que todo mundo segurasse um pouco [os reajustes], para que a gente pudesse ter uma fase de recupera\u00e7\u00e3o mais tranquila\u201d, conclui.<\/p>\n\n\n\n<p>TASSO MARCELO\/ESTAD\u00c3O CONTE\u00daDO<\/p>\n\n\n\n<h2 class=\"has-text-align-left wp-block-heading\">\u00a0<\/h2>\n","protected":false},"excerpt":{"rendered":"<p>Reajuste deve ser de aproximadamente 10%, estima a Associa\u00e7\u00e3o Brasileira de Bares e Restaurantes A Ambev vai\u00a0aumentar o pre\u00e7o\u00a0das cervejas a partir do in\u00edcio do m\u00eas de outubro. A informa\u00e7\u00e3o foi repassada aos estabelecimentos clientes da empresa por meio de comunicados nos \u00faltimos dias. O gigante das bebidas \u00e9 dono de marcas como Antarctica, Brahma, [&hellip;]<\/p>\n","protected":false},"author":8,"featured_media":1986,"comment_status":"closed","ping_status":"open","sticky":false,"template":"","format":"standard","meta":{"rop_custom_images_group":[],"rop_custom_messages_group":[],"rop_publish_now":"initial","rop_publish_now_accounts":[],"rop_publish_now_history":[],"rop_publish_now_status":"pending","footnotes":""},"categories":[192],"tags":[],"class_list":["post-1985","post","type-post","status-publish","format-standard","has-post-thumbnail","hentry","category-economia"],"amp_enabled":true,"_links":{"self":[{"href":"https:\/\/imais.online\/portal\/wp-json\/wp\/v2\/posts\/1985","targetHints":{"allow":["GET"]}}],"collection":[{"href":"https:\/\/imais.online\/portal\/wp-json\/wp\/v2\/posts"}],"about":[{"href":"https:\/\/imais.online\/portal\/wp-json\/wp\/v2\/types\/post"}],"author":[{"embeddable":true,"href":"https:\/\/imais.online\/portal\/wp-json\/wp\/v2\/users\/8"}],"replies":[{"embeddable":true,"href":"https:\/\/imais.online\/portal\/wp-json\/wp\/v2\/comments?post=1985"}],"version-history":[{"count":1,"href":"https:\/\/imais.online\/portal\/wp-json\/wp\/v2\/posts\/1985\/revisions"}],"predecessor-version":[{"id":1987,"href":"https:\/\/imais.online\/portal\/wp-json\/wp\/v2\/posts\/1985\/revisions\/1987"}],"wp:featuredmedia":[{"embeddable":true,"href":"https:\/\/imais.online\/portal\/wp-json\/wp\/v2\/media\/1986"}],"wp:attachment":[{"href":"https:\/\/imais.online\/portal\/wp-json\/wp\/v2\/media?parent=1985"}],"wp:term":[{"taxonomy":"category","embeddable":true,"href":"https:\/\/imais.online\/portal\/wp-json\/wp\/v2\/categories?post=1985"},{"taxonomy":"post_tag","embeddable":true,"href":"https:\/\/imais.online\/portal\/wp-json\/wp\/v2\/tags?post=1985"}],"curies":[{"name":"wp","href":"https:\/\/api.w.org\/{rel}","templated":true}]}}