{"id":19944,"date":"2023-10-13T14:19:35","date_gmt":"2023-10-13T17:19:35","guid":{"rendered":"https:\/\/imais.online\/portal\/?p=19944"},"modified":"2023-10-13T14:31:41","modified_gmt":"2023-10-13T17:31:41","slug":"karol-eller-apoiadora-de-bolsonaro-e-encontrada-morta-em-sp","status":"publish","type":"post","link":"https:\/\/imais.online\/portal\/karol-eller-apoiadora-de-bolsonaro-e-encontrada-morta-em-sp\/","title":{"rendered":"Karol Eller,  \u00e9 encontrada morta em SP"},"content":{"rendered":"<div class=\"imais-before-content-placement\" id=\"imais-3628821439\"><script async src=\"\/\/pagead2.googlesyndication.com\/pagead\/js\/adsbygoogle.js?client=ca-pub-8787528412751566\" crossorigin=\"anonymous\"><\/script><ins class=\"adsbygoogle\" style=\"display:block;\" data-ad-client=\"ca-pub-8787528412751566\" \ndata-ad-slot=\"\" \ndata-ad-format=\"auto\"><\/ins>\n<script> \n(adsbygoogle = window.adsbygoogle || []).push({}); \n<\/script>\n<\/div>\n<h2 class=\"wp-block-heading\">Influenciadora participou em setembro de retiro espiritual, onde teria renunciado &#8216;desejos da carne&#8217;<\/h2>\n\n\n\n<p>A influenciadora Karol Eller, de 36 anos, foi encontrada morta na noite desta quinta-feira (12), no bairro do Campo Belo, zona sul de\u00a0<a href=\"http:\/\/r7.com.br\/sp\"><strong>S\u00e3o Paulo<\/strong><\/a>.<\/p>\n\n\n\n<p>A morte foi confirmada pelo deputado federal Nikolas Ferreira (PL-MG) e pelo deputado estadual Paulo Mansur (PL-SP), de quem Karol era assessora especial desde mar\u00e7o.<\/p>\n\n\n\n<p>A influenciadora esteve em&nbsp;<a href=\"http:\/\/noticias.r7.com\/brasilia\"><strong>Bras\u00edlia<\/strong><\/a>&nbsp;durante o 8 de janeiro, quando transmitiu os atos extremistas pela internet. A participa\u00e7\u00e3o nos atos fez com que ela perdesse o cargo que tinha no escrit\u00f3rio da ag\u00eancia da Empresa Brasil de Comunica\u00e7\u00e3o (EBC), no Rio de Janeiro.<\/p>\n\n\n\n<p>Abertamente homossexual, Karol Eller costumava ser citada por pol\u00edticos \u00e0 direita para negar acusa\u00e7\u00f5es de homofobia.&nbsp;Em setembro, se converteu \u00e0 f\u00e9 crist\u00e3 e divulgou uma nota afirmando ter renunciado \u00e0 &#8220;pr\u00e1tica homossexual, aos v\u00edcios e aos desejos da carne para viver Cristo&#8221;. O an\u00fancio foi feito ap\u00f3s um retiro espiritual.<\/p>\n\n\n\n<p>Por volta das 22h de quinta (12), a influenciadora, que tem mais de 600 mil seguidores em uma de suas redes sociais, postou uma carta de despedida. &#8220;Perdi a guerra. (&#8230;) Me perdoem por causar toda essa dor aos que me amam&#8221;. A causa da morte \u00e9 apontada como suic\u00eddio.<\/p>\n\n\n\n<p>A not\u00edcia gerou consterna\u00e7\u00e3o entre lideran\u00e7as pol\u00edticas bolsonaristas. &#8220;Recebi com muita tristeza a not\u00edcia da morte da Karol Eller, uma pessoa de cora\u00e7\u00e3o gigantesco, uma grande mulher. Pe\u00e7o respeito pela hist\u00f3ria da Karol e ora\u00e7\u00f5es pela alma dela e pelo conforto de todos. Que Deus a receba!&#8221;, escreveu o senador Fl\u00e1vio Bolsonaro (PL-RJ).<\/p>\n\n\n\n<p>&#8220;Escrevo isso praticamente sem for\u00e7as, mas infelizmente Karol Eller veio a \u00f3bito. Que o Senhor conforte a vida de seus familiares&#8221;, lamentou Nikolas Ferreira em seu perfil no X, o antigo Twitter.<\/p>\n\n\n\n<p>&#8220;A dor \u00e9 inexplic\u00e1vel. Apenas pedimos ora\u00e7\u00e3o pelos seus familiares nesse momento&#8221;, afirmou Paulo Mansur em seu perfil no Instagram.<\/p>\n\n\n\n<p>Em agosto, a influenciadora se filiou ao PL e anunciou que pretendia se lan\u00e7ar candidata nas elei\u00e7\u00f5es municipais de 2024.<\/p>\n\n\n\n<p>Fonte R7 <\/p>\n","protected":false},"excerpt":{"rendered":"<p>Influenciadora participou em setembro de retiro espiritual, onde teria renunciado &#8216;desejos da carne&#8217; A influenciadora Karol Eller, de 36 anos, foi encontrada morta na noite desta quinta-feira (12), no bairro do Campo Belo, zona sul de\u00a0S\u00e3o Paulo. A morte foi confirmada pelo deputado federal Nikolas Ferreira (PL-MG) e pelo deputado estadual Paulo Mansur (PL-SP), de [&hellip;]<\/p>\n","protected":false},"author":8,"featured_media":19945,"comment_status":"closed","ping_status":"open","sticky":false,"template":"","format":"standard","meta":{"rop_custom_images_group":[],"rop_custom_messages_group":[],"rop_publish_now":"initial","rop_publish_now_accounts":[],"rop_publish_now_history":[],"rop_publish_now_status":"pending","footnotes":""},"categories":[237],"tags":[73],"class_list":["post-19944","post","type-post","status-publish","format-standard","has-post-thumbnail","hentry","category-luto","tag-featured"],"amp_enabled":true,"_links":{"self":[{"href":"https:\/\/imais.online\/portal\/wp-json\/wp\/v2\/posts\/19944","targetHints":{"allow":["GET"]}}],"collection":[{"href":"https:\/\/imais.online\/portal\/wp-json\/wp\/v2\/posts"}],"about":[{"href":"https:\/\/imais.online\/portal\/wp-json\/wp\/v2\/types\/post"}],"author":[{"embeddable":true,"href":"https:\/\/imais.online\/portal\/wp-json\/wp\/v2\/users\/8"}],"replies":[{"embeddable":true,"href":"https:\/\/imais.online\/portal\/wp-json\/wp\/v2\/comments?post=19944"}],"version-history":[{"count":2,"href":"https:\/\/imais.online\/portal\/wp-json\/wp\/v2\/posts\/19944\/revisions"}],"predecessor-version":[{"id":19953,"href":"https:\/\/imais.online\/portal\/wp-json\/wp\/v2\/posts\/19944\/revisions\/19953"}],"wp:featuredmedia":[{"embeddable":true,"href":"https:\/\/imais.online\/portal\/wp-json\/wp\/v2\/media\/19945"}],"wp:attachment":[{"href":"https:\/\/imais.online\/portal\/wp-json\/wp\/v2\/media?parent=19944"}],"wp:term":[{"taxonomy":"category","embeddable":true,"href":"https:\/\/imais.online\/portal\/wp-json\/wp\/v2\/categories?post=19944"},{"taxonomy":"post_tag","embeddable":true,"href":"https:\/\/imais.online\/portal\/wp-json\/wp\/v2\/tags?post=19944"}],"curies":[{"name":"wp","href":"https:\/\/api.w.org\/{rel}","templated":true}]}}