{"id":19957,"date":"2023-10-13T15:12:38","date_gmt":"2023-10-13T18:12:38","guid":{"rendered":"https:\/\/imais.online\/portal\/?p=19957"},"modified":"2023-10-13T15:12:39","modified_gmt":"2023-10-13T18:12:39","slug":"karla-stelzer-mendes-carioca-desaparecida-em-israel-e-encontrada-morta-diz-embaixador","status":"publish","type":"post","link":"https:\/\/imais.online\/portal\/karla-stelzer-mendes-carioca-desaparecida-em-israel-e-encontrada-morta-diz-embaixador\/","title":{"rendered":"Karla Stelzer Mendes, carioca desaparecida em Israel, \u00e9 encontrada morta, diz embaixador"},"content":{"rendered":"<div class=\"imais-before-content-placement\" id=\"imais-3298727806\"><script async src=\"\/\/pagead2.googlesyndication.com\/pagead\/js\/adsbygoogle.js?client=ca-pub-8787528412751566\" crossorigin=\"anonymous\"><\/script><ins class=\"adsbygoogle\" style=\"display:block;\" data-ad-client=\"ca-pub-8787528412751566\" \ndata-ad-slot=\"\" \ndata-ad-format=\"auto\"><\/ins>\n<script> \n(adsbygoogle = window.adsbygoogle || []).push({}); \n<\/script>\n<\/div>\n<h2 class=\"wp-block-heading\">Karla Stelzer estava na festa rave Universo Paralello no \u00faltimo dia 7 quando terroristas do Hamas atacaram.<\/h2>\n\n\n\n<p>A&nbsp;<a class=\"\" href=\"https:\/\/g1.globo.com\/rj\/rio-de-janeiro\/noticia\/2023\/10\/09\/terceira-brasileira-desaparecida-em-israel-e-identificada.ghtml\">\u00faltima brasileira que seguia desaparecida<\/a>&nbsp;em&nbsp;<a class=\"\" href=\"https:\/\/g1.globo.com\/tudo-sobre\/israel\/\">Israel<\/a>, a carioca&nbsp;<strong>Karla Stelzer Mendes<\/strong>,&nbsp;foi encontrada morta. A informa\u00e7\u00e3o foi confirmada pelo embaixador do Brasil em Israel, Frederico&nbsp;Meyer, em entrevista \u00e0&nbsp;<strong>GloboNews<\/strong>&nbsp;nesta sexta-feira (13).<\/p>\n\n\n\n<p>\u201cAcabamos de confirmar que ela faleceu, e o enterro dela \u00e9 hoje [sexta-feira]. O filho dela, que est\u00e1 servindo ao Ex\u00e9rcito aqui, acabou de\u00a0nos\u00a0avisar\u201d, disse Meyer.<\/p>\n\n\n\n<p>Na sequ\u00eancia, o Itamaraty emitiu uma nota.<\/p>\n\n\n\n<p><em>\u201cO governo brasileiro lamenta e manifesta seu profundo pesar com a morte da cidad\u00e3 brasileira Karla Stelzer Mendes, de 42 anos, terceira v\u00edtima fatal brasileira dos atentados ocorridos no \u00faltimo dia 7 de outubro em Israel. Ao solidarizar-se com a fam\u00edlia, amigas e amigos de Karla, o Governo brasileiro reitera\u00a0seu total rep\u00fadio a todos os atos de viol\u00eancia contra a popula\u00e7\u00e3o civil.\u201d<\/em><\/p>\n\n\n\n<h2 class=\"wp-block-heading\">Morte depois de rave<\/h2>\n\n\n\n<p>Al\u00e9m de Karla, os brasileiros que morreram durante o ataque do Hamas foram&nbsp;<a class=\"\" href=\"https:\/\/g1.globo.com\/rs\/rio-grande-do-sul\/noticia\/2023\/10\/10\/itamaraty-confirma-morte-de-brasileiro-que-estava-desaparecido-em-israel.ghtml\">o ga\u00facho Ranani Nidejelski Glazer<\/a>&nbsp;e&nbsp;<a class=\"\" href=\"https:\/\/g1.globo.com\/rj\/rio-de-janeiro\/noticia\/2023\/10\/10\/bruna-israel.ghtml\">a carioca Bruna Valeanu<\/a>.<\/p>\n\n\n\n<p>Os tr\u00eas estavam em uma festa rave, a Universo Paralello, ao lado de 3 mil pessoas,&nbsp;<a class=\"\" href=\"https:\/\/g1.globo.com\/go\/goias\/noticia\/2023\/10\/07\/pai-de-alok-filma-festa-sendo-interrompida-apos-ataque-do-hamas-em-israel-bombas-nao-param-de-explodir.ghtml\">quando o Hamas deflagrou o ataque terrorista<\/a>. Segundo o governo israelense,&nbsp;260 foram assassinados no local.<\/p>\n\n\n\n<h2 class=\"wp-block-heading\">Quem era Karla Stelzer<\/h2>\n\n\n\n<figure class=\"wp-block-image\"><img decoding=\"async\" src=\"https:\/\/s2-g1.glbimg.com\/a36nH-pABpNgWhW8aA7qrZOnYps=\/0x0:720x846\/984x0\/smart\/filters:strip_icc()\/i.s3.glbimg.com\/v1\/AUTH_59edd422c0c84a879bd37670ae4f538a\/internal_photos\/bs\/2023\/j\/U\/zvuAvBSM2jvROg2mA4QA\/g1-karla2.jpg\" alt=\"Karla Stelzer Mendes \u2014 Foto: Reprodu\u00e7\u00e3o\"\/><\/figure>\n\n\n\n<p>Karla Stelzer Mendes \u2014 Foto: Reprodu\u00e7\u00e3o<\/p>\n\n\n\n<p>Karla Stelzer Mendes morava&nbsp;<a class=\"\" href=\"https:\/\/g1.globo.com\/rj\/rio-de-janeiro\/noticia\/2023\/10\/09\/terceira-brasileira-desaparecida-em-israel-e-identificada.ghtml\">em Israel com o marido<\/a>, com quem se relacionava h\u00e1 seis anos.&nbsp;Ele tamb\u00e9m morreu.<\/p>\n\n\n\n<p>Karla tinha um filho, que faz parte do Ex\u00e9rcito local. As \u00faltimas mensagens enviadas para a fam\u00edlia foram na manh\u00e3 de s\u00e1bado (7), no come\u00e7o do ataque terrorista do Hamas.<\/p>\n\n\n\n<p>Veja abaixo quem s\u00e3o os outros brasileiros mortos.<\/p>\n\n\n\n<h2 class=\"wp-block-heading\">Bruna Valeanu<\/h2>\n\n\n\n<figure class=\"wp-block-image\"><img decoding=\"async\" src=\"https:\/\/s2-g1.glbimg.com\/6nbDJcqE5UHnMxqIDprfrj61L2g=\/0x0:1034x1293\/984x0\/smart\/filters:strip_icc()\/i.s3.glbimg.com\/v1\/AUTH_59edd422c0c84a879bd37670ae4f538a\/internal_photos\/bs\/2023\/t\/A\/RcuwAXTZCuQdckPcaQEQ\/10bruna1.jpg\" alt=\"Bruna Valeanu \u2014 Foto: Reprodu\u00e7\u00e3o\"\/><\/figure>\n\n\n\n<p>Bruna Valeanu \u2014 Foto: Reprodu\u00e7\u00e3o<\/p>\n\n\n\n<p>Bruna Valeanu tinha 24 anos e vivia em Israel h\u00e1 oito. A jovem estudava comunica\u00e7\u00e3o e marketing.<\/p>\n\n\n\n<p>L\u00e1 tamb\u00e9m moram a m\u00e3e e a irm\u00e3 mais velha, Florica. Outra irm\u00e3, Nathalia, permaneceu no Rio de Janeiro. Das tr\u00eas, Bruna era a que mais sabia falar hebraico \u2014&nbsp;<a class=\"\" href=\"https:\/\/g1.globo.com\/rj\/rio-de-janeiro\/noticia\/2023\/10\/09\/carioca-desaparecida-em-israel.ghtml\">o idioma foi mais uma dificuldade na busca de informa\u00e7\u00f5es<\/a>.<\/p>\n\n\n\n<p>\u201cEla [Bruna] foi para esta festa, estava com um grupo grande de amigos, muitos brasileiros e israelenses. Ela acabou se separando, na hora do ataque, das outras amigas dela, que j\u00e1 se salvaram. Ela ficou em um grupo onde estava o Liam, um amigo do trabalho, que \u00e9 israelense\u201d, contou Nathalia.<\/p>\n\n\n\n<p>A fam\u00edlia de Bruna Valeanu&nbsp;<a class=\"\" href=\"https:\/\/g1.globo.com\/rj\/rio-de-janeiro\/noticia\/2023\/10\/10\/bruna-israel.ghtml\">confirmou a morte da jovem no fim da manh\u00e3 desta ter\u00e7a-feira (10)<\/a>, depois que o Ex\u00e9rcito israelense comunicou ter encontrado o corpo da estudante.<\/p>\n\n\n\n<h2 class=\"wp-block-heading\">Ranani Glazer<\/h2>\n\n\n\n<p>Ranani Nidejelski Glazer nasceu em Porto Alegre e tinha 23 anos. Morava h\u00e1 sete anos no pa\u00eds e tinha cidadania israelense. Ranani chegou a prestar servi\u00e7o militar em Israel.<\/p>\n\n\n\n<p>Ele vivia em Tel Aviv com amigos e trabalhava como entregador. O brasileiro Rafael Zimerman contou que estava na rave ao ar livre com Ranani e a namorada do ga\u00facho, Rafaela Treistman, quando a invas\u00e3o come\u00e7ou e eles conseguiram se refugiar em um bunker, mas o local foi invadido. Ele n\u00e3o sabe em que momento o amigo se perdeu.<\/p>\n\n\n\n<p>Glazer foi&nbsp;<a class=\"\" href=\"https:\/\/g1.globo.com\/rs\/rio-grande-do-sul\/noticia\/2023\/10\/10\/itamaraty-confirma-morte-de-brasileiro-que-estava-desaparecido-em-israel.ghtml\">o primeiro brasileiro a ter a morte confirmada pelo Itamaraty<\/a>, ainda na manh\u00e3 de ter\u00e7a-feira (10).<\/p>\n\n\n\n<figure class=\"wp-block-image\"><img decoding=\"async\" src=\"https:\/\/s2-g1.glbimg.com\/QzWvGUOLWF-PO9wGeJKfw2xbAc4=\/0x0:828x867\/984x0\/smart\/filters:strip_icc()\/i.s3.glbimg.com\/v1\/AUTH_59edd422c0c84a879bd37670ae4f538a\/internal_photos\/bs\/2023\/H\/y\/B7tUm8TAGy1ryIRqXu5g\/ranani.jpg\" alt=\"Ranani Nidejelski Glazer \u2014 Foto: Reprodu\u00e7\u00e3o\/Instagram\"\/><\/figure>\n\n\n\n<p>Ranani Nidejelski Glazer \u2014 Foto: Reprodu\u00e7\u00e3o\/Instagram<\/p>\n\n\n\n<p>Fonte R7<\/p>\n","protected":false},"excerpt":{"rendered":"<p>Karla Stelzer estava na festa rave Universo Paralello no \u00faltimo dia 7 quando terroristas do Hamas atacaram. A&nbsp;\u00faltima brasileira que seguia desaparecida&nbsp;em&nbsp;Israel, a carioca&nbsp;Karla Stelzer Mendes,&nbsp;foi encontrada morta. A informa\u00e7\u00e3o foi confirmada pelo embaixador do Brasil em Israel, Frederico&nbsp;Meyer, em entrevista \u00e0&nbsp;GloboNews&nbsp;nesta sexta-feira (13). \u201cAcabamos de confirmar que ela faleceu, e o enterro dela \u00e9 [&hellip;]<\/p>\n","protected":false},"author":8,"featured_media":19958,"comment_status":"closed","ping_status":"open","sticky":false,"template":"","format":"standard","meta":{"rop_custom_images_group":[],"rop_custom_messages_group":[],"rop_publish_now":"initial","rop_publish_now_accounts":[],"rop_publish_now_history":[],"rop_publish_now_status":"pending","footnotes":""},"categories":[212],"tags":[],"class_list":["post-19957","post","type-post","status-publish","format-standard","has-post-thumbnail","hentry","category-internacional"],"amp_enabled":true,"_links":{"self":[{"href":"https:\/\/imais.online\/portal\/wp-json\/wp\/v2\/posts\/19957","targetHints":{"allow":["GET"]}}],"collection":[{"href":"https:\/\/imais.online\/portal\/wp-json\/wp\/v2\/posts"}],"about":[{"href":"https:\/\/imais.online\/portal\/wp-json\/wp\/v2\/types\/post"}],"author":[{"embeddable":true,"href":"https:\/\/imais.online\/portal\/wp-json\/wp\/v2\/users\/8"}],"replies":[{"embeddable":true,"href":"https:\/\/imais.online\/portal\/wp-json\/wp\/v2\/comments?post=19957"}],"version-history":[{"count":1,"href":"https:\/\/imais.online\/portal\/wp-json\/wp\/v2\/posts\/19957\/revisions"}],"predecessor-version":[{"id":19959,"href":"https:\/\/imais.online\/portal\/wp-json\/wp\/v2\/posts\/19957\/revisions\/19959"}],"wp:featuredmedia":[{"embeddable":true,"href":"https:\/\/imais.online\/portal\/wp-json\/wp\/v2\/media\/19958"}],"wp:attachment":[{"href":"https:\/\/imais.online\/portal\/wp-json\/wp\/v2\/media?parent=19957"}],"wp:term":[{"taxonomy":"category","embeddable":true,"href":"https:\/\/imais.online\/portal\/wp-json\/wp\/v2\/categories?post=19957"},{"taxonomy":"post_tag","embeddable":true,"href":"https:\/\/imais.online\/portal\/wp-json\/wp\/v2\/tags?post=19957"}],"curies":[{"name":"wp","href":"https:\/\/api.w.org\/{rel}","templated":true}]}}