{"id":19960,"date":"2023-10-13T15:16:55","date_gmt":"2023-10-13T18:16:55","guid":{"rendered":"https:\/\/imais.online\/portal\/?p=19960"},"modified":"2023-10-13T15:16:56","modified_gmt":"2023-10-13T18:16:56","slug":"principe-william-e-kate-middleton-tiveram-briga-com-charles-por-causa-de-filho-revela-jornal","status":"publish","type":"post","link":"https:\/\/imais.online\/portal\/principe-william-e-kate-middleton-tiveram-briga-com-charles-por-causa-de-filho-revela-jornal\/","title":{"rendered":"Pr\u00edncipe William e Kate Middleton tiveram briga com Charles por causa de filho, revela jornal"},"content":{"rendered":"<div class=\"imais-before-content-placement\" id=\"imais-1112163056\"><script async src=\"\/\/pagead2.googlesyndication.com\/pagead\/js\/adsbygoogle.js?client=ca-pub-8787528412751566\" crossorigin=\"anonymous\"><\/script><ins class=\"adsbygoogle\" style=\"display:block;\" data-ad-client=\"ca-pub-8787528412751566\" \ndata-ad-slot=\"\" \ndata-ad-format=\"auto\"><\/ins>\n<script> \n(adsbygoogle = window.adsbygoogle || []).push({}); \n<\/script>\n<\/div>\n<h2 class=\"wp-block-heading\">O primog\u00eanito do monarca e seus tr\u00eas filhos ocupam as primeiras posi\u00e7\u00f5es na linha sucess\u00f3ria do trono brit\u00e2nico<\/h2>\n\n\n\n<p>O Pr\u00edncipe William e a Princesa Kate Middleton tiveram uma briga com o Rei Charles III por causa do primog\u00eanito do casal. Especialista na Fam\u00edlia Real Brit\u00e2nica, o analista ingl\u00eas Tom Quinn contou ao jornal Daily Express que o desentendimento entre William, Kate e Charles foi causado por compreens\u00f5es distintas dos tr\u00eas em rela\u00e7\u00e3o \u00e0s din\u00e2micas do Pr\u00edncipe George (10 anos) nos cerimoniais da realeza brit\u00e2nica.<\/p>\n\n\n\n<p>De acordo com Quinn, uma fonte ligada \u00e0 monarquia o informou que o Rei Charles III tinha planos mais ambiciosos para o neto em sua coroa\u00e7\u00e3o, o que desagradou os pais da crian\u00e7a.<\/p>\n\n\n\n<figure class=\"wp-block-image\"><img decoding=\"async\" src=\"https:\/\/s2-monet.glbimg.com\/8txYrm-62oKpdMCOmq_8V4RWeC0=\/0x0:1400x735\/984x0\/smart\/filters:strip_icc()\/i.s3.glbimg.com\/v1\/AUTH_e7c91519bbbb4fadb4e509085746275d\/internal_photos\/bs\/2023\/8\/z\/QBobSvSR6GUhutVZ3MPw\/snapinsta.app-344131340-204666415717591-5275250941489323851-n-1080a.jpg\" alt=\"O Rei Charles III \u2014 Foto: reprodu\u00e7\u00e3o\/Instagram\"\/><figcaption class=\"wp-element-caption\">O Rei Charles III \u2014 Foto: reprodu\u00e7\u00e3o\/Instagram<\/figcaption><\/figure>\n\n\n\n<p>A coroa\u00e7\u00e3o do Rei Charles III ocorreu no \u00faltimo m\u00eas de maio. O contato do especialista na realeza o informou que o monarca planejava um maior envolvimento do neto na cerim\u00f4nia.<\/p>\n\n\n\n<p>\u201cSoube pelos meus contatos que houve uma discuss\u00e3o sobre um envolvimento mais formal do George [na coroa\u00e7\u00e3o]\u201d, relatou Tom Quinn. \u201cOuvi dizer que a Kate o William ficaram preocupados se n\u00e3o seria coisa demais para ele\u201d.<\/p>\n\n\n\n<p>\u201c\u00c9 quase um eco da maneira como William e Harry \u00e0s vezes eram obrigados a comparecer a ocasi\u00f5es formais que n\u00e3o deveriam ter comparecido &#8211; o mais famoso, ir ao funeral de sua m\u00e3e e andar atr\u00e1s de seu caix\u00e3o na idade que tinham [em 1997]\u201d, explicou o especialista sobre os inc\u00f4modos do pr\u00edncipe e sua esposa em rela\u00e7\u00e3o ao envolvimento do filho.<\/p>\n\n\n\n<p>Segundo Quinn, William e Middleton acabaram conseguindo limitar o envolvimento de George na coroa\u00e7\u00e3o. Ele participou do evento, mas sem se expor demais.<\/p>\n\n\n\n<p>O Pr\u00edncipe William ocupa atualmente a primeira posi\u00e7\u00e3o na linha sucess\u00f3ria ao trono brit\u00e2nico. Ele \u00e9 seguido por George, pela Princesa Charlotte e pelo Pr\u00edncipe Louis.<\/p>\n\n\n\n<p>Depois vem o Pr\u00edncipe Harry. Os representantes da Fam\u00edlia Real n\u00e3o comentaram o relato de Tom Quinn ao Daily Express.<\/p>\n\n\n\n<figure class=\"wp-block-image\"><img decoding=\"async\" src=\"https:\/\/s2-monet.glbimg.com\/HhX7rt6iseYWhd1lxsGlcYBnKZc=\/0x0:725x908\/984x0\/smart\/filters:strip_icc()\/i.s3.glbimg.com\/v1\/AUTH_e7c91519bbbb4fadb4e509085746275d\/internal_photos\/bs\/2023\/D\/R\/1pjZCyTBir1fexYwDs9g\/fotodiculgfada.png\" alt=\"Rei Charles III e os pr\u00edncipes William e George: a linha sucess\u00f3ria ao trono brit\u00e2nico \u2014 Foto: Divulga\u00e7\u00e3o\"\/><figcaption class=\"wp-element-caption\">Rei Charles III e os pr\u00edncipes William e George: a linha sucess\u00f3ria ao trono brit\u00e2nico \u2014 Foto: Divulga\u00e7\u00e3o<\/figcaption><\/figure>\n\n\n\n<p>Fonte R7<\/p>\n","protected":false},"excerpt":{"rendered":"<p>O primog\u00eanito do monarca e seus tr\u00eas filhos ocupam as primeiras posi\u00e7\u00f5es na linha sucess\u00f3ria do trono brit\u00e2nico O Pr\u00edncipe William e a Princesa Kate Middleton tiveram uma briga com o Rei Charles III por causa do primog\u00eanito do casal. Especialista na Fam\u00edlia Real Brit\u00e2nica, o analista ingl\u00eas Tom Quinn contou ao jornal Daily Express [&hellip;]<\/p>\n","protected":false},"author":8,"featured_media":19961,"comment_status":"closed","ping_status":"open","sticky":false,"template":"","format":"standard","meta":{"rop_custom_images_group":[],"rop_custom_messages_group":[],"rop_publish_now":"initial","rop_publish_now_accounts":[],"rop_publish_now_history":[],"rop_publish_now_status":"pending","footnotes":""},"categories":[212],"tags":[],"class_list":["post-19960","post","type-post","status-publish","format-standard","has-post-thumbnail","hentry","category-internacional"],"amp_enabled":true,"_links":{"self":[{"href":"https:\/\/imais.online\/portal\/wp-json\/wp\/v2\/posts\/19960","targetHints":{"allow":["GET"]}}],"collection":[{"href":"https:\/\/imais.online\/portal\/wp-json\/wp\/v2\/posts"}],"about":[{"href":"https:\/\/imais.online\/portal\/wp-json\/wp\/v2\/types\/post"}],"author":[{"embeddable":true,"href":"https:\/\/imais.online\/portal\/wp-json\/wp\/v2\/users\/8"}],"replies":[{"embeddable":true,"href":"https:\/\/imais.online\/portal\/wp-json\/wp\/v2\/comments?post=19960"}],"version-history":[{"count":1,"href":"https:\/\/imais.online\/portal\/wp-json\/wp\/v2\/posts\/19960\/revisions"}],"predecessor-version":[{"id":19962,"href":"https:\/\/imais.online\/portal\/wp-json\/wp\/v2\/posts\/19960\/revisions\/19962"}],"wp:featuredmedia":[{"embeddable":true,"href":"https:\/\/imais.online\/portal\/wp-json\/wp\/v2\/media\/19961"}],"wp:attachment":[{"href":"https:\/\/imais.online\/portal\/wp-json\/wp\/v2\/media?parent=19960"}],"wp:term":[{"taxonomy":"category","embeddable":true,"href":"https:\/\/imais.online\/portal\/wp-json\/wp\/v2\/categories?post=19960"},{"taxonomy":"post_tag","embeddable":true,"href":"https:\/\/imais.online\/portal\/wp-json\/wp\/v2\/tags?post=19960"}],"curies":[{"name":"wp","href":"https:\/\/api.w.org\/{rel}","templated":true}]}}