{"id":19966,"date":"2023-10-13T15:30:09","date_gmt":"2023-10-13T18:30:09","guid":{"rendered":"https:\/\/imais.online\/portal\/?p=19966"},"modified":"2023-10-13T15:30:09","modified_gmt":"2023-10-13T18:30:09","slug":"no-libano-terroristas-do-hezbollah-dizem-estar-plenamente-preparados-para-a-guerra","status":"publish","type":"post","link":"https:\/\/imais.online\/portal\/no-libano-terroristas-do-hezbollah-dizem-estar-plenamente-preparados-para-a-guerra\/","title":{"rendered":"No L\u00edbano, terroristas do Hezbollah dizem estar &#8216;plenamente preparados&#8217; para a guerra"},"content":{"rendered":"<div class=\"imais-before-content-placement\" id=\"imais-250983790\"><script async src=\"\/\/pagead2.googlesyndication.com\/pagead\/js\/adsbygoogle.js?client=ca-pub-8787528412751566\" crossorigin=\"anonymous\"><\/script><ins class=\"adsbygoogle\" style=\"display:block;\" data-ad-client=\"ca-pub-8787528412751566\" \ndata-ad-slot=\"\" \ndata-ad-format=\"auto\"><\/ins>\n<script> \n(adsbygoogle = window.adsbygoogle || []).push({}); \n<\/script>\n<\/div>\n<h2 class=\"wp-block-heading\">Ex\u00e9rcito de Israel tem reagido a a\u00e7\u00f5es do grupo na fronteira norte do pa\u00eds desde o in\u00edcio da semana<\/h2>\n\n\n\n<p>O vice-l\u00edder do grupo terrorista&nbsp;<a href=\"https:\/\/noticias.r7.com\/internacional\/israel-responde-a-lancamentos-de-misseis-e-atinge-alvos-do-hezbollah-no-libano-10102023\"><strong>Hezbollah<\/strong><\/a>, Naim Qassem, que atua no L\u00edbano, manifestou-se nesta sexta-feira (13) sobre a possibilidade de entrar na&nbsp;<a href=\"https:\/\/noticias.r7.com\/internacional\/guerra-israel-x-hamas\"><strong>guerra entre Israel e o Hamas<\/strong><\/a>, que est\u00e1 concentrada, principalmente, na Faixa de Gaza.&nbsp;<\/p>\n\n\n\n<p>&#8220;Seguimos os movimentos do inimigo e estamos plenamente preparados. Quando chegar a hora de qualquer a\u00e7\u00e3o, a executaremos&#8221;, disse aos apoiadores reunidos para um com\u00edcio no sub\u00farbio do sul de Beirute.<\/p>\n\n\n\n<p>O grupo j\u00e1 entrou em confronto com Israel na fronteira libanesa v\u00e1rias vezes na \u00faltima semana, nos conflitos mais mortais desde a guerra de um m\u00eas, em 2006.<\/p>\n\n\n\n<p>Os disparos de foguetes e bombardeios transfronteiri\u00e7os seguiram o ataque do grupo terrorista palestino Hamas contra cidades israelenses e o bombardeio retaliat\u00f3rio de Israel \u00e0 Faixa de Gaza.<\/p>\n\n\n\n<p>Mas fontes dizem que o Hezbollah planejou at\u00e9 agora suas a\u00e7\u00f5es de forma limitada, evitando um grande conflito no L\u00edbano, enquanto mant\u00e9m as For\u00e7as israelenses ocupadas.<\/p>\n\n\n\n<p>Fonte R7<\/p>\n","protected":false},"excerpt":{"rendered":"<p>Ex\u00e9rcito de Israel tem reagido a a\u00e7\u00f5es do grupo na fronteira norte do pa\u00eds desde o in\u00edcio da semana O vice-l\u00edder do grupo terrorista&nbsp;Hezbollah, Naim Qassem, que atua no L\u00edbano, manifestou-se nesta sexta-feira (13) sobre a possibilidade de entrar na&nbsp;guerra entre Israel e o Hamas, que est\u00e1 concentrada, principalmente, na Faixa de Gaza.&nbsp; &#8220;Seguimos os [&hellip;]<\/p>\n","protected":false},"author":8,"featured_media":19967,"comment_status":"closed","ping_status":"open","sticky":false,"template":"","format":"standard","meta":{"rop_custom_images_group":[],"rop_custom_messages_group":[],"rop_publish_now":"initial","rop_publish_now_accounts":[],"rop_publish_now_history":[],"rop_publish_now_status":"pending","footnotes":""},"categories":[212],"tags":[],"class_list":["post-19966","post","type-post","status-publish","format-standard","has-post-thumbnail","hentry","category-internacional"],"amp_enabled":true,"_links":{"self":[{"href":"https:\/\/imais.online\/portal\/wp-json\/wp\/v2\/posts\/19966","targetHints":{"allow":["GET"]}}],"collection":[{"href":"https:\/\/imais.online\/portal\/wp-json\/wp\/v2\/posts"}],"about":[{"href":"https:\/\/imais.online\/portal\/wp-json\/wp\/v2\/types\/post"}],"author":[{"embeddable":true,"href":"https:\/\/imais.online\/portal\/wp-json\/wp\/v2\/users\/8"}],"replies":[{"embeddable":true,"href":"https:\/\/imais.online\/portal\/wp-json\/wp\/v2\/comments?post=19966"}],"version-history":[{"count":1,"href":"https:\/\/imais.online\/portal\/wp-json\/wp\/v2\/posts\/19966\/revisions"}],"predecessor-version":[{"id":19968,"href":"https:\/\/imais.online\/portal\/wp-json\/wp\/v2\/posts\/19966\/revisions\/19968"}],"wp:featuredmedia":[{"embeddable":true,"href":"https:\/\/imais.online\/portal\/wp-json\/wp\/v2\/media\/19967"}],"wp:attachment":[{"href":"https:\/\/imais.online\/portal\/wp-json\/wp\/v2\/media?parent=19966"}],"wp:term":[{"taxonomy":"category","embeddable":true,"href":"https:\/\/imais.online\/portal\/wp-json\/wp\/v2\/categories?post=19966"},{"taxonomy":"post_tag","embeddable":true,"href":"https:\/\/imais.online\/portal\/wp-json\/wp\/v2\/tags?post=19966"}],"curies":[{"name":"wp","href":"https:\/\/api.w.org\/{rel}","templated":true}]}}