{"id":20031,"date":"2023-10-19T16:54:40","date_gmt":"2023-10-19T19:54:40","guid":{"rendered":"https:\/\/imais.online\/portal\/?p=20031"},"modified":"2023-10-19T16:54:41","modified_gmt":"2023-10-19T19:54:41","slug":"tumba-de-cerbero-de-2-mil-anos-e-encontrada-incrivelmente-preservada-por-arqueologos","status":"publish","type":"post","link":"https:\/\/imais.online\/portal\/tumba-de-cerbero-de-2-mil-anos-e-encontrada-incrivelmente-preservada-por-arqueologos\/","title":{"rendered":"&#8216;TUMBA DE C\u00c9RBERO&#8217;, DE 2 MIL ANOS, \u00c9 ENCONTRADA INCRIVELMENTE PRESERVADA POR ARQUE\u00d3LOGOS"},"content":{"rendered":"<div class=\"imais-before-content-placement\" id=\"imais-1636028400\"><script async src=\"\/\/pagead2.googlesyndication.com\/pagead\/js\/adsbygoogle.js?client=ca-pub-8787528412751566\" crossorigin=\"anonymous\"><\/script><ins class=\"adsbygoogle\" style=\"display:block;\" data-ad-client=\"ca-pub-8787528412751566\" \ndata-ad-slot=\"\" \ndata-ad-format=\"auto\"><\/ins>\n<script> \n(adsbygoogle = window.adsbygoogle || []).push({}); \n<\/script>\n<\/div>\n<p>A Superintend\u00eancia de Arqueologia, Belas Artes e Paisagem para a \u00c1rea Metropolitana de N\u00e1poles divulgou uma incr\u00edvel descoberta por meio de um comunicado. Enquanto eram realizadas obras no sistema de \u00e1gua e esgoto da cidade de Giugliano, na Camp\u00e2nia, It\u00e1lia, arque\u00f3logos encontraram uma tumba de cerca de 2,2 mil anos em \u00f3timo estado de conserva\u00e7\u00e3o.<\/p>\n\n\n\n<p>N\u00e3o se pode dizer que a descoberta foi inesperada, j\u00e1 que v\u00e1rios outros s\u00edtios arqueol\u00f3gicos da\u00a0<strong><a rel=\"noreferrer noopener\" href=\"https:\/\/www.megacurioso.com.br\/educacao\/126798-5-misterios-nao-desvendados-sobre-a-roma-antiga.htm\" target=\"_blank\"><strong>Roma Antiga<\/strong><\/a><\/strong>, com tumbas e sepulturas datadas entre 510 a.C. e 476 d.C., foram encontradas na regi\u00e3o. Desde ent\u00e3o, os arque\u00f3logos come\u00e7aram a fazer parte do programa de renova\u00e7\u00e3o do sistema de \u00e1gua do munic\u00edpio. Mas o que chama a aten\u00e7\u00e3o \u00e9 a idade da nova tumba descoberta e o grau de preserva\u00e7\u00e3o das pinturas, afrescos e mosaicos presentes nela.<\/p>\n\n\n\n<p><img decoding=\"async\" alt=\"Entrada da Tumba de C\u00e9rbero. (Fonte: Superintend\u00eancia de Arqueologia, Belas Artes e Paisagem para a \u00c1rea Metropolitana de N\u00e1poles\/Reprodu\u00e7\u00e3o)\" src=\"https:\/\/mega.ibxk.com.br\/2023\/10\/16\/16145648571250.jpg?ims=610x\">Entrada da Tumba de C\u00e9rbero. (Fonte: Superintend\u00eancia de Arqueologia, Belas Artes e Paisagem para a \u00c1rea Metropolitana de N\u00e1poles\/Reprodu\u00e7\u00e3o)<\/p>\n\n\n\n<h2 class=\"wp-block-heading\">A descoberta<\/h2>\n\n\n\n<p>Durante an\u00e1lise de rotina dos lugares por onde as obras passariam, arque\u00f3logos encontraram uma parede constru\u00edda com a antiga t\u00e9cnica romana \u201c<em>opus incertum<\/em>\u201d. Esta t\u00e9cnica foi desenvolvida ap\u00f3s a introdu\u00e7\u00e3o do concreto e consistia em preencher o miolo com diferentes pedras, formando uma parede sem um padr\u00e3o regular. A antiga estrutura chamou a aten\u00e7\u00e3o e os arque\u00f3logos retiraram as estruturas para encontrar a tumba.<\/p>\n\n\n\n<p>Segundo o Mariano Nuzzo, Superintendente de Arqueologia, Belas Artes e Paisagem para a \u00c1rea Metropolitana de N\u00e1poles, os afrescos e pinturas estavam extremamente n\u00edtidos e o gesso parecia rec\u00e9m-colocado. A descoberta foi classificada como indescrit\u00edvel e sem precedentes.<\/p>\n\n\n\n<h2 class=\"wp-block-heading\">Pain\u00e9is, pinturas e afrescos<\/h2>\n\n\n\n<p>Os afrescos da tumba retratam cenas mitol\u00f3gicas. A mais emblem\u00e1tica delas \u00e9 a de&nbsp;<strong><a href=\"https:\/\/www.megacurioso.com.br\/ciencia\/120866-templo-mitologico-de-hercules-pode-ter-sido-descoberto-na-espanha.htm\" rel=\"noreferrer noopener\" target=\"_blank\"><strong>H\u00e9rcules<\/strong><\/a><\/strong>&nbsp;em seu \u00faltimo trabalho, lutando contra C\u00e9rbero, o c\u00e3o de tr\u00eas cabe\u00e7as que guardava a entrada do mundo dos mortos na&nbsp;<strong><a href=\"https:\/\/www.megacurioso.com.br\/educacao\/110411-10-fatos-que-voce-ainda-nao-sabe-sobre-a-mitologia-grega.htm\" rel=\"noreferrer noopener\" target=\"_blank\"><strong>mitologia grega<\/strong><\/a><\/strong>. Ao lado da cena est\u00e1 o deus-mensageiro Hermes. Como ainda n\u00e3o foi poss\u00edvel identificar quem foi enterrado na tumba, ela ficou conhecida apenas como &#8220;Tumba de C\u00e9rbero&#8221;.&nbsp;<\/p>\n\n\n\n<p>Outra cena mitol\u00f3gica representada na tumba mostra dois ictiocentauros \u2014 centauros que s\u00e3o peixes na metade de baixo do corpo e com patas dianteiras de le\u00e3o ou cavalos. Os dois seres est\u00e3o segurando um cl\u00edpeo, um escudo usado por guerreiros gregos e posteriormente romanos. A imagem \u00e9 completa por dois erotes, figuras semelhantes a querubins que representam filhos alados de Afrodite, deusa da beleza.<\/p>\n\n\n\n<p><img decoding=\"async\" alt=\"Detalhe do mural com os Ictiocentauros. (Fonte: Superintend\u00eancia de Arqueologia, Belas Artes e Paisagem para a \u00c1rea Metropolitana de N\u00e1poles\/Reprodu\u00e7\u00e3o)\" src=\"https:\/\/mega.ibxk.com.br\/2023\/10\/16\/16145852998251.jpg?ims=610x\">Detalhe do mural com os Ictiocentauros. (Fonte: Superintend\u00eancia de Arqueologia, Belas Artes e Paisagem para a \u00c1rea Metropolitana de N\u00e1poles\/Reprodu\u00e7\u00e3o)<\/p>\n\n\n\n<p>O corpo enterrado ainda estava na cama funer\u00e1ria com v\u00e1rios objetos de valor. No t\u00famulo ainda foram encontrados outros objetos de grande import\u00e2ncia arqueol\u00f3gica, incluindo vasos ritual\u00edsticos. Segundo os arque\u00f3logos, os trabalhos para reunir mais informa\u00e7\u00f5es sobre o indiv\u00edduo enterrado e sobre a pr\u00f3pria tumba continuam.<\/p>\n\n\n\n<p>Mariano Nuzzo ainda afirmou no comunicado que depois de muitos anos esquecido no sentido de pesquisas, o territ\u00f3rio de Giugliano (nas proximidades de N\u00e1poles) voltar\u00e1 a seu passado glorioso e ser\u00e1 protegido como merece.<\/p>\n\n\n\n<p>Fonte Mega Curioso <\/p>\n","protected":false},"excerpt":{"rendered":"<p>A Superintend\u00eancia de Arqueologia, Belas Artes e Paisagem para a \u00c1rea Metropolitana de N\u00e1poles divulgou uma incr\u00edvel descoberta por meio de um comunicado. Enquanto eram realizadas obras no sistema de \u00e1gua e esgoto da cidade de Giugliano, na Camp\u00e2nia, It\u00e1lia, arque\u00f3logos encontraram uma tumba de cerca de 2,2 mil anos em \u00f3timo estado de conserva\u00e7\u00e3o. [&hellip;]<\/p>\n","protected":false},"author":8,"featured_media":20032,"comment_status":"closed","ping_status":"open","sticky":false,"template":"","format":"standard","meta":{"rop_custom_images_group":[],"rop_custom_messages_group":[],"rop_publish_now":"initial","rop_publish_now_accounts":[],"rop_publish_now_history":[],"rop_publish_now_status":"pending","footnotes":""},"categories":[212],"tags":[],"class_list":["post-20031","post","type-post","status-publish","format-standard","has-post-thumbnail","hentry","category-internacional"],"amp_enabled":true,"_links":{"self":[{"href":"https:\/\/imais.online\/portal\/wp-json\/wp\/v2\/posts\/20031","targetHints":{"allow":["GET"]}}],"collection":[{"href":"https:\/\/imais.online\/portal\/wp-json\/wp\/v2\/posts"}],"about":[{"href":"https:\/\/imais.online\/portal\/wp-json\/wp\/v2\/types\/post"}],"author":[{"embeddable":true,"href":"https:\/\/imais.online\/portal\/wp-json\/wp\/v2\/users\/8"}],"replies":[{"embeddable":true,"href":"https:\/\/imais.online\/portal\/wp-json\/wp\/v2\/comments?post=20031"}],"version-history":[{"count":1,"href":"https:\/\/imais.online\/portal\/wp-json\/wp\/v2\/posts\/20031\/revisions"}],"predecessor-version":[{"id":20033,"href":"https:\/\/imais.online\/portal\/wp-json\/wp\/v2\/posts\/20031\/revisions\/20033"}],"wp:featuredmedia":[{"embeddable":true,"href":"https:\/\/imais.online\/portal\/wp-json\/wp\/v2\/media\/20032"}],"wp:attachment":[{"href":"https:\/\/imais.online\/portal\/wp-json\/wp\/v2\/media?parent=20031"}],"wp:term":[{"taxonomy":"category","embeddable":true,"href":"https:\/\/imais.online\/portal\/wp-json\/wp\/v2\/categories?post=20031"},{"taxonomy":"post_tag","embeddable":true,"href":"https:\/\/imais.online\/portal\/wp-json\/wp\/v2\/tags?post=20031"}],"curies":[{"name":"wp","href":"https:\/\/api.w.org\/{rel}","templated":true}]}}