{"id":20034,"date":"2023-10-20T10:24:58","date_gmt":"2023-10-20T13:24:58","guid":{"rendered":"https:\/\/imais.online\/portal\/?p=20034"},"modified":"2023-10-20T10:24:59","modified_gmt":"2023-10-20T13:24:59","slug":"tendas-tanques-e-dedo-no-gatilho-300-mil-soldados-de-israel-esperam-sinal-para-invadir-gaza-por-terra","status":"publish","type":"post","link":"https:\/\/imais.online\/portal\/tendas-tanques-e-dedo-no-gatilho-300-mil-soldados-de-israel-esperam-sinal-para-invadir-gaza-por-terra\/","title":{"rendered":"Tendas, tanques e dedo no gatilho: 300 mil soldados de Israel esperam sinal para invadir Gaza por terra"},"content":{"rendered":"<div class=\"imais-before-content-placement\" id=\"imais-4209181914\"><script async src=\"\/\/pagead2.googlesyndication.com\/pagead\/js\/adsbygoogle.js?client=ca-pub-8787528412751566\" crossorigin=\"anonymous\"><\/script><ins class=\"adsbygoogle\" style=\"display:block;\" data-ad-client=\"ca-pub-8787528412751566\" \ndata-ad-slot=\"\" \ndata-ad-format=\"auto\"><\/ins>\n<script> \n(adsbygoogle = window.adsbygoogle || []).push({}); \n<\/script>\n<\/div>\n<h2 class=\"wp-block-heading\">Mesmo com ataques a\u00e9reos a terroristas do Hamas, tropas est\u00e3o na fronteira desde que primeiro-ministro declarou guerra<\/h2>\n\n\n\n<p>Os cerca de 300 mil soldados das\u00a0<strong><a href=\"https:\/\/noticias.r7.com\/internacional\/mensagem-de-texto-e-ligacao-saiba-como-reservistas-sao-convocados-em-israel-17102023\">For\u00e7as de Defesa de Israel<\/a><\/strong>\u00a0que est\u00e3o na fronteira com Gaza aguardam, h\u00e1 13 dias, um sinal verde dos comandantes para invadir o territ\u00f3rio inimigo e\u00a0<strong><a href=\"https:\/\/noticias.r7.com\/internacional\/exercito-coloca-minas-terrestres-em-pontos-da-fronteira-usados-pelo-hamas-para-invadir-israel-10102023\">destruir a estrutura do grupo terrorista Hamas<\/a><\/strong>.<\/p>\n\n\n\n<figure class=\"wp-block-image\"><img decoding=\"async\" src=\"https:\/\/img.r7.com\/images\/efe-tropas-de-israel-fronteira-com-gaza-invasao-gaza-resposta-hamas-1500-20102023064146269?dimensions=771x420&amp;no_crop=true\" alt=\"Os v\u00e1rios batalh\u00f5es precisam se distrair \u00e0 espera da ordem de ocupa\u00e7\u00e3o. Isso inclui a constru\u00e7\u00e3o de barracas e tendas, prepara\u00e7\u00e3o dos tanques e ve\u00edculos de ataque e muita conversa para o tempo passar\" title=\"Os v\u00e1rios batalh\u00f5es precisam se distrair \u00e0 espera da ordem de ocupa\u00e7\u00e3o. Isso inclui a constru\u00e7\u00e3o de barracas e tendas, prepara\u00e7\u00e3o dos tanques e ve\u00edculos de ataque e muita conversa para o tempo passar\"\/><\/figure>\n\n\n\n<p>Os\u00a0<strong><a href=\"https:\/\/noticias.r7.com\/internacional\/fotos\/brinquedos-tiros-fogo-e-sangue-veja-casa-em-israel-por-dentro-apos-massacre-dos-terroristas-do-hamas-19102023?lista_especial=Guerra-Israel-x-Hamas\">v\u00e1rios batalh\u00f5es<\/a><\/strong>\u00a0precisam se distrair \u00e0 espera da\u00a0<strong><a href=\"http:\/\/noticias.r7.com\/internacional\/tropas-americanas-sao-atacadas-em-duas-bases-no-iraque-20102023?lista_especial=Guerra-Israel-x-Hamas\">ordem de ocupa\u00e7\u00e3o<\/a><\/strong>. Isso inclui a constru\u00e7\u00e3o de barracas e tendas, prepara\u00e7\u00e3o dos tanques e ve\u00edculos de ataque e muita conversa para o tempo passar. HANNIBAL HANSCHKE\/EFE\/EPA &#8211; 18.10.2023<\/p>\n\n\n\n<ul class=\"wp-block-list\">\n<li><img decoding=\"async\" src=\"https:\/\/img.r7.com\/images\/efe-tropas-de-israel-fronteira-com-gaza-invasao-gaza-resposta-hamas-1500-20102023064148513?dimensions=771x420&amp;no_crop=true\" alt=\"Al\u00e9m dos 169,5 mil militares sob contrato, mais de 360 mil civis israelenses foram convocados como reservistas ap\u00f3s o in\u00edcio do conflito. Enquanto n\u00e3o entram por terra em Gaza, as For\u00e7as Armadas de Israel fazem bombardeios em Gaza em resposta aos ataques dos terroristas do Hamas\"><ul><li><a><\/a><\/li><li><a><\/a><\/li><li><a><\/a><\/li><li><a><\/a><\/li><li><a><\/a><\/li><li><\/li><\/ul>Al\u00e9m dos 169,5 mil militares sob contrato, mais de 360 mil civis israelenses foram convocados como reservistas ap\u00f3s o in\u00edcio do conflito. Enquanto n\u00e3o entram por terra em Gaza, as For\u00e7as Armadas de Israel fazem bombardeios em Gaza em resposta aos ataques dos terroristas do HamasHANNIBAL HANSCHKE\/EFE\/EPA &#8211; 20.10.2023<\/li>\n\n\n\n<li><img decoding=\"async\" src=\"https:\/\/img.r7.com\/images\/efe-tropas-de-israel-fronteira-com-gaza-invasao-gaza-resposta-hamas-1500-20102023064149452?dimensions=771x420&amp;no_crop=true\" alt=\"A ordem para os soldados israelenses se movimentarem para o sul e ficarem na fronteira com Gaza veio junto com a declara\u00e7\u00e3o de guerra de Benjamin Netanyahu, primeiro-ministro de Israel, em 7 de outubro, dia do ataque terrorista do Hamas contra civis\">A ordem para os soldados israelenses se movimentarem para o sul e ficarem na fronteira com Gaza veio junto com a\u00a0<strong><a href=\"https:\/\/noticias.r7.com\/internacional\/estamos-em-guerra-e-vamos-vencer-diz-primeiro-ministro-de-israel-07102023\">declara\u00e7\u00e3o de guerra de Benjamin Netanyahu<\/a><\/strong>, primeiro-ministro de Israel, em 7 de outubro, dia do ataque terrorista do Hamas contra civisHANNIBAL HANSCHKE\/EFE\/EPA &#8211; 20.10.2023<\/li>\n<\/ul>\n\n\n\n<figure class=\"wp-block-image\"><img decoding=\"async\" src=\"https:\/\/img.r7.com\/images\/efe-tropas-de-israel-fronteira-com-gaza-invasao-gaza-resposta-hamas-1500-20102023064148208?dimensions=771x420&amp;no_crop=true\" alt=\"Os israelenses que completaram o servi\u00e7o militar, a maioria da popula\u00e7\u00e3o adulta do pa\u00eds, ficam obrigatoriamente na reserva at\u00e9 os 40 anos\" title=\"Os israelenses que completaram o servi\u00e7o militar, a maioria da popula\u00e7\u00e3o adulta do pa\u00eds, ficam obrigatoriamente na reserva at\u00e9 os 40 anos\"\/><\/figure>\n\n\n\n<p>Os israelenses que completaram o servi\u00e7o militar, a maioria da popula\u00e7\u00e3o adulta do pa\u00eds, ficam obrigatoriamente na reserva at\u00e9 os 40 anos.  HANNIBAL HANSCHKE\/EFE\/EPA &#8211; 18.10.2023<\/p>\n\n\n\n<ul class=\"wp-block-list\">\n<li><img decoding=\"async\" src=\"https:\/\/img.r7.com\/images\/efe-tropas-de-israel-fronteira-com-gaza-invasao-gaza-resposta-hamas-1500-20102023064149153?dimensions=771x420&amp;no_crop=true\" alt=\"Israel possui um sistema de reserva ativa para combatentes e unidades especiais, que treinam durante um m\u00eas por ano. As mulheres, cujo n\u00famero \u00e9 limitado nas unidades de combate, est\u00e3o isentas desses exerc\u00edcios ap\u00f3s o nascimento do primeiro filho\"><ul><li><a><\/a><\/li><li><a><\/a><\/li><li><a><\/a><\/li><li><a><\/a><\/li><li><a><\/a><\/li><li><\/li><\/ul>Israel possui um sistema de reserva ativa para combatentes e unidades especiais, que treinam durante um m\u00eas por ano. As mulheres, cujo n\u00famero \u00e9 limitado nas unidades de combate, est\u00e3o isentas desses exerc\u00edcios ap\u00f3s o nascimento do primeiro filhoHANNIBAL HANSCHKE\/EFE\/EPA &#8211; 20.10.2023<\/li>\n\n\n\n<li><img decoding=\"async\" src=\"https:\/\/img.r7.com\/images\/efe-tropas-de-israel-fronteira-com-gaza-invasao-gaza-resposta-hamas-1500-20102023064147893?dimensions=771x420&amp;no_crop=true\" alt=\"Muitos dos reservistas deixaram a vida civil e ingressaram na militar por meio de liga\u00e7\u00e3o ou mensagem via SMS. Eles tiveram cerca de oito horas para se deslocarem at\u00e9 sua base depois da atua\u00e7\u00e3o dos terroristas do Hamas\"><ul><li><a><\/a><\/li><li><a><\/a><\/li><li><a><\/a><\/li><li><a><\/a><\/li><li><a><\/a><\/li><li><\/li><\/ul>Muitos dos reservistas deixaram a vida civil e ingressaram na militar por meio de liga\u00e7\u00e3o ou mensagem via SMS. Eles tiveram cerca de oito horas para se deslocarem at\u00e9 sua base depois da atua\u00e7\u00e3o dos terroristas do Hamas<br>HANNIBAL HANSCHKE\/EFE\/EPA &#8211; 20.10.2023<\/li>\n\n\n\n<li><img decoding=\"async\" src=\"https:\/\/img.r7.com\/images\/efe-tropas-de-israel-fronteira-com-gaza-invasao-gaza-resposta-hamas-1500-20102023064147503?dimensions=771x420&amp;no_crop=true\" alt=\"At\u00e9 agora, mais de 3.700 palestinos e 1.400 israelenses morreram no conflito\"><ul><li><a><\/a><\/li><li><a><\/a><\/li><li><a><\/a><\/li><li><a><\/a><\/li><li><a><\/a><\/li><li><\/li><\/ul>At\u00e9 agora, mais de 3.700 palestinos e 1.400 israelenses morreram no conflitoHANNIBAL HANSCHKE\/EFE\/EPA &#8211; 20.10.2023<\/li>\n\n\n\n<li><img decoding=\"async\" src=\"https:\/\/img.r7.com\/images\/efe-tropas-de-israel-fronteira-com-gaza-invasao-gaza-resposta-hamas-1500-20102023064147205?dimensions=771x420&amp;no_crop=true\" alt=\"A maioria das tropas est\u00e1 na fronteira norte de Gaza, regi\u00e3o que recebeu a recomenda\u00e7\u00e3o de evacua\u00e7\u00e3o pelas autoridades israelenses\"><ul><li><a><\/a><\/li><li><a><\/a><\/li><li><a><\/a><\/li><li><a><\/a><\/li><li><a><\/a><\/li><li><\/li><\/ul>A maioria das tropas est\u00e1 na fronteira norte de Gaza, regi\u00e3o que recebeu a recomenda\u00e7\u00e3o de evacua\u00e7\u00e3o pelas autoridades israelensesHANNIBAL HANSCHKE\/EFE\/EPA &#8211; 20.10.2023<\/li>\n\n\n\n<li><img decoding=\"async\" src=\"https:\/\/img.r7.com\/images\/efe-tropas-de-israel-fronteira-com-gaza-invasao-gaza-resposta-hamas-1500-20102023064146894?dimensions=771x420&amp;no_crop=true\" alt=\"Enquanto isso, o porta-voz do Ex\u00e9rcito de Israel, coronel Richard Hecht, afirmou que a entrada de ajuda humanit\u00e1ria em Gaza est\u00e1 prestes a ser determinada\">Enquanto isso, o porta-voz do Ex\u00e9rcito de Israel, coronel Richard Hecht, afirmou que a entrada de ajuda humanit\u00e1ria em Gaza est\u00e1 prestes a ser determinada<br>HANNIBAL HANSCHKE\/EFE\/EPA &#8211; 20.10.2023<\/li>\n<\/ul>\n\n\n\n<p>Fonte R7 <\/p>\n","protected":false},"excerpt":{"rendered":"<p>Mesmo com ataques a\u00e9reos a terroristas do Hamas, tropas est\u00e3o na fronteira desde que primeiro-ministro declarou guerra Os cerca de 300 mil soldados das\u00a0For\u00e7as de Defesa de Israel\u00a0que est\u00e3o na fronteira com Gaza aguardam, h\u00e1 13 dias, um sinal verde dos comandantes para invadir o territ\u00f3rio inimigo e\u00a0destruir a estrutura do grupo terrorista Hamas. Os\u00a0v\u00e1rios [&hellip;]<\/p>\n","protected":false},"author":8,"featured_media":20035,"comment_status":"closed","ping_status":"open","sticky":false,"template":"","format":"standard","meta":{"rop_custom_images_group":[],"rop_custom_messages_group":[],"rop_publish_now":"initial","rop_publish_now_accounts":[],"rop_publish_now_history":[],"rop_publish_now_status":"pending","footnotes":""},"categories":[212],"tags":[73],"class_list":["post-20034","post","type-post","status-publish","format-standard","has-post-thumbnail","hentry","category-internacional","tag-featured"],"amp_enabled":true,"_links":{"self":[{"href":"https:\/\/imais.online\/portal\/wp-json\/wp\/v2\/posts\/20034","targetHints":{"allow":["GET"]}}],"collection":[{"href":"https:\/\/imais.online\/portal\/wp-json\/wp\/v2\/posts"}],"about":[{"href":"https:\/\/imais.online\/portal\/wp-json\/wp\/v2\/types\/post"}],"author":[{"embeddable":true,"href":"https:\/\/imais.online\/portal\/wp-json\/wp\/v2\/users\/8"}],"replies":[{"embeddable":true,"href":"https:\/\/imais.online\/portal\/wp-json\/wp\/v2\/comments?post=20034"}],"version-history":[{"count":1,"href":"https:\/\/imais.online\/portal\/wp-json\/wp\/v2\/posts\/20034\/revisions"}],"predecessor-version":[{"id":20036,"href":"https:\/\/imais.online\/portal\/wp-json\/wp\/v2\/posts\/20034\/revisions\/20036"}],"wp:featuredmedia":[{"embeddable":true,"href":"https:\/\/imais.online\/portal\/wp-json\/wp\/v2\/media\/20035"}],"wp:attachment":[{"href":"https:\/\/imais.online\/portal\/wp-json\/wp\/v2\/media?parent=20034"}],"wp:term":[{"taxonomy":"category","embeddable":true,"href":"https:\/\/imais.online\/portal\/wp-json\/wp\/v2\/categories?post=20034"},{"taxonomy":"post_tag","embeddable":true,"href":"https:\/\/imais.online\/portal\/wp-json\/wp\/v2\/tags?post=20034"}],"curies":[{"name":"wp","href":"https:\/\/api.w.org\/{rel}","templated":true}]}}