{"id":20066,"date":"2023-10-24T12:01:19","date_gmt":"2023-10-24T15:01:19","guid":{"rendered":"https:\/\/imais.online\/portal\/?p=20066"},"modified":"2023-10-24T12:01:20","modified_gmt":"2023-10-24T15:01:20","slug":"numero-de-mortos-na-guerra-entre-israel-e-terroristas-do-hamas-aumenta-e-supera-7-000","status":"publish","type":"post","link":"https:\/\/imais.online\/portal\/numero-de-mortos-na-guerra-entre-israel-e-terroristas-do-hamas-aumenta-e-supera-7-000\/","title":{"rendered":"N\u00famero de mortos na guerra entre Israel e terroristas do Hamas aumenta e supera 7.000"},"content":{"rendered":"<div class=\"imais-before-content-placement\" id=\"imais-1247750666\"><script async src=\"\/\/pagead2.googlesyndication.com\/pagead\/js\/adsbygoogle.js?client=ca-pub-8787528412751566\" crossorigin=\"anonymous\"><\/script><ins class=\"adsbygoogle\" style=\"display:block;\" data-ad-client=\"ca-pub-8787528412751566\" \ndata-ad-slot=\"\" \ndata-ad-format=\"auto\"><\/ins>\n<script> \n(adsbygoogle = window.adsbygoogle || []).push({}); \n<\/script>\n<\/div>\n<h2 class=\"wp-block-heading\">Segundo fontes oficiais, ao menos 5.791 pessoas perderam a vida em Gaza, enquanto 1.400 morreram no territ\u00f3rio israelense<\/h2>\n\n\n\n<p>O n\u00famero de mortos na&nbsp;<a href=\"https:\/\/noticias.r7.com\/internacional\/refem-libertada-pelo-hamas-conta-o-que-passou-no-cativeiro-24102023\"><strong>guerra entre Israel e os terroristas do Hamas<\/strong><\/a>&nbsp;atingiu a marca de 7.191 na manh\u00e3 desta ter\u00e7a-feira (24), segundo a soma dos dados do Minist\u00e9rio da Sa\u00fade da Faixa de Gaza, comandado pelos extremistas, e o governo israelense.<\/p>\n\n\n\n<p>Depois da invas\u00e3o feita pelos terroristas em 7 de outubro, ao menos 1.400 pessoas perderam a vida em territ\u00f3rio israelense.\u00a0<\/p>\n\n\n\n<p>Por outro lado, 5.791 pessoas morreram na Faixa de Gaza nos bombardeios de Israel em resposta ao ataque terrorista, segundo o Minist\u00e9rio da Sa\u00fade do enclave palestino governado pelo Hamas.<\/p>\n\n\n\n<p>O n\u00famero de mortos inclui 2.360 crian\u00e7as, e os bombardeios tamb\u00e9m deixaram 16.297 pessoas feridas, acrescentou a pasta.<\/p>\n\n\n\n<p>Fonte R7<\/p>\n","protected":false},"excerpt":{"rendered":"<p>Segundo fontes oficiais, ao menos 5.791 pessoas perderam a vida em Gaza, enquanto 1.400 morreram no territ\u00f3rio israelense O n\u00famero de mortos na&nbsp;guerra entre Israel e os terroristas do Hamas&nbsp;atingiu a marca de 7.191 na manh\u00e3 desta ter\u00e7a-feira (24), segundo a soma dos dados do Minist\u00e9rio da Sa\u00fade da Faixa de Gaza, comandado pelos extremistas, [&hellip;]<\/p>\n","protected":false},"author":8,"featured_media":20067,"comment_status":"closed","ping_status":"open","sticky":false,"template":"","format":"standard","meta":{"rop_custom_images_group":[],"rop_custom_messages_group":[],"rop_publish_now":"initial","rop_publish_now_accounts":[],"rop_publish_now_history":[],"rop_publish_now_status":"pending","footnotes":""},"categories":[212],"tags":[73],"class_list":["post-20066","post","type-post","status-publish","format-standard","has-post-thumbnail","hentry","category-internacional","tag-featured"],"amp_enabled":true,"_links":{"self":[{"href":"https:\/\/imais.online\/portal\/wp-json\/wp\/v2\/posts\/20066","targetHints":{"allow":["GET"]}}],"collection":[{"href":"https:\/\/imais.online\/portal\/wp-json\/wp\/v2\/posts"}],"about":[{"href":"https:\/\/imais.online\/portal\/wp-json\/wp\/v2\/types\/post"}],"author":[{"embeddable":true,"href":"https:\/\/imais.online\/portal\/wp-json\/wp\/v2\/users\/8"}],"replies":[{"embeddable":true,"href":"https:\/\/imais.online\/portal\/wp-json\/wp\/v2\/comments?post=20066"}],"version-history":[{"count":1,"href":"https:\/\/imais.online\/portal\/wp-json\/wp\/v2\/posts\/20066\/revisions"}],"predecessor-version":[{"id":20068,"href":"https:\/\/imais.online\/portal\/wp-json\/wp\/v2\/posts\/20066\/revisions\/20068"}],"wp:featuredmedia":[{"embeddable":true,"href":"https:\/\/imais.online\/portal\/wp-json\/wp\/v2\/media\/20067"}],"wp:attachment":[{"href":"https:\/\/imais.online\/portal\/wp-json\/wp\/v2\/media?parent=20066"}],"wp:term":[{"taxonomy":"category","embeddable":true,"href":"https:\/\/imais.online\/portal\/wp-json\/wp\/v2\/categories?post=20066"},{"taxonomy":"post_tag","embeddable":true,"href":"https:\/\/imais.online\/portal\/wp-json\/wp\/v2\/tags?post=20066"}],"curies":[{"name":"wp","href":"https:\/\/api.w.org\/{rel}","templated":true}]}}