{"id":20106,"date":"2023-10-26T09:59:34","date_gmt":"2023-10-26T12:59:34","guid":{"rendered":"https:\/\/imais.online\/portal\/?p=20106"},"modified":"2023-10-26T09:59:35","modified_gmt":"2023-10-26T12:59:35","slug":"furacao-com-ventos-de-315-km-h-devasta-e-isola-acapulco-do-resto-do-mexico-presidente-visita-a-regiao","status":"publish","type":"post","link":"https:\/\/imais.online\/portal\/furacao-com-ventos-de-315-km-h-devasta-e-isola-acapulco-do-resto-do-mexico-presidente-visita-a-regiao\/","title":{"rendered":"Furac\u00e3o com ventos de 315 km\/h devasta e isola Acapulco do resto do M\u00e9xico; presidente visita a regi\u00e3o"},"content":{"rendered":"<div class=\"imais-before-content-placement\" id=\"imais-746531311\"><script async src=\"\/\/pagead2.googlesyndication.com\/pagead\/js\/adsbygoogle.js?client=ca-pub-8787528412751566\" crossorigin=\"anonymous\"><\/script><ins class=\"adsbygoogle\" style=\"display:block;\" data-ad-client=\"ca-pub-8787528412751566\" \ndata-ad-slot=\"\" \ndata-ad-format=\"auto\"><\/ins>\n<script> \n(adsbygoogle = window.adsbygoogle || []).push({}); \n<\/script>\n<\/div>\n<h2 class=\"wp-block-heading\">Famoso balne\u00e1rio tur\u00edstico mexicano n\u00e3o tem energia, internet nem \u00e1gua; lojas sofrem dezenas de saques<\/h2>\n\n\n\n<p>O balne\u00e1rio de Acapulco ficou isolado do restante do M\u00e9xico nesta quarta-feira (25), ap\u00f3s a passagem do furac\u00e3o Otis, que causou destrui\u00e7\u00e3o em hot\u00e9is, centros comerciais e vias p\u00fablicas. &#8220;N\u00e3o h\u00e1 voos. N\u00e3o h\u00e1 \u00f4nibus entre a Cidade do M\u00e9xico e Acapulco&#8221;, relatou um fot\u00f3grafo da AFP horas depois de o furac\u00e3o ter tocado a terra com ventos de at\u00e9 315 km\/h, segundo o governo mexicano. &#8220;N\u00e3o h\u00e1 sinal de internet nem energia el\u00e9trica em Acapulco&#8221;, acrescentou o jornalista, que saiu da cidade para transmitir suas fotos<\/p>\n\n\n\n<ul class=\"wp-block-list\">\n<li><img decoding=\"async\" src=\"https:\/\/img.r7.com\/images\/furacao-acapulco-mexico4jpg-26102023061443376?dimensions=771x420&amp;no_crop=true\" alt=\"O furac\u00e3o impactou principalmente os visitantes do balne\u00e1rio, localizado na costa mexicana do Pac\u00edfico, com uma ocupa\u00e7\u00e3o hoteleira de 50%. \u201cHavia uma conven\u00e7\u00e3o sobre minera\u00e7\u00e3o. Ficaram bloqueados\">                <a rel=\"noreferrer noopener\" href=\"https:\/\/www.seedtag.com\/?utm_source=seedtag_publisher&amp;utm_medium=seedtag_tag&amp;utm_campaign=tag\" target=\"_blank\"><\/a>O furac\u00e3o impactou principalmente os visitantes do balne\u00e1rio, localizado na costa mexicana do Pac\u00edfico, com uma ocupa\u00e7\u00e3o hoteleira de 50%. \u201cHavia uma conven\u00e7\u00e3o sobre minera\u00e7\u00e3o. Ficaram bloqueados&#8221;, informou o correspondente da AFP.\u00a0&#8220;N\u00e3o nos deixam sair, estamos incomunic\u00e1veis. Tomara que algu\u00e9m da minha fam\u00edlia me veja, para que saibam que estou bem&#8221;, disse \u00e0 emissora Televisa a turista mexicana Nely PalaciosRODRIGO OROPEZA\/AFP &#8211; 25.10.2023<\/li>\n\n\n\n<li><img decoding=\"async\" src=\"https:\/\/img.r7.com\/images\/furacao-acapulco-mexico3jpg-26102023061442912?dimensions=771x420&amp;no_crop=true\" alt=\"As primeiras imagens mostravam hot\u00e9is de luxo e centros comerciais reduzidos \u00e0s suas estruturas de concreto, e cenas de saques come\u00e7avam a se multiplicar. \"><\/li>\n\n\n\n<li>As primeiras imagens mostravam hot\u00e9is de luxo e centros comerciais reduzidos \u00e0s suas estruturas de concreto, e cenas de saques come\u00e7avam a se multiplicar. &#8220;Os danos materiais s\u00e3o devastadores. N\u00e3o temos \u00e1gua nem luz, mas estamos s\u00e3os e salvos&#8221;, disse Citlali Portillo, administradora de uma resid\u00eancia para turistas, \u00e0 Televisa. &#8220;O edif\u00edcio se movia como se fosse um terremoto, e se moveu assim durante duas horas!&#8221;, acrescentou a mulher, que precisou se refugiar dentro de uma banheira durante a passagem do furac\u00e3o. &#8220;Assim nos salvamos&#8221;, acrescentou                             furac\u00e3o-acapulco-m\u00e9xico.jpg<\/li>\n\n\n\n<li><img decoding=\"async\" src=\"https:\/\/img.r7.com\/images\/furacao-acapulco-mexico1jpg-26102023061442704?dimensions=771x420&amp;no_crop=true\" alt=\"Otis tocou a terra ap\u00f3s a meia-noite, hor\u00e1rio local, como furac\u00e3o de categoria 5, a m\u00e1xima na escala de ventos Saffir-Simpson. N\u00e3o foram reportadas v\u00edtimas. Em quest\u00e3o de horas, Otis se transformou em um furac\u00e3o de grande categoria e \"><ul><li><a><\/a><\/li><li><a><\/a><\/li><li><a><\/a><\/li><li><a><\/a><\/li><li><a><\/a><\/li><li><\/li><\/ul>Otis tocou a terra ap\u00f3s a meia-noite, hor\u00e1rio local, como furac\u00e3o de categoria 5, a m\u00e1xima na escala de ventos Saffir-Simpson. N\u00e3o foram reportadas v\u00edtimas. Em quest\u00e3o de horas, Otis se transformou em um furac\u00e3o de grande categoria e &#8220;potencialmente catastr\u00f3fico&#8221;, segundo autoridades meteorol\u00f3gicas, surpreendendo o governo e o presidente, Andr\u00e9s Manuel L\u00f3pez Obrador<br>RODRIGO OROPEZA\/AFP &#8211; 25.10.2023<\/li>\n<\/ul>\n\n\n\n<p>O presidente seguiu para o local por via terrestre na tarde desta quarta-feira. A viagem sofreu atrasos devido aos deslizamentos de terra e danos em v\u00e1rias estradas, mas ele chegou a Acapulco antes do anoitecer, informou o governo do estado de Guerrero. A interrup\u00e7\u00e3o das telecomunica\u00e7\u00f5es dificultava o trabalho dos jornalistas, com poucos meios de alcance nacional com capacidade de transmitir informa\u00e7\u00f5es a partir da \u00e1rea do desastre<\/p>\n\n\n\n<ul class=\"wp-block-list\">\n<li><img decoding=\"async\" src=\"https:\/\/img.r7.com\/images\/furacao-acapulco-mexico6jpg-26102023061442303?dimensions=771x420&amp;no_crop=true\" alt=\"Otis tocou a terra como furac\u00e3o de categoria 5, a mais destrutiva na escala de intensidade Saffir-Simpson, deixando o balne\u00e1rio isolado. O aeroporto de Acapulco ficou inundado e com sinais de destrui\u00e7\u00e3o no telhado e nas janelas, segundo imagens de TV\">               Otis tocou a terra como furac\u00e3o de categoria 5, a mais destrutiva na escala de intensidade Saffir-Simpson, deixando o balne\u00e1rio isolado. O aeroporto de Acapulco ficou inundado e com sinais de destrui\u00e7\u00e3o no telhado e nas janelas, segundo imagens de TVRODRIGO OROPEZA\/AFP &#8211; 25.10.2023<\/li>\n\n\n\n<li><img decoding=\"async\" src=\"https:\/\/img.r7.com\/images\/furacao-acapulco-mexico7jpg-26102023061441873?dimensions=771x420&amp;no_crop=true\" alt=\"Centenas de turistas caminhavam com o que conseguiram salvar de seus pertences pela avenida Miguel Alem\u00e1n, a principal da cidade, de acordo com essas mesmas imagens. Na foto, todo de azul, est\u00e1&nbsp;Andr\u00e9s Manuel L\u00f3pez Obrador, presidente do M\u00e9xico\"><ul><li><a><\/a><\/li><li><a><\/a><\/li><li><a><\/a><\/li><li><a><\/a><\/li><li><a><\/a><\/li><li><\/li><\/ul>Centenas de turistas caminhavam com o que conseguiram salvar de seus pertences pela avenida Miguel Alem\u00e1n, a principal da cidade, de acordo com essas mesmas imagens. Na foto, todo de azul, est\u00e1&nbsp;Andr\u00e9s Manuel L\u00f3pez Obrador, presidente do M\u00e9xicoRODRIGO OROPEZA\/AFP &#8211; 25.10.2023<\/li>\n\n\n\n<li><img decoding=\"async\" src=\"https:\/\/img.r7.com\/images\/furacao-acapulco-mexico2jpg-26102023061441608?dimensions=771x420&amp;no_crop=true\" alt=\"Ap\u00f3s passar por Acapulco, o furac\u00e3o se desintegrou no territ\u00f3rio montanhoso do sudoeste mexicano. Acima, o presidente Manuel Obrador caminha com moradores da regi\u00e3o\">                                                                                       Ap\u00f3s passar por Acapulco, o furac\u00e3o se desintegrou no territ\u00f3rio montanhoso do sudoeste mexicano. Acima, o presidente Manuel Obrador caminha com moradores da regi\u00e3o                    furac\u00e3o-acapulco-m\u00e9xico.jpg<\/li>\n<\/ul>\n\n\n\n<p>Fonte R7 <\/p>\n","protected":false},"excerpt":{"rendered":"<p>Famoso balne\u00e1rio tur\u00edstico mexicano n\u00e3o tem energia, internet nem \u00e1gua; lojas sofrem dezenas de saques O balne\u00e1rio de Acapulco ficou isolado do restante do M\u00e9xico nesta quarta-feira (25), ap\u00f3s a passagem do furac\u00e3o Otis, que causou destrui\u00e7\u00e3o em hot\u00e9is, centros comerciais e vias p\u00fablicas. &#8220;N\u00e3o h\u00e1 voos. N\u00e3o h\u00e1 \u00f4nibus entre a Cidade do M\u00e9xico [&hellip;]<\/p>\n","protected":false},"author":8,"featured_media":20107,"comment_status":"closed","ping_status":"open","sticky":false,"template":"","format":"standard","meta":{"rop_custom_images_group":[],"rop_custom_messages_group":[],"rop_publish_now":"initial","rop_publish_now_accounts":[],"rop_publish_now_history":[],"rop_publish_now_status":"pending","footnotes":""},"categories":[212],"tags":[],"class_list":["post-20106","post","type-post","status-publish","format-standard","has-post-thumbnail","hentry","category-internacional"],"amp_enabled":true,"_links":{"self":[{"href":"https:\/\/imais.online\/portal\/wp-json\/wp\/v2\/posts\/20106","targetHints":{"allow":["GET"]}}],"collection":[{"href":"https:\/\/imais.online\/portal\/wp-json\/wp\/v2\/posts"}],"about":[{"href":"https:\/\/imais.online\/portal\/wp-json\/wp\/v2\/types\/post"}],"author":[{"embeddable":true,"href":"https:\/\/imais.online\/portal\/wp-json\/wp\/v2\/users\/8"}],"replies":[{"embeddable":true,"href":"https:\/\/imais.online\/portal\/wp-json\/wp\/v2\/comments?post=20106"}],"version-history":[{"count":1,"href":"https:\/\/imais.online\/portal\/wp-json\/wp\/v2\/posts\/20106\/revisions"}],"predecessor-version":[{"id":20108,"href":"https:\/\/imais.online\/portal\/wp-json\/wp\/v2\/posts\/20106\/revisions\/20108"}],"wp:featuredmedia":[{"embeddable":true,"href":"https:\/\/imais.online\/portal\/wp-json\/wp\/v2\/media\/20107"}],"wp:attachment":[{"href":"https:\/\/imais.online\/portal\/wp-json\/wp\/v2\/media?parent=20106"}],"wp:term":[{"taxonomy":"category","embeddable":true,"href":"https:\/\/imais.online\/portal\/wp-json\/wp\/v2\/categories?post=20106"},{"taxonomy":"post_tag","embeddable":true,"href":"https:\/\/imais.online\/portal\/wp-json\/wp\/v2\/tags?post=20106"}],"curies":[{"name":"wp","href":"https:\/\/api.w.org\/{rel}","templated":true}]}}