{"id":20109,"date":"2023-10-26T10:48:19","date_gmt":"2023-10-26T13:48:19","guid":{"rendered":"https:\/\/imais.online\/portal\/?p=20109"},"modified":"2023-10-26T10:48:19","modified_gmt":"2023-10-26T13:48:19","slug":"saiba-como-controlar-o-estresse-em-momentos-de-incerteza-no-trabalho","status":"publish","type":"post","link":"https:\/\/imais.online\/portal\/saiba-como-controlar-o-estresse-em-momentos-de-incerteza-no-trabalho\/","title":{"rendered":"Saiba como controlar o estresse em momentos de incerteza no trabalho"},"content":{"rendered":"<div class=\"imais-before-content-placement\" id=\"imais-3438899749\"><script async src=\"\/\/pagead2.googlesyndication.com\/pagead\/js\/adsbygoogle.js?client=ca-pub-8787528412751566\" crossorigin=\"anonymous\"><\/script><ins class=\"adsbygoogle\" style=\"display:block;\" data-ad-client=\"ca-pub-8787528412751566\" \ndata-ad-slot=\"\" \ndata-ad-format=\"auto\"><\/ins>\n<script> \n(adsbygoogle = window.adsbygoogle || []).push({}); \n<\/script>\n<\/div>\n<h2 class=\"wp-block-heading\">Descubra como gerenciar o estresse em ambientes de trabalho incertos, adotando estrat\u00e9gias para manter a sa\u00fade mental e o desempenho profissional<\/h2>\n\n\n\n<p>Vivemos em uma era de mudan\u00e7as constantes, o que frequentemente resulta em incertezas, especialmente no&nbsp;<a href=\"https:\/\/noticias.r7.com\/prisma\/empreendendo-direito\/saude-mental-e-ambiente-de-trabalho-19072023\">ambiente de trabalho<\/a>. O estresse pode surgir como uma rea\u00e7\u00e3o a essa incerteza. Aprender a lidar com o estresse em situa\u00e7\u00f5es incertas \u00e9 fundamental para manter a sa\u00fade mental e o desempenho profissional.<\/p>\n\n\n\n<p>Nossa busca por controle colide com a realidade de que o futuro \u00e9 incerto. A ansiedade, uma resposta natural \u00e0 incerteza, pode ser intensificada pelo desejo de controlar todos os aspectos da vida. Aguardar por certezas pode ser desafiador, mas a incerteza \u00e9 uma parte inerente da exist\u00eancia.<\/p>\n\n\n\n<p><strong>O Papel da Aceita\u00e7\u00e3o<\/strong><br>Aceitar a incerteza como parte da vida \u00e9 um passo importante para minimizar a ansiedade e o estresse. Em vez de focar no que \u00e9 desconhecido, direcione sua aten\u00e7\u00e3o para o que est\u00e1 sob seu controle. A comunica\u00e7\u00e3o aberta, especialmente no local de trabalho, pode criar um ambiente transparente e reduzir a sensa\u00e7\u00e3o de isolamento.<\/p>\n\n\n\n<p><strong>Gerenciamento de estresse<\/strong><br>Pr\u00e1ticas como medita\u00e7\u00e3o, respira\u00e7\u00e3o profunda e relaxamento podem ser extremamente ben\u00e9ficas para acalmar a mente e o corpo em momentos de incerteza. A atividade f\u00edsica regular tamb\u00e9m libera endorfinas, subst\u00e2ncias qu\u00edmicas que melhoram o humor e reduzem o estresse.<\/p>\n\n\n\n<p><strong>Siga seus pr\u00f3prios conselhos<\/strong><br>Coloque-se no lugar de um amigo e pergunte: &#8220;O que eu aconselharia se algu\u00e9m compartilhasse essa preocupa\u00e7\u00e3o comigo?&#8221; Essa perspectiva externa pode fornecer uma nova vis\u00e3o da situa\u00e7\u00e3o. A resili\u00eancia envolve adaptar-se \u00e0s mudan\u00e7as, superar obst\u00e1culos e aprender com desafios. Encare a incerteza como uma oportunidade de crescimento pessoal e profissional.<\/p>\n\n\n\n<p><strong>Seja gentil consigo mesmo<\/strong><br>N\u00e3o se compare excessivamente aos outros e seja gentil consigo mesmo. Lide com incertezas com paci\u00eancia. N\u00e3o existe um manual definitivo para enfrentar a incerteza; encontre sua abordagem \u00fanica.<\/p>\n\n\n\n<p><strong>Equil\u00edbrio entre trabalho e vida pessoal<\/strong><br>Mantenha um equil\u00edbrio saud\u00e1vel entre trabalho e vida pessoal. Tire tempo para atividades que trazem alegria e relaxamento. Isso ajuda a recarregar energias e manter uma perspectiva positiva, mesmo em tempos incertos no trabalho.<\/p>\n\n\n\n<p>Fonte R7<\/p>\n","protected":false},"excerpt":{"rendered":"<p>Descubra como gerenciar o estresse em ambientes de trabalho incertos, adotando estrat\u00e9gias para manter a sa\u00fade mental e o desempenho profissional Vivemos em uma era de mudan\u00e7as constantes, o que frequentemente resulta em incertezas, especialmente no&nbsp;ambiente de trabalho. O estresse pode surgir como uma rea\u00e7\u00e3o a essa incerteza. Aprender a lidar com o estresse em [&hellip;]<\/p>\n","protected":false},"author":8,"featured_media":20110,"comment_status":"closed","ping_status":"open","sticky":false,"template":"","format":"standard","meta":{"rop_custom_images_group":[],"rop_custom_messages_group":[],"rop_publish_now":"initial","rop_publish_now_accounts":[],"rop_publish_now_history":[],"rop_publish_now_status":"pending","footnotes":""},"categories":[239],"tags":[73],"class_list":["post-20109","post","type-post","status-publish","format-standard","has-post-thumbnail","hentry","category-bem-estar","tag-featured"],"amp_enabled":true,"_links":{"self":[{"href":"https:\/\/imais.online\/portal\/wp-json\/wp\/v2\/posts\/20109","targetHints":{"allow":["GET"]}}],"collection":[{"href":"https:\/\/imais.online\/portal\/wp-json\/wp\/v2\/posts"}],"about":[{"href":"https:\/\/imais.online\/portal\/wp-json\/wp\/v2\/types\/post"}],"author":[{"embeddable":true,"href":"https:\/\/imais.online\/portal\/wp-json\/wp\/v2\/users\/8"}],"replies":[{"embeddable":true,"href":"https:\/\/imais.online\/portal\/wp-json\/wp\/v2\/comments?post=20109"}],"version-history":[{"count":1,"href":"https:\/\/imais.online\/portal\/wp-json\/wp\/v2\/posts\/20109\/revisions"}],"predecessor-version":[{"id":20111,"href":"https:\/\/imais.online\/portal\/wp-json\/wp\/v2\/posts\/20109\/revisions\/20111"}],"wp:featuredmedia":[{"embeddable":true,"href":"https:\/\/imais.online\/portal\/wp-json\/wp\/v2\/media\/20110"}],"wp:attachment":[{"href":"https:\/\/imais.online\/portal\/wp-json\/wp\/v2\/media?parent=20109"}],"wp:term":[{"taxonomy":"category","embeddable":true,"href":"https:\/\/imais.online\/portal\/wp-json\/wp\/v2\/categories?post=20109"},{"taxonomy":"post_tag","embeddable":true,"href":"https:\/\/imais.online\/portal\/wp-json\/wp\/v2\/tags?post=20109"}],"curies":[{"name":"wp","href":"https:\/\/api.w.org\/{rel}","templated":true}]}}