{"id":20134,"date":"2023-10-27T14:48:15","date_gmt":"2023-10-27T17:48:15","guid":{"rendered":"https:\/\/imais.online\/portal\/?p=20134"},"modified":"2023-10-27T14:48:15","modified_gmt":"2023-10-27T17:48:15","slug":"mais-de-200-mil-menores-na-espanha-podem-ter-sido-vitimas-de-abusos-sexuais-de-religiosos","status":"publish","type":"post","link":"https:\/\/imais.online\/portal\/mais-de-200-mil-menores-na-espanha-podem-ter-sido-vitimas-de-abusos-sexuais-de-religiosos\/","title":{"rendered":"Mais de 200 mil menores na Espanha podem ter sido v\u00edtimas de abusos sexuais de religiosos"},"content":{"rendered":"<div class=\"imais-before-content-placement\" id=\"imais-2415963003\"><script async src=\"\/\/pagead2.googlesyndication.com\/pagead\/js\/adsbygoogle.js?client=ca-pub-8787528412751566\" crossorigin=\"anonymous\"><\/script><ins class=\"adsbygoogle\" style=\"display:block;\" data-ad-client=\"ca-pub-8787528412751566\" \ndata-ad-slot=\"\" \ndata-ad-format=\"auto\"><\/ins>\n<script> \n(adsbygoogle = window.adsbygoogle || []).push({}); \n<\/script>\n<\/div>\n<h2 class=\"wp-block-heading\">Dados foram levantados em uma investiga\u00e7\u00e3o independente; casos remontam \u00e0 d\u00e9cada de 1940<\/h2>\n\n\n\n<p>O n\u00famero de menores que teriam sofrido abusos sexuais por parte de religiosos cat\u00f3licos na Espanha desde 1940 seria superior a 200.000, de acordo com um primeiro grande relat\u00f3rio divulgado nesta sexta-feira (27) por uma comiss\u00e3o independente sobre este flagelo no pa\u00eds, onde as v\u00edtimas denunciam h\u00e1 anos a omiss\u00e3o da Igreja Cat\u00f3lica.<\/p>\n\n\n\n<p>O informe n\u00e3o fornece um n\u00famero exato, mas inclui um pesquisa feita a pedido da comiss\u00e3o com a participa\u00e7\u00e3o de 8.000 pessoas, segundo a qual 0,6% da popula\u00e7\u00e3o adulta espanhola (em torno de 39 milh\u00f5es de pessoas no total) afirmou ter sofrido abuso sexual por parte de membros da Igreja Cat\u00f3lica quando eram menores.<\/p>\n\n\n\n<p>A marca aumenta para 1,13% (mais de 400 mil pessoas) deste grupo quando se contabilizam abusos cometidos por laicos em ambientes religiosos, detalhou em uma coletiva de imprensa \u00c1ngel Gabilondo, Defensor do Povo, que coordenou a comiss\u00e3o que atuou na elabora\u00e7\u00e3o do relat\u00f3rio por um ano e meio.<\/p>\n\n\n\n<p>Gabilondo, ex-ministro da Educa\u00e7\u00e3o socialista, afirmou que houve casos desde a d\u00e9cada de 1940, mas que a maior parte deles ocorreu entre 1970 e 1990.<\/p>\n\n\n\n<p>A comiss\u00e3o de especialistas entrevistou 487 v\u00edtimas de abusos sexuais, que ressaltaram &#8220;os problemas emocionais&#8221; causados, como o estresse p\u00f3s-traum\u00e1tico, que atingiu um ter\u00e7o deles, relatou o Defensor.<\/p>\n\n\n\n<p>Para ele, que nesta sexta-feira fez a entrega oficial do material de mais de 700 p\u00e1ginas ao Congresso espanhol \u2014 que o encomendou em mar\u00e7o de 2022 \u2014, o texto \u00e9 uma &#8220;resposta&#8221; ao &#8220;sofrimento e \u00e0 solid\u00e3o&#8221; dos afetados.<\/p>\n\n\n\n<p><strong>&#8220;NEGA\u00c7\u00c3O DOS ABUSOS&#8221;<\/strong><br>Diferentemente do que houve na Fran\u00e7a, Alemanha, Irlanda, Estados Unidos ou Austr\u00e1lia, nunca houve a publica\u00e7\u00e3o de resultados de uma investiga\u00e7\u00e3o sobre pedofilia no clero da Espanha, pa\u00eds tradicionalmente cat\u00f3lico.<\/p>\n\n\n\n<p>Na Fran\u00e7a, foram registrados 216.000 menores v\u00edtimas desde 1950; na Alemanha, 3.677 casos entre 1946 e 2014; e na Irlanda, mais de 14.500 pessoas foram indenizadas.<\/p>\n\n\n\n<p>Na Igreja Cat\u00f3lica espanhola &#8220;lamentavelmente durante muitos anos houve o predom\u00ednio de certa nega\u00e7\u00e3o dos abusos ou oculta\u00e7\u00e3o ou prote\u00e7\u00e3o dos abusadores&#8221;, denunciou o Defensor do Povo.<\/p>\n\n\n\n<p>O relat\u00f3rio tamb\u00e9m recomenda &#8220;a cria\u00e7\u00e3o de um fundo estatal para o pagamento de indeniza\u00e7\u00f5es&#8221; \u00e0s v\u00edtimas, acrescentou.<\/p>\n\n\n\n<p>A Igreja Cat\u00f3lica, que por anos recusou a participa\u00e7\u00e3o em pesquisas, rejeitou participar da comiss\u00e3o, embora tenha fornecido documentos.<\/p>\n\n\n\n<p>A Confer\u00eancia Episcopal, que n\u00e3o reagiu de imediato ao relat\u00f3rio, convocou uma assembleia extraordin\u00e1ria para a pr\u00f3xima segunda-feira (30) para definir sua posi\u00e7\u00e3o.<\/p>\n\n\n\n<p>\u00c0 medida que a press\u00e3o pol\u00edtica aumentou, a Igreja anunciou em fevereiro de 2022 uma auditoria pr\u00f3pria e a encomendou a um escrit\u00f3rio de advogados, que planeja conclu\u00ed-la antes do fim do ano.<\/p>\n\n\n\n<p>A Igreja se defende dizendo que implementou protocolos de a\u00e7\u00e3o contra abusos e instalou escrit\u00f3rios de &#8220;prote\u00e7\u00e3o aos menores&#8221; nas dioceses.<\/p>\n\n\n\n<p><strong>&#8220;V\u00c1LVULA DE ESCAPE&#8221;<\/strong><br>A publica\u00e7\u00e3o do relat\u00f3rio era muito aguardada pelas v\u00edtimas.<\/p>\n\n\n\n<p>O documento &#8220;\u00e9 um reconhecimento p\u00fablico de que as situa\u00e7\u00f5es [os abusos] existem&#8221;, disse \u00e0 AFP Jos\u00e9 Alfonso Ruiz de Arcaute, que denunciou ass\u00e9dios sexuais de um frade em uma par\u00f3quia de Vit\u00f3ria, no Pa\u00eds Basco (norte), em 1982, quando tinha 13 anos.<\/p>\n\n\n\n<p>&#8220;Significa uma v\u00e1lvula de escape para as v\u00edtimas, porque por d\u00e9cadas fomos totalmente ignorados e minimizados, e este relat\u00f3rio deve servir de est\u00edmulo para que os poderes p\u00fablicos fa\u00e7am seu trabalho&#8221; de reparar os afetados, &#8220;j\u00e1 que a Igreja n\u00e3o o fez&#8221;, afirmou Juan Cuatrecasas.<\/p>\n\n\n\n<p>Cuatrecasas \u00e9 membro fundador da associa\u00e7\u00e3o Inf\u00e2ncia Roubada e pai de um jovem abusado por um professor em uma escola cat\u00f3lica na cidade basca de Bilbao, entre 2008 e 2010.<\/p>\n\n\n\n<p>A institui\u00e7\u00e3o colaborou estreitamente com a investiga\u00e7\u00e3o do Defensor do Povo e alegou que o presidente do escrit\u00f3rio de advogados contratado pela Igreja, Javier Cremades, pertence \u00e0 Opus Dei, uma congrega\u00e7\u00e3o cat\u00f3lica muito conservadora.<\/p>\n\n\n\n<p>Algumas v\u00edtimas pediram que o relat\u00f3rio sirva para que o Congresso produza uma lei para prestar assist\u00eancia e repara\u00e7\u00e3o \u00e0s v\u00edtimas.<\/p>\n\n\n\n<p>&#8220;Toda a dor que infligiram&#8221; n\u00e3o pode ser corrigida &#8220;apenas com palavras&#8221;, disse Francisco Javier M\u00e9ndez, abusado quando menor com o seu falecido irm\u00e3o g\u00eameo por um padre em um semin\u00e1rio em Le\u00f3n (noroeste), entre 1988 e 1989.&nbsp;<\/p>\n\n\n\n<p>Em 2022,&nbsp;<strong><a href=\"https:\/\/noticias.r7.com\/internacional\/igreja-catolica-da-espanha-contabiliza-mais-de-500-casos-de-abuso-sexual-de-menores-11032022\">a Igreja Cat\u00f3lica espanhola anunciou que registrou mais de 500 casos de abuso sexual de menores<\/a><\/strong>&nbsp;ocorridos na institui\u00e7\u00e3o e expressou seu desejo de encontrar a &#8220;verdade&#8221;. Na mesma \u00e9poca, o Congresso da Espanha aprovou a cria\u00e7\u00e3o de uma comiss\u00e3o de investiga\u00e7\u00e3o.<\/p>\n\n\n\n<p>Os escrit\u00f3rios abertos em 2020 pelas dioceses ou congrega\u00e7\u00f5es para receber essas den\u00fancias \u201creceberam informa\u00e7\u00f5es ou den\u00fancias sobre 506 casos\u201d, disse Luis Arg\u00fcello, secret\u00e1rio-geral da Confer\u00eancia Episcopal Espanhola (CEE), \u00e0 imprensa na \u00e9poca.<\/p>\n\n\n\n<p>O papa Francisco, mais de uma vez, veio a p\u00fablico pedir perd\u00e3o pelos crimes cometidos pela Igreja Cat\u00f3lica.<\/p>\n\n\n\n<p>Fonte R7 <\/p>\n","protected":false},"excerpt":{"rendered":"<p>Dados foram levantados em uma investiga\u00e7\u00e3o independente; casos remontam \u00e0 d\u00e9cada de 1940 O n\u00famero de menores que teriam sofrido abusos sexuais por parte de religiosos cat\u00f3licos na Espanha desde 1940 seria superior a 200.000, de acordo com um primeiro grande relat\u00f3rio divulgado nesta sexta-feira (27) por uma comiss\u00e3o independente sobre este flagelo no pa\u00eds, [&hellip;]<\/p>\n","protected":false},"author":8,"featured_media":20135,"comment_status":"closed","ping_status":"open","sticky":false,"template":"","format":"standard","meta":{"rop_custom_images_group":[],"rop_custom_messages_group":[],"rop_publish_now":"initial","rop_publish_now_accounts":[],"rop_publish_now_history":[],"rop_publish_now_status":"pending","footnotes":""},"categories":[212],"tags":[],"class_list":["post-20134","post","type-post","status-publish","format-standard","has-post-thumbnail","hentry","category-internacional"],"amp_enabled":true,"_links":{"self":[{"href":"https:\/\/imais.online\/portal\/wp-json\/wp\/v2\/posts\/20134","targetHints":{"allow":["GET"]}}],"collection":[{"href":"https:\/\/imais.online\/portal\/wp-json\/wp\/v2\/posts"}],"about":[{"href":"https:\/\/imais.online\/portal\/wp-json\/wp\/v2\/types\/post"}],"author":[{"embeddable":true,"href":"https:\/\/imais.online\/portal\/wp-json\/wp\/v2\/users\/8"}],"replies":[{"embeddable":true,"href":"https:\/\/imais.online\/portal\/wp-json\/wp\/v2\/comments?post=20134"}],"version-history":[{"count":1,"href":"https:\/\/imais.online\/portal\/wp-json\/wp\/v2\/posts\/20134\/revisions"}],"predecessor-version":[{"id":20136,"href":"https:\/\/imais.online\/portal\/wp-json\/wp\/v2\/posts\/20134\/revisions\/20136"}],"wp:featuredmedia":[{"embeddable":true,"href":"https:\/\/imais.online\/portal\/wp-json\/wp\/v2\/media\/20135"}],"wp:attachment":[{"href":"https:\/\/imais.online\/portal\/wp-json\/wp\/v2\/media?parent=20134"}],"wp:term":[{"taxonomy":"category","embeddable":true,"href":"https:\/\/imais.online\/portal\/wp-json\/wp\/v2\/categories?post=20134"},{"taxonomy":"post_tag","embeddable":true,"href":"https:\/\/imais.online\/portal\/wp-json\/wp\/v2\/tags?post=20134"}],"curies":[{"name":"wp","href":"https:\/\/api.w.org\/{rel}","templated":true}]}}