{"id":20173,"date":"2023-10-30T10:09:59","date_gmt":"2023-10-30T13:09:59","guid":{"rendered":"https:\/\/imais.online\/portal\/?p=20173"},"modified":"2023-10-30T10:10:00","modified_gmt":"2023-10-30T13:10:00","slug":"exercito-israelense-anuncia-dezenas-de-mortes-de-terroristas-do-hamas","status":"publish","type":"post","link":"https:\/\/imais.online\/portal\/exercito-israelense-anuncia-dezenas-de-mortes-de-terroristas-do-hamas\/","title":{"rendered":"Ex\u00e9rcito israelense anuncia dezenas de mortes de terroristas do Hamas"},"content":{"rendered":"<div class=\"imais-before-content-placement\" id=\"imais-3190875928\"><script async src=\"\/\/pagead2.googlesyndication.com\/pagead\/js\/adsbygoogle.js?client=ca-pub-8787528412751566\" crossorigin=\"anonymous\"><\/script><ins class=\"adsbygoogle\" style=\"display:block;\" data-ad-client=\"ca-pub-8787528412751566\" \ndata-ad-slot=\"\" \ndata-ad-format=\"auto\"><\/ins>\n<script> \n(adsbygoogle = window.adsbygoogle || []).push({}); \n<\/script>\n<\/div>\n<h2 class=\"wp-block-heading\">Segundo as for\u00e7as israelenses, dezenas de terroristas foram mortos em pr\u00e9dios e t\u00faneis em Gaza<\/h2>\n\n\n\n<p>O Ex\u00e9rcito israelense informou nesta segunda-feira (30) que suas tropas mataram &#8220;dezenas&#8221; de combatentes em confrontos noturnos na&nbsp;<strong><a href=\"https:\/\/noticias.r7.com\/internacional\/populacao-da-faixa-de-gaza-invade-armazens-e-centros-de-ajuda-em-busca-de-alimentos-29102023\">Faixa de Gaza<\/a><\/strong>, bombardeada em resposta aos ataques violentos do Hamas em 7 de outubro.<\/p>\n\n\n\n<p>O grupo terrorista que controla o territ\u00f3rio palestino reportou &#8220;combates intensos&#8221; no norte do enclave, pela terceira noite consecutiva, depois que Israel intensificou as opera\u00e7\u00f5es terrestres com militares e tanques.<\/p>\n\n\n\n<p>O Ex\u00e9rcito de Israel afirmou que suas tropas &#8220;mataram dezenas de terroristas que estavam entrincheirados em edif\u00edcios e t\u00faneis e que tentaram atacar os soldados&#8221;.\u00a0<\/p>\n\n\n\n<p>Um ca\u00e7a atacou um edif\u00edcio &#8220;com mais de 20 terroristas do Hamas em seu interior&#8221;, afirma um comunicado militar.<\/p>\n\n\n\n<p>Um avi\u00e3o tamb\u00e9m bombardeou um ponto de lan\u00e7amento de m\u00edsseis antitanques na \u00e1rea da Universidade de Al Azhar. Al Azhar fica no centro da cidade de Gaza e \u00e9 um alvo dos ataques de Israel desde 7 de outubro.<\/p>\n\n\n\n<p>O Ex\u00e9rcito israelense afirmou que bombardeou mais de 600 alvos na Faixa de Gaza nas \u00faltimas 24 horas, incluindo dep\u00f3sitos de armas, dezenas de posi\u00e7\u00f5es de lan\u00e7amentos de m\u00edsseis antitanque, al\u00e9m de esconderijos.<\/p>\n\n\n\n<p>Fonte R7<\/p>\n","protected":false},"excerpt":{"rendered":"<p>Segundo as for\u00e7as israelenses, dezenas de terroristas foram mortos em pr\u00e9dios e t\u00faneis em Gaza O Ex\u00e9rcito israelense informou nesta segunda-feira (30) que suas tropas mataram &#8220;dezenas&#8221; de combatentes em confrontos noturnos na&nbsp;Faixa de Gaza, bombardeada em resposta aos ataques violentos do Hamas em 7 de outubro. O grupo terrorista que controla o territ\u00f3rio palestino [&hellip;]<\/p>\n","protected":false},"author":8,"featured_media":20174,"comment_status":"closed","ping_status":"open","sticky":false,"template":"","format":"standard","meta":{"rop_custom_images_group":[],"rop_custom_messages_group":[],"rop_publish_now":"initial","rop_publish_now_accounts":[],"rop_publish_now_history":[],"rop_publish_now_status":"pending","footnotes":""},"categories":[212],"tags":[],"class_list":["post-20173","post","type-post","status-publish","format-standard","has-post-thumbnail","hentry","category-internacional"],"amp_enabled":true,"_links":{"self":[{"href":"https:\/\/imais.online\/portal\/wp-json\/wp\/v2\/posts\/20173","targetHints":{"allow":["GET"]}}],"collection":[{"href":"https:\/\/imais.online\/portal\/wp-json\/wp\/v2\/posts"}],"about":[{"href":"https:\/\/imais.online\/portal\/wp-json\/wp\/v2\/types\/post"}],"author":[{"embeddable":true,"href":"https:\/\/imais.online\/portal\/wp-json\/wp\/v2\/users\/8"}],"replies":[{"embeddable":true,"href":"https:\/\/imais.online\/portal\/wp-json\/wp\/v2\/comments?post=20173"}],"version-history":[{"count":1,"href":"https:\/\/imais.online\/portal\/wp-json\/wp\/v2\/posts\/20173\/revisions"}],"predecessor-version":[{"id":20175,"href":"https:\/\/imais.online\/portal\/wp-json\/wp\/v2\/posts\/20173\/revisions\/20175"}],"wp:featuredmedia":[{"embeddable":true,"href":"https:\/\/imais.online\/portal\/wp-json\/wp\/v2\/media\/20174"}],"wp:attachment":[{"href":"https:\/\/imais.online\/portal\/wp-json\/wp\/v2\/media?parent=20173"}],"wp:term":[{"taxonomy":"category","embeddable":true,"href":"https:\/\/imais.online\/portal\/wp-json\/wp\/v2\/categories?post=20173"},{"taxonomy":"post_tag","embeddable":true,"href":"https:\/\/imais.online\/portal\/wp-json\/wp\/v2\/tags?post=20173"}],"curies":[{"name":"wp","href":"https:\/\/api.w.org\/{rel}","templated":true}]}}