{"id":20220,"date":"2023-11-03T10:53:57","date_gmt":"2023-11-03T13:53:57","guid":{"rendered":"https:\/\/imais.online\/portal\/?p=20220"},"modified":"2023-11-03T10:53:58","modified_gmt":"2023-11-03T13:53:58","slug":"primeira-fala-do-hezbollah-amplia-risco-de-guerra-de-israel-e-hamas-se-espalhar-pelo-oriente-medio","status":"publish","type":"post","link":"https:\/\/imais.online\/portal\/primeira-fala-do-hezbollah-amplia-risco-de-guerra-de-israel-e-hamas-se-espalhar-pelo-oriente-medio\/","title":{"rendered":"Primeira fala do Hezbollah amplia risco de guerra de Israel e Hamas se espalhar pelo Oriente M\u00e9dio"},"content":{"rendered":"<div class=\"imais-before-content-placement\" id=\"imais-563240659\"><script async src=\"\/\/pagead2.googlesyndication.com\/pagead\/js\/adsbygoogle.js?client=ca-pub-8787528412751566\" crossorigin=\"anonymous\"><\/script><ins class=\"adsbygoogle\" style=\"display:block;\" data-ad-client=\"ca-pub-8787528412751566\" \ndata-ad-slot=\"\" \ndata-ad-format=\"auto\"><\/ins>\n<script> \n(adsbygoogle = window.adsbygoogle || []).push({}); \n<\/script>\n<\/div>\n<h2 class=\"wp-block-heading\">Aliado de terroristas, Sayyed Nasrallah marcou pronunciamento cujo teor poder\u00e1 escalar conflito, que j\u00e1 tem mais de 10 mil mortos<\/h2>\n\n\n\n<p>O teor do discurso do l\u00edder do\u00a0<strong><a rel=\"noreferrer noopener\" href=\"https:\/\/noticias.r7.com\/internacional\/hezbollah-afirma-ter-bombardeado-19-posicoes-israelenses-02112023\" target=\"_blank\">Hezbollah<\/a><\/strong>, Sayyed Hassan Nasrallah, marcado para esta sexta-feira (3), provoca apreens\u00e3o no mundo pelo temor de que a guerra entre o Ex\u00e9rcito de Israel e o grupo terrorista palestino Hamas se espalhe pela regi\u00e3o. O tom do pronunciamento do chefe da organiza\u00e7\u00e3o extremista libanesa, aliada do Hamas, pode promover uma escalada nas tens\u00f5es e, em consequ\u00eancia, expandir os ataques com foguetes contra o Estado judeu.<\/p>\n\n\n\n<p>Esta ser\u00e1 a primeira vez que Nasrallah falar\u00e1 publicamente desde o in\u00edcio da guerra entre Israel e o Hamas, no dia 7 de outubro. O pronunciamento est\u00e1 previsto para acontecer \u00e0s 15h no hor\u00e1rio local (10h no hor\u00e1rio de Bras\u00edlia).<\/p>\n\n\n\n<p>A popula\u00e7\u00e3o do L\u00edbano est\u00e1 preocupada com o discurso, uma vez que o pa\u00eds tem um hist\u00f3rico de confrontos armados com Israel \u2014 todos, sempre, resultaram em grande destrui\u00e7\u00e3o. O sul liban\u00eas sofre significativamente mais com a resposta israelense do que qualquer outra regi\u00e3o do pa\u00eds, o que inclui uma ocupa\u00e7\u00e3o de 15 anos por Israel, entre 1985 e 2000.<\/p>\n\n\n\n<p>&#8220;Mesmo entre os apoiadores [de Nasrallah, l\u00edder do Hezbollah], h\u00e1 pessoas que sentem que [o sul] sempre lutou contra Israel [no passado] e que, neste momento, n\u00e3o estamos prontos para uma guerra&#8221;, afirmou \u00e0 emissora de TV \u00e1rabe Al Jazeera um homem identificado s\u00f3 como Mohamad, residente do sul do L\u00edbano. Ele n\u00e3o revelou o sobrenome, com medo de que o Hezbollah pudesse prejudic\u00e1-lo.<\/p>\n\n\n\n<h3 class=\"wp-block-heading\">Papel do Hezbollah na guerra<\/h3>\n\n\n\n<p>A viol\u00eancia entre Israel e o Hezbollah eclodiu pouco depois de o Hamas ter lan\u00e7ado um ataque-surpresa no sul de Israel, em que massacrou centenas de pessoas e sequestrou ao menos 239, segundo o \u00faltimo balan\u00e7o. Cerca de 1.400 pessoas foram assassinadas na ofensiva terrorista.<\/p>\n\n\n\n<p>O Estado judeu respondeu com bombardeios incessantes e o cerco total \u00e0 Faixa de Gaza, impedindo o acesso de palestinos a produtos b\u00e1sicos, como \u00e1gua, comida, medicamentos, energia el\u00e9trica e combust\u00edvel.<\/p>\n\n\n\n<p>Embora centenas de caminh\u00f5es com ajuda humanit\u00e1ria tenham entrado no territ\u00f3rio palestino pela passagem fronteiri\u00e7a de Rafah nas \u00faltimas semanas, Israel impediu a entrega de combust\u00edvel \u00e0 regi\u00e3o, alegando que isso poderia beneficiar o Hamas. Assim, v\u00e1rios hospitais tiveram que fechar as portas, e os poucos que ainda funcionam est\u00e3o realizando procedimentos sem anestesia.<\/p>\n\n\n\n<p>Nesta quinta-feira (2), o n\u00famero de mortos na Faixa de Gaza chegou a 9.061, incluindo 3.760 crian\u00e7as. Entre as v\u00edtimas est\u00e3o os palestinos mortos ap\u00f3s o ataque contra o campo de refugiados de Jabalia, no norte. Segundo o Minist\u00e9rio de Sa\u00fade de Gaza, 195 pessoas morreram e outras 777 ficaram feridas nessa ofensiva. Ao menos 120 pessoas est\u00e3o desaparecidas sob os escombros.<\/p>\n\n\n\n<p>Apesar dos crescentes apelos para um cessar-fogo, Israel afirmou que n\u00e3o deixar\u00e1 de atacar Gaza at\u00e9 erradicar o Hamas. Os terroristas palestinos formam o chamado &#8220;eixo de resist\u00eancia\u201d com o Hezbollah e outros grupos armados na regi\u00e3o, al\u00e9m do Ir\u00e3, que tem grande poder b\u00e9lico e patrocina essas organiza\u00e7\u00f5es.<\/p>\n\n\n\n<p>Nesta semana, o porta-voz do Minist\u00e9rio das Rela\u00e7\u00f5es Exteriores do Ir\u00e3, Nasser Kanaani, afirmou que Israel ultrapassou &#8220;todas as linhas vermelhas&#8221; na guerra contra o Hamas. \u00c9 poss\u00edvel que, em seu discurso, Nasrallah alerte Israel para reconsiderar a possibilidade de um cessar-fogo.<\/p>\n\n\n\n<h3 class=\"wp-block-heading\">Expectativa de refugiados palestinos<\/h3>\n\n\n\n<p>Apesar da ansiedade dos libaneses e da preocupa\u00e7\u00e3o de que Nasrallah intensifique os ataques contra Israel, refugiados palestinos no L\u00edbano afirmam que gostariam de presenciar a escalada da ofensiva por parte do Hezbollah. Ahed Bar, membro de um partido pol\u00edtico palestino no L\u00edbano, disse \u00e0 Al Jazeera que esperava que as imagens de crian\u00e7as mortas em Gaza obrigassem o &#8220;eixo da resist\u00eancia&#8221; a afrontar o Estado judeu a partir de m\u00faltiplas frentes, incluindo o L\u00edbano.<\/p>\n\n\n\n<p>&#8220;Esta \u00e9 a oportunidade de finalmente libertar a Palestina&#8221;, declarou ele de Sabra e Shatila, dois bairros que albergam um campo de refugiados na capital do L\u00edbano, Beirute. &#8220;As na\u00e7\u00f5es \u00e1rabes podem finalmente ajudar a Palestina, mas a maioria n\u00e3o faz nada.&#8221;<\/p>\n\n\n\n<p>O professor Mohannad Hage Ali, especialista em L\u00edbano do Carnegie Middle East Center, completou: &#8220;Milh\u00f5es de \u00e1rabes assistir\u00e3o ao discurso em todo o mundo. Eles ouvir\u00e3o o \u00fanico l\u00edder na regi\u00e3o que \u00e9 capaz de falar \u00e0 altura de sua raiva e desespero, dizendo que agir\u00e1 e apoiar\u00e1 os palestinos em Gaza, que enfrentam uma amea\u00e7a existencial de expuls\u00e3o&#8221;.<\/p>\n\n\n\n<p>Fonte R7<\/p>\n","protected":false},"excerpt":{"rendered":"<p>Aliado de terroristas, Sayyed Nasrallah marcou pronunciamento cujo teor poder\u00e1 escalar conflito, que j\u00e1 tem mais de 10 mil mortos O teor do discurso do l\u00edder do\u00a0Hezbollah, Sayyed Hassan Nasrallah, marcado para esta sexta-feira (3), provoca apreens\u00e3o no mundo pelo temor de que a guerra entre o Ex\u00e9rcito de Israel e o grupo terrorista palestino [&hellip;]<\/p>\n","protected":false},"author":8,"featured_media":20221,"comment_status":"closed","ping_status":"open","sticky":false,"template":"","format":"standard","meta":{"rop_custom_images_group":[],"rop_custom_messages_group":[],"rop_publish_now":"initial","rop_publish_now_accounts":[],"rop_publish_now_history":[],"rop_publish_now_status":"pending","footnotes":""},"categories":[212],"tags":[],"class_list":["post-20220","post","type-post","status-publish","format-standard","has-post-thumbnail","hentry","category-internacional"],"amp_enabled":true,"_links":{"self":[{"href":"https:\/\/imais.online\/portal\/wp-json\/wp\/v2\/posts\/20220","targetHints":{"allow":["GET"]}}],"collection":[{"href":"https:\/\/imais.online\/portal\/wp-json\/wp\/v2\/posts"}],"about":[{"href":"https:\/\/imais.online\/portal\/wp-json\/wp\/v2\/types\/post"}],"author":[{"embeddable":true,"href":"https:\/\/imais.online\/portal\/wp-json\/wp\/v2\/users\/8"}],"replies":[{"embeddable":true,"href":"https:\/\/imais.online\/portal\/wp-json\/wp\/v2\/comments?post=20220"}],"version-history":[{"count":1,"href":"https:\/\/imais.online\/portal\/wp-json\/wp\/v2\/posts\/20220\/revisions"}],"predecessor-version":[{"id":20222,"href":"https:\/\/imais.online\/portal\/wp-json\/wp\/v2\/posts\/20220\/revisions\/20222"}],"wp:featuredmedia":[{"embeddable":true,"href":"https:\/\/imais.online\/portal\/wp-json\/wp\/v2\/media\/20221"}],"wp:attachment":[{"href":"https:\/\/imais.online\/portal\/wp-json\/wp\/v2\/media?parent=20220"}],"wp:term":[{"taxonomy":"category","embeddable":true,"href":"https:\/\/imais.online\/portal\/wp-json\/wp\/v2\/categories?post=20220"},{"taxonomy":"post_tag","embeddable":true,"href":"https:\/\/imais.online\/portal\/wp-json\/wp\/v2\/tags?post=20220"}],"curies":[{"name":"wp","href":"https:\/\/api.w.org\/{rel}","templated":true}]}}